{"id":4201,"date":"2026-09-06T22:36:13","date_gmt":"2026-09-06T19:36:13","guid":{"rendered":"https:\/\/filan.am\/?p=4201"},"modified":"2026-09-06T22:36:14","modified_gmt":"2026-09-06T19:36:14","slug":"keskosvauva-jonka-peraan-kukaan-ei-tullut-sitten-195-senttinen-veteraani-arpisine-vapisevine-kasineen-kuiskasi-anna-minun-pitaa-hanta-sylissa-sairaanhoitaja-melkein-sanoi-ei-kunnes","status":"publish","type":"post","link":"https:\/\/filan.am\/?p=4201","title":{"rendered":"Keskosvauva, jonka per\u00e4\u00e4n kukaan ei tullut \u2013 sitten 195-senttinen veteraani arpisine, vapisevine k\u00e4sineen kuiskasi: &#171;Anna minun pit\u00e4\u00e4 h\u00e4nt\u00e4 syliss\u00e4.&#187; Sairaanhoitaja melkein sanoi ei, kunnes h\u00e4nen sotilasmerkkins\u00e4 livahti n\u00e4kyviin\u2026"},"content":{"rendered":"\n<p class=\"wp-block-paragraph\">Joka tiistai vastasyntyneiden teho-osastollemme ilmestyi kookas muukalainen vapisevine k\u00e4sineen ja vanhoine palovammojen arpineen ja kysyi ainoaa vauvaa, jota kukaan ei ollut k\u00e4ynyt katsomassa. Kun h\u00e4nen tunnuslaattansa lipesi kauluksen alta, ymm\u00e4rsin vihdoin, miksi h\u00e4n ei voinut pysy\u00e4 poissa. H\u00e4n kantoi mukanaan paitsi surua \u2013 se oli lupaus kuolevalle yst\u00e4v\u00e4lle, 26-vuotiaalle ja yh\u00e4 palkattomalle.<\/p>\n\n\n\n<p class=\"wp-block-paragraph\">OSA 1<br>Kun Elias Whitfield k\u00e4veli ensimm\u00e4ist\u00e4 kertaa Ridgeview&#8217;n lastensairaalan vastasyntyneiden teho-osastolle Cedar Fallsissa, Iowassa, oletin, ett\u00e4 joku oli l\u00e4hett\u00e4nyt h\u00e4net v\u00e4\u00e4r\u00e4\u00e4n kerrokseen.<\/p>\n\n\n\n<figure class=\"wp-block-image size-full\"><img loading=\"lazy\" decoding=\"async\" width=\"480\" height=\"633\" src=\"https:\/\/filan.am\/wp-content\/uploads\/2026\/09\/0022222222222.png\" alt=\"\" class=\"wp-image-4202\" srcset=\"https:\/\/filan.am\/wp-content\/uploads\/2026\/09\/0022222222222.png 480w, https:\/\/filan.am\/wp-content\/uploads\/2026\/09\/0022222222222-227x300.png 227w\" sizes=\"auto, (max-width: 480px) 100vw, 480px\" \/><\/figure>\n\n\n\n<p class=\"wp-block-paragraph\">Olin ty\u00f6skennellyt siell\u00e4 vastasyntyneiden hengitysterapeuttina kolmetoista vuotta, tarpeeksi kauan tiet\u00e4\u00e4kseni, miten useimmat vierailijat k\u00e4ytt\u00e4ytyv\u00e4t ovillamme. Uudet vanhemmat tulivat sis\u00e4\u00e4n suurin, peloissaan olevin silmin ja lyhyin askelin. Isovanhemmat ilmestyiv\u00e4t paikalle kahvikupit ja virkatut peitot k\u00e4dess\u00e4\u00e4n, aivan kuin pehmeytt\u00e4 voitaisiin antaa oven l\u00e4pi. Jopa koulutetut vapaaehtoiset halijamme ep\u00e4r\u00f6iv\u00e4t yleens\u00e4 kynnyksell\u00e4, ik\u00e4\u00e4n kuin ilma itsess\u00e4\u00e4n voisi mustelmoida.<\/p>\n\n\n\n<p class=\"wp-block-paragraph\">Elias ei ep\u00e4r\u00f6inyt.<\/p>\n\n\n\n<p class=\"wp-block-paragraph\">H\u00e4n oli 195 senttimetri\u00e4 pitk\u00e4 ja rakenteeltaan kuin mies, joka oli kolmekymment\u00e4 vuotta ottanut vastaan \u200b\u200bk\u00e4skyj\u00e4 ja antanut niit\u00e4. Viisikymment\u00e4kolmevuotias, vaikka silmien ymp\u00e4rill\u00e4 olevat rypyt saivat h\u00e4net n\u00e4ytt\u00e4m\u00e4\u00e4n l\u00e4hemm\u00e4s kuusikymment\u00e4viisivuotiaalta. Vaalea arpikudosnauha kulki kauluksen alta yl\u00f6s kaulan sivua pitkin, ja sit\u00e4 oli enemm\u00e4n molempien kyyn\u00e4rvarsien ymp\u00e4rill\u00e4. Iho oli parantunut paksuksi ja ep\u00e4tasaiseksi autopalosta, josta en koskaan kysynyt suoraan.<\/p>\n\n\n\n<p class=\"wp-block-paragraph\">H\u00e4nen k\u00e4tens\u00e4 huomasin eniten. Niin suuret, ett\u00e4 ne kytkiv\u00e4t lautasen k\u00e4mmenelle. Ja ne t\u00e4risiv\u00e4t. Jatkuvasti. Hieno, tahaton vapina, joka ei koskaan t\u00e4ysin loppunut, sellainen, jonka saa hermovauriosta, joka ei parane l\u00e4\u00e4k\u00e4rin antamassa aikataulussa.<\/p>\n\n\n\n<p class=\"wp-block-paragraph\">Mik\u00e4\u00e4n h\u00e4ness\u00e4 ei n\u00e4ytt\u00e4nyt silt\u00e4, \u200b\u200bett\u00e4 se kuuluisi metrin p\u00e4\u00e4h\u00e4n haudontalaitteesta, jossa oli vauva, joka oli niin pieni, ett\u00e4 mahtui talvihattuun.<\/p>\n\n\n\n<p class=\"wp-block-paragraph\">Mutta h\u00e4nen vapaaehtoisty\u00f6ntekij\u00e4n merkkins\u00e4 oli aito. H\u00e4n oli suorittanut kuuden viikon Comfort Care -koulutuksemme, l\u00e4p\u00e4issyt taustatarkastuksen ja kaksi psykologista seulontaa ja saanut hyv\u00e4ksynn\u00e4n vauvanpito-ohjelmaamme \u2013 se on rakennettu vauvoille, joiden vanhemmat eiv\u00e4t voineet olla l\u00e4sn\u00e4 ymp\u00e4ri vuorokauden.<\/p>\n\n\n\n<p class=\"wp-block-paragraph\">Tarkistin yh\u00e4 h\u00e4nen papereitaan p\u00f6yd\u00e4n \u00e4\u00e4ress\u00e4, kun huoneessa 9 oleva vauva alkoi itke\u00e4.<\/p>\n\n\n\n<p class=\"wp-block-paragraph\">Meill\u00e4 oli vain paikkamerkki h\u00e4nen potilaskertomuksessaan: Tytt\u00f6vauva Hollis.<\/p>\n\n\n\n<p class=\"wp-block-paragraph\">H\u00e4n oli syntynyt kymmenen viikkoa etuajassa, painaen puoli kiloa ja nelj\u00e4toista unssia, sen j\u00e4lkeen kun h\u00e4nen \u00e4itins\u00e4, 22-vuotias Melissa Hollis, oli synnytt\u00e4nyt ensiavun kylpyhuoneessa ja l\u00e4htenyt rakennuksesta yhdentoista tunnin sis\u00e4ll\u00e4 \u2013 ennen kuin sairaalan sosiaality\u00f6ntekij\u00e4 ehti saada yht\u00e4k\u00e4\u00e4n lomaketta allekirjoitettua. Is\u00e4\u00e4 ei ollut listattu. Ei isovanhempia, jotka olisivat soittaneet. Ei nime\u00e4, jonka olisi valinnut kukaan, joka rakasti h\u00e4nt\u00e4 tarpeeksi valitakseen sellaisen.<\/p>\n\n\n\n<p class=\"wp-block-paragraph\">Muilla osastomme vauvoilla oli paperista tehdyt syd\u00e4met teipattuina hautomalleihinsa ja pehmolelut odottamassa p\u00e4iv\u00e4\u00e4, jolloin he p\u00e4\u00e4sisiv\u00e4t kotiin. Tytt\u00f6vauva Hollisilla oli painettu henkil\u00f6llisyystodistusranneke ja valtion my\u00f6nt\u00e4m\u00e4 harmaa peitto.<\/p>\n\n\n\n<p class=\"wp-block-paragraph\">H\u00e4n oli my\u00f6s vieroitusoireissa. \u00c4idin potilaskertomuksessa ilmoitettiin opioidien k\u00e4yt\u00f6st\u00e4 raskauden aikana, ja vauvan el\u00e4m\u00e4n ensimm\u00e4iset kymmenen p\u00e4iv\u00e4\u00e4 olivat olleet yht\u00e4 pitk\u00e4\u00e4 taistelua omaa hermostoaan vastaan \u200b\u200b\u2013 jokainen \u00e4\u00e4ni liian kova, jokainen valonhetki liian ter\u00e4v\u00e4, jokainen kosketus, jopa hell\u00e4, sai h\u00e4nen pienet nyrkkins\u00e4 t\u00e4risem\u00e4\u00e4n ja h\u00e4nen sykkeens\u00e4 nousemaan yli 180:n.<\/p>\n\n\n\n<p class=\"wp-block-paragraph\">Sin\u00e4 aamuna olimme himment\u00e4neet valot, asettaneet h\u00e4net uudelleen, tarkistaneet jokaisen viivan kahdesti. H\u00e4n itki edelleen, oli laiha ja raivoissaan, \u00e4\u00e4ni liian suuri niin pienelle vartalolle.<\/p>\n\n\n\n<p class=\"wp-block-paragraph\">Elias k\u00e4\u00e4ntyi huonetta 9 kohti aivan kuin olisi kuullut nime\u00e4\u00e4n huudettavan.<\/p>\n\n\n\n<p class=\"wp-block-paragraph\">&#171;Onko tuo se vauva, joka tarvitsee vapaaehtoista pit\u00e4m\u00e4\u00e4n kiinni?&#187; h\u00e4n kysyi.<\/p>\n\n\n\n<p class=\"wp-block-paragraph\">&#171;H\u00e4n tarvitsee jonkun rauhallisen&#187;, sanoin. &#171;H\u00e4n s\u00e4ik\u00e4ht\u00e4\u00e4 melkein kaikesta. Etenemme hitaasti.&#187;<\/p>\n\n\n\n<p class=\"wp-block-paragraph\">H\u00e4n ny\u00f6kk\u00e4si. Sitten h\u00e4nen katseensa laskeutui omiin t\u00e4riseviin k\u00e4siins\u00e4, ja niin tekiv\u00e4t minunkin.<\/p>\n\n\n\n<p class=\"wp-block-paragraph\">En ole ylpe\u00e4 siit\u00e4, mit\u00e4 mieless\u00e4ni liikkui. Mietin, voisivatko noin ep\u00e4vakaat k\u00e4det turvallisesti tukea softball-palloa pienemp\u00e4\u00e4 kalloa. Mietin, voisivatko monitorin h\u00e4lytykset \u2013 ter\u00e4v\u00e4t, \u00e4killiset, l\u00e4\u00e4ketieteelliset \u2013 vet\u00e4\u00e4 h\u00e4net jonnekin, minne h\u00e4n ei olisi valmis palaamaan.<\/p>\n\n\n\n<p class=\"wp-block-paragraph\">\u201dJos et usko minun olevan valmis, sano se\u201d, Elias sanoi ennen kuin ehdin. \u201dEn ota sit\u00e4 henkil\u00f6kohtaisesti.\u201d<\/p>\n\n\n\n<p class=\"wp-block-paragraph\">Siin\u00e4 ei ollut puolustuskannalla ajattelua. Vain silkkaa rehellisyytt\u00e4, sellaista, joka sai kielt\u00e4ytymisen tuntumaan melkein loukkaukselta meit\u00e4 molempia kohtaan.<\/p>\n\n\n\n<p class=\"wp-block-paragraph\">\u201dYritet\u00e4\u00e4n\u201d, sanoin. \u201dMin\u00e4 j\u00e4\u00e4n t\u00e4h\u00e4n.\u201d<\/p>\n\n\n\n<p class=\"wp-block-paragraph\">H\u00e4n hankautui lavuaarissa, vesi valui h\u00e4nen horjuvista rystysist\u00e4\u00e4n, veti sitten p\u00e4\u00e4lleen puhtaan kylpytakin ja odotti, kun avasin inkubaattorin sivuportin.<\/p>\n\n\n\n<p class=\"wp-block-paragraph\">Heti kun h\u00e4nen sormenp\u00e4\u00e4ns\u00e4 kosketti patjan reunaa, pikkutytt\u00f6 Hollis kirkaisi kovemmin. H\u00e4nen monitorih\u00e4lytyksens\u00e4 soi. H\u00e4nen sykkeens\u00e4 nousi 194:\u00e4\u00e4n.<\/p>\n\n\n\n<p class=\"wp-block-paragraph\">Elias j\u00e4hmettyi, kuin jokin n\u00e4kym\u00e4t\u00f6n olisi laskeutunut h\u00e4nen hartioilleen.<\/p>\n\n\n\n<p class=\"wp-block-paragraph\">Kolmeen, nelj\u00e4\u00e4n, viiteen sekuntiin h\u00e4n ei liikkunut ollenkaan. H\u00e4nen katseensa oli mennyt jonnekin muualle \u2013 jonnekin, jossa oli erilaista h\u00e4lytyst\u00e4, erilaista kuumuutta. Olen ty\u00f6skennellyt tarpeeksi veteraanien perheiden kanssa tunnistaakseni tuon erityisen hiljaisuuden.<\/p>\n\n\n\n<p class=\"wp-block-paragraph\">&#171;Herra Whitfield, astukaa hetki taaksep\u00e4in&#187;, sanoin ja ojensin k\u00e4teni h\u00e4nen k\u00e4sivarrelleen.<\/p>\n\n\n\n<p class=\"wp-block-paragraph\">&#171;Antakaa minulle kymmenen sekuntia&#187;, h\u00e4n sanoi silm\u00e4t kiinni ja hengitti hitaasti nen\u00e4n kautta. &#171;Olkaa hyv\u00e4.&#187;<\/p>\n\n\n\n<p class=\"wp-block-paragraph\">Pidin k\u00e4tt\u00e4ni h\u00e4nen kyyn\u00e4rp\u00e4\u00e4ns\u00e4 l\u00e4hell\u00e4 ja annoin h\u00e4nelle kymmenen sekuntia.<\/p>\n\n\n\n<p class=\"wp-block-paragraph\">H\u00e4nen hartiansa laskivat. H\u00e4nen k\u00e4tens\u00e4 vapisivat jatkuvasti \u2013 se ei koskaan lakkaaed \u2013 mutta h\u00e4n nojasi silti taaksep\u00e4in hautomokoneen ylle.<\/p>\n\n\n\n<p class=\"wp-block-paragraph\">\u201dSelv\u00e4 on, kulta\u201d, h\u00e4n mumisi. \u201dKumpikaan meist\u00e4 ei pid\u00e4 h\u00e4lytyskelloista. Kai meill\u00e4 jo on jotain yhteist\u00e4.\u201d<\/p>\n\n\n\n<p class=\"wp-block-paragraph\">Sill\u00e4 hetkell\u00e4 vauvan itku, vain hetken, muuttui l\u00e4hemm\u00e4ksi hikkaa kuin kirkaisua.<\/p>\n\n\n\n<p class=\"wp-block-paragraph\">Ja sill\u00e4 hetkell\u00e4 n\u00e4in sen \u2013 ohuen hopeaketjun irtoavan h\u00e4nen kauluksensa alta h\u00e4nen nojautuessaan eteenp\u00e4in, ja sen p\u00e4\u00e4ss\u00e4, valossa, tuntolevy, johon ei ollut leimattu h\u00e4nen nime\u00e4\u00e4n lainkaan.<\/p>\n\n\n\n<p class=\"wp-block-paragraph\">Siin\u00e4 oli jonkun toisen tuntolevy.<\/p>\n\n\n\n<p class=\"wp-block-paragraph\">En tiennyt sit\u00e4 viel\u00e4, mutta se oli ensimm\u00e4inen merkki siit\u00e4, ettei t\u00e4m\u00e4 tarina koskaan oikeastaan \u200b\u200bkertonut paperilomakkeesta ja vapaaehtoisen merkist\u00e4. Se kertoi velasta, jonka muotoa en viel\u00e4 n\u00e4hnyt, ja miehest\u00e4, joka oli k\u00e4vellyt yksikk\u00f6\u00f6ni jo se mukanaan.<\/p>\n\n\n\n<p class=\"wp-block-paragraph\">OSA 2<br>En kysynyt tuntolevyst\u00e4 ensimm\u00e4isen\u00e4 p\u00e4iv\u00e4n\u00e4. T\u00e4ss\u00e4 ty\u00f6ss\u00e4 oppii, ett\u00e4 ihmiset n\u00e4ytt\u00e4v\u00e4t sinulle arpensa omalla ajallaan tai eiv\u00e4t ollenkaan.<\/p>\n\n\n\n<p class=\"wp-block-paragraph\">Elias palasi seuraavana tiistaina. Ja sit\u00e4 seuraavana tiistaina. Maaliskuun alussa, viisi viikkoa my\u00f6hemmin, hoitohenkil\u00f6kunta oli alkanut kutsua h\u00e4nt\u00e4 &#171;tiistain mieheksi&#187;, ja pikkutytt\u00f6 Hollis \u2013 jolla ei viel\u00e4k\u00e4\u00e4n ollut virallista nime\u00e4, vain sairaalanumero ja paikkamerkki valkotaululla \u2013 oli alkanut tehd\u00e4 jotain, mit\u00e4 kukaan meist\u00e4 ei odottanut.<\/p>\n\n\n\n<p class=\"wp-block-paragraph\">H\u00e4n lakkasi tappelemasta h\u00e4nt\u00e4 vastaan.<\/p>\n\n\n\n<p class=\"wp-block-paragraph\">Kesti nelj\u00e4 k\u00e4ynti\u00e4 ennen kuin h\u00e4n sieti miehen k\u00e4den lep\u00e4\u00e4v\u00e4n selk\u00e4\u00e4ns\u00e4 vasten ilman, ett\u00e4 h\u00e4nen sykkeens\u00e4 nousi. Viidenten\u00e4 p\u00e4iv\u00e4n\u00e4 h\u00e4n nukahti miehen rintaa vasten ihokontaktissa, koko h\u00e4nen kehonsa ei ollut suurempi kuin miehen kyyn\u00e4rp\u00e4\u00e4n ja k\u00e4mmenen v\u00e4linen tila. Mies piteli h\u00e4nt\u00e4 kuin kantaisi jotain, jonka pudottamista pelk\u00e4si ja viel\u00e4 enemm\u00e4n sit\u00e4, ettei sinua luotettaisi pit\u00e4m\u00e4\u00e4n.<\/p>\n\n\n\n<p class=\"wp-block-paragraph\">\u2013 Olet hyv\u00e4 t\u00e4ss\u00e4, sanoin h\u00e4nelle er\u00e4\u00e4n\u00e4 iltap\u00e4iv\u00e4n\u00e4 s\u00e4\u00e4t\u00e4ess\u00e4ni naisen nen\u00e4kanyyli\u00e4 h\u00e4nen istuessaan nojatuolissa, jota s\u00e4ilytimme huoneen 9 nurkassa.<\/p>\n\n\n\n<p class=\"wp-block-paragraph\">\u2013 Minulla oli harjoituksia kauan sitten, h\u00e4n sanoi. \u2013 Erilaisissa olosuhteissa.<\/p>\n\n\n\n<p class=\"wp-block-paragraph\">Siihen asti h\u00e4n useimpina p\u00e4ivin\u00e4 meni. En painostanut. Minulla oli oma el\u00e4m\u00e4 hoidettavana \u2013 asuntolaina Cedar Fallsissa, teini-ik\u00e4inen poika, joka tarvitsi kyydin j\u00e4\u00e4kiekkoharjoituksiin, is\u00e4 palvelutalossa nelj\u00e4nkymmenen minuutin p\u00e4\u00e4ss\u00e4, joka kutsui minua useammin kuin kerran edesmenneen \u00e4itini nimell\u00e4. Minulla ei ollut tilaa kantaa muiden ihmisten historiaa omieni p\u00e4\u00e4lle.<\/p>\n\n\n\n<p class=\"wp-block-paragraph\">Mutta huomasin asioita. Sekin kuuluu ty\u00f6h\u00f6n.<\/p>\n\n\n\n<p class=\"wp-block-paragraph\">Huomasin, ettei Elias koskaan aikatauluttanut k\u00e4yntej\u00e4\u00e4n mukavuuden mukaan \u2013 h\u00e4n tuli tiistaisin, koska tiistait olivat p\u00e4iv\u00e4, jolloin Melissa Hollisin tuomioistuimen m\u00e4\u00e4r\u00e4\u00e4mien huumehoitoilmoitusten piti tapahtua, sosiaality\u00f6ntekij\u00e4mme Priya Anandin yll\u00e4pit\u00e4m\u00e4n tiedoston mukaan. Huomasin, ett\u00e4 h\u00e4n kysyi Priyalta useammin kuin kerran, oliko \u00e4iti ottanut yhteytt\u00e4, muotoillen asian huolellisesti, kuin mies, joka kysyy jostakusta, jonka h\u00e4n ei saisi sanoa tuntevansa jo.<\/p>\n\n\n\n<p class=\"wp-block-paragraph\">Huomasin helmikuussa ylim\u00e4\u00e4r\u00e4isen laatikollisen keskosvauvojen vaippoja, jotka olivat maksettu omasta taskusta, kuitti taitettuna sis\u00e4\u00e4np\u00e4in ilman nime\u00e4 \u2013 kunnes Priya tunnisti k\u00e4sialan rahtikirjassa. Nelj\u00e4kymment\u00e4yksi dollaria ja vaihtoraha vauvasta, johon h\u00e4nell\u00e4 ei ollut mit\u00e4\u00e4n laillista oikeutta.<\/p>\n\n\n\n<p class=\"wp-block-paragraph\">Huomasin my\u00f6s, ett\u00e4 h\u00e4n l\u00e4hti aina ennen kuin Melissan odotettu sis\u00e4\u00e4nkirjautumisikkuna sulkeutui kello 16, aivan kuin mies tyhjent\u00e4isi huoneen ennen kuin jonkun muun oli m\u00e4\u00e4r\u00e4 saapua. Ja huomasin pienen virkatun pipon, joka ilmestyi Amaran inkubaattoriin er\u00e4\u00e4n\u00e4 aamuna helmikuun lopulla \u2013 ei sairaalan my\u00f6nt\u00e4m\u00e4, k\u00e4sin ommeltu vaaleankeltaisella, ilman korttia, ilman nime\u00e4. Kun kysyin p\u00e4iv\u00e4vuoron vapaaehtoisty\u00f6n koordinaattorilta asiasta, h\u00e4n vain kohautti olkap\u00e4it\u00e4\u00e4n ja sanoi, ett\u00e4 h\u00e4nen kokoinen mies oli kysynyt h\u00e4nelt\u00e4 l\u00e4hes nolostuneesti, vilustuvatko keskoset helpommin kuin muut vauvat.<\/p>\n\n\n\n<p class=\"wp-block-paragraph\">Ja maaliskuun puoliv\u00e4liss\u00e4 huomasin jotain muuta.<\/p>\n\n\n\n<p class=\"wp-block-paragraph\">Vauvatytt\u00f6 Hollisilla oli ollut rankka aamu, happipitoisuus laski, monitori huusi h\u00e4lytyst\u00e4\u00e4n yh\u00e4 uudelleen ja uudelleen, ja Elias istui h\u00e4nen kanssaan koko ajan mumisten samaa matalaa rytmi\u00e4, jota h\u00e4n aina k\u00e4ytti rauhoitellakseen h\u00e4nt\u00e4.<\/p>\n\n\n\n<p class=\"wp-block-paragraph\">Paitsi ett\u00e4 t\u00e4ll\u00e4 kertaa, huomaamattaan, h\u00e4n k\u00e4ytti nime\u00e4.<\/p>\n\n\n\n<p class=\"wp-block-paragraph\">&#171;Sain sinut kiinni, Ray&#187;, h\u00e4n sanoi. &#171;Sain sinut kiinni.&#187;<\/p>\n\n\n\n<p class=\"wp-block-paragraph\">Sitten h\u00e4n sai itsens\u00e4 kiinni. Koko h\u00e4nen kehonsa j\u00e4ykistyi, kuten miehen, joka sanoo \u00e4\u00e4neen jotain, mink\u00e4 h\u00e4n oli aikonut pit\u00e4\u00e4 haudattuna lopullisesti.<\/p>\n\n\n\n<p class=\"wp-block-paragraph\">&#171;Anteeksi&#187;, h\u00e4n sanoi nopeasti. &#171;Tottumuksen voima. Vanhan yst\u00e4v\u00e4n nimi.&#187;<\/p>\n\n\n\n<p class=\"wp-block-paragraph\">Annoin asian olla. Sanoin itselleni, ettei se ollut minun asiani.<\/p>\n\n\n\n<p class=\"wp-block-paragraph\">Mutta sin\u00e4 perjantaina Priya tuli etsim\u00e4\u00e4n minua taukohuoneesta pitelem\u00e4ss\u00e4 tulostetta piirikunnan perheoikeuden tietokannasta. H\u00e4nen kasvoillaan oli erityinen liikkumattomuus, joka vaikutti silt\u00e4 kuin olisi l\u00f6yt\u00e4nyt langan, josta h\u00e4n ei tiennyt, pit\u00e4isik\u00f6 h\u00e4nen vet\u00e4\u00e4 irti.<\/p>\n\n\n\n<p class=\"wp-block-paragraph\">\u201dClaire\u201d, h\u00e4n sanoi. \u201dMelissa Hollisin is\u00e4 \u2013 nimi h\u00e4nen syntym\u00e4todistuksessaan, l\u00e4himpien sukulaisten osiossa, ennen kuolemaansa \u2013 oli Raymond Hollis. Kaikki kutsuivat h\u00e4nt\u00e4 Rayksi.\u201d<\/p>\n\n\n\n<p class=\"wp-block-paragraph\">Tunsin jonkin kylm\u00e4n ja hitaan v\u00e4r\u00e4htelyn rintalastani takana.<\/p>\n\n\n\n<p class=\"wp-block-paragraph\">\u201dH\u00e4n oli merijalkav\u00e4en sotilas\u201d, Priya jatkoi. \u201dKuoli ulkomailla vuonna 2003. Melissa oli kaksivuotias.\u201d<\/p>\n\n\n\n<p class=\"wp-block-paragraph\">Ajattelin ketjussa olevaa tuntolevy\u00e4, joka ei ollut h\u00e4nen omansa ja lipsahti irti arpeutuneesta pannasta huoneessa 9. Ajattelin viisikymment\u00e4kolmevuotiasta miest\u00e4, joka s\u00e4ps\u00e4hti h\u00e4lytys\u00e4\u00e4nien edess\u00e4 kuin kranaatinheitintulen, ja joka kuiskasi kuolleen miehen nimen vauvalle, eik\u00e4 kukaan muu tullut hakemaan h\u00e4nt\u00e4.<\/p>\n\n\n\n<p class=\"wp-block-paragraph\">\u2013 Claire, Priya sanoi \u00e4\u00e4nt\u00e4\u00e4n madaltaen, \u2013 mielest\u00e4ni meid\u00e4n t\u00e4ytyy kysy\u00e4 herra Whitfieldilt\u00e4 tarkalleen, miten h\u00e4n l\u00f6ysi t\u00e4m\u00e4n vauvan.<\/p>\n\n\n\n<p class=\"wp-block-paragraph\">Samana iltap\u00e4iv\u00e4n\u00e4 sairaalan turvallisuushenkil\u00f6kunta soitti osastolle. Melissa Hollisin kuvausta vastaava nuori nainen oli n\u00e4hty k\u00e4velem\u00e4ss\u00e4 edestakaisin vierasparkkipaikalla l\u00e4hes kaksikymment\u00e4 minuuttia tuijottaen kolmannen kerroksen ikkunoita.<\/p>\n\n\n\n<p class=\"wp-block-paragraph\">Siihen menness\u00e4, kun kukaan oli ehtinyt ovelle, h\u00e4n oli jo poissa.<\/p>\n\n\n\n<p class=\"wp-block-paragraph\">OSA 3<br>Priya pyysi minua istumaan paikalle, kun h\u00e4n vihdoin kysyi Eliaselta suoraan. Luulen, ett\u00e4 h\u00e4n halusi todistajan. Luulen, ett\u00e4 h\u00e4n halusi my\u00f6s jonkun huoneeseen, joka oli n\u00e4hnyt h\u00e4nen pitelev\u00e4n vauvaa kuusi viikkoa ja voisi tarvittaessa vannoa, ettei se, mit\u00e4 h\u00e4n aikoi sanoa, ollut alkua jollekin vaaralliselle.<\/p>\n\n\n\n<p class=\"wp-block-paragraph\">L\u00f6ysimme h\u00e4net perheoleskelutilasta tiistai-iltap\u00e4iv\u00e4n\u00e4 maaliskuun lopulla k\u00e4\u00e4ntelem\u00e4ss\u00e4 taiteltua valokuvaa horjuvissa k\u00e4siss\u00e4\u00e4n edestakaisin katsomatta sit\u00e4 juurikaan.<\/p>\n\n\n\n<p class=\"wp-block-paragraph\">&#171;Herra Whitfield&#187;, Priya sanoi lempe\u00e4sti vet\u00e4en tuolin h\u00e4nen eteens\u00e4. &#171;Minun t\u00e4ytyy kysy\u00e4 sinulta jotakin, ja minun t\u00e4ytyy sinun olla rehellinen minulle, koska se vaikuttaa lapsen hyvinvointiin.&#187;<\/p>\n\n\n\n<p class=\"wp-block-paragraph\">H\u00e4n laski valokuvan kuvapuoli alasp\u00e4in polvelleen. &#171;Kysy.&#187;<\/p>\n\n\n\n<p class=\"wp-block-paragraph\">&#171;Onko yhteytesi t\u00e4m\u00e4n vauvan perheeseen henkil\u00f6kohtainen?&#187;<\/p>\n\n\n\n<p class=\"wp-block-paragraph\">H\u00e4n ei vastannut pitk\u00e4\u00e4n aikaan. Sitten h\u00e4n k\u00e4\u00e4nsi valokuvan ja liu&#8217;utti sen p\u00f6yd\u00e4n yli.<\/p>\n\n\n\n<p class=\"wp-block-paragraph\">Se oli vanha, v\u00e4ri hieman oranssiksi i\u00e4n my\u00f6t\u00e4. Kaksi nuorta miest\u00e4 aavikkopukuihin pukeutuneina, k\u00e4det toistensa hartioilla, siristellen silmi\u00e4\u00e4n kovaan auringonvaloon. Toinen heist\u00e4 oli kiistatta paljon nuorempi Elias. Toinen oli lyhyempi, j\u00e4ntev\u00e4 ja virnisteli kuin olisi juuri voittanut vedon.<\/p>\n\n\n\n<p class=\"wp-block-paragraph\">&#171;Tuo on Ray Hollis&#187;, Elias sanoi. &#171;Korpraali. Palvelimme yhdess\u00e4 Fallujan ulkopuolella vuonna 2003. Kaksikymment\u00e4kuusivuotias. H\u00e4nell\u00e4 oli vaimo kotona ja pieni tytt\u00f6, joka ei ollut viel\u00e4 edes kaksivuotias \u2013 Melissa.&#187;<\/p>\n\n\n\n<p class=\"wp-block-paragraph\">H\u00e4nen \u00e4\u00e4nens\u00e4 ei t\u00e4rissyt niin kuin h\u00e4nen k\u00e4tens\u00e4. Se pysyi tasaisena, kuin miehen, joka toistaa jotain, mit\u00e4 h\u00e4n oli sanonut itselleen kymmenentuhatta kertaa, jotta se ei murtaisi h\u00e4nt\u00e4 sanomalla sit\u00e4 \u00e4\u00e4neen.<\/p>\n\n\n\n<p class=\"wp-block-paragraph\">&#171;Ajoneuvoomme osui osuma sin\u00e4 vuonna huhtikuussa. Minut lenn\u00e4tettiin pois paikalta. Ray ei. H\u00e4n veti minut pois tulesta ennen kuin palasi hakemaan ampujaamme, ja se oli se osa, joka ei palannut h\u00e4nen mukanaan.&#187;<\/p>\n\n\n\n<p class=\"wp-block-paragraph\">H\u00e4n k\u00e4\u00e4nsi kyyn\u00e4rvarttaan paljastaen ranteesta kyyn\u00e4rp\u00e4\u00e4h\u00e4n ulottuvan uurteisen arpikudoksen. \u201dN\u00e4it\u00e4 raahataan, ne eiv\u00e4t anna periksi. Olen h\u00e4vennyt tuota laskutoimitusta 23 vuotta, eik\u00e4 se edes tule esiin.\u201d<\/p>\n\n\n\n<p class=\"wp-block-paragraph\">\u201dEnnen kuin h\u00e4n viimeksi l\u00e4hti\u201d, Elias jatkoi, \u201dRay pyysi minua huolehtimaan perheest\u00e4\u00e4n, jos h\u00e4nelle tapahtuisi jotain. Sanoin h\u00e4nelle, ettei mit\u00e4\u00e4n tulisi tapahtumaan. Olin v\u00e4\u00e4r\u00e4ss\u00e4, ja aikoin joka tapauksessa pit\u00e4\u00e4 lupaukseni. L\u00e4hetin rahaa muutaman vuoden ajan. Sitten Rayn vaimo kuoli yliannostukseen, kun Melissa oli yksitoista, ja Melissa joutui sijaisperheeseen, ja min\u00e4 kadotin langan. K\u00e4vin silloin omia taisteluitani \u2013 kaksi sairaalahoitoa traumaper\u00e4isen stressih\u00e4iri\u00f6n vuoksi, noin kahdeksan kuukauden jakso, jonka aikana minulla ei ollut itsell\u00e4ni vakituista osoitetta. En ollut miss\u00e4\u00e4n kunnossa kasvattamaan kenenk\u00e4\u00e4n tyt\u00e4rt\u00e4. Sanoin itselleni, ett\u00e4 l\u00f6yt\u00e4isin h\u00e4net uudelleen, kun olisin vakaa.\u201d<\/p>\n\n\n\n<p class=\"wp-block-paragraph\">\u201dSe vei aikansa\u201d, Priya sanoi. Ei ep\u00e4yst\u00e4v\u00e4llisesti.<\/p>\n\n\n\n<p class=\"wp-block-paragraph\">\u201dYhdeks\u00e4ntoista vuotta\u201d, Elias sanoi. \u201dLopulta l\u00f6ysin h\u00e4net Cedar Fallsiin tammikuussa er\u00e4\u00e4n sosiaality\u00f6ntekij\u00e4n kautta, joka aiemmin piti turvakotia, jossa p\u00e4\u00e4sin jaloilleni. H\u00e4n muisti Melissa Hollisin py\u00f6r\u00e4ilev\u00e4n vastaanottokeskuksessa kahdesti, kerran seitsem\u00e4ntoistavuotiaana ja kerran vuotta my\u00f6hemmin. Siihen menness\u00e4, kun tulin t\u00e4nne, h\u00e4n oli juuri synnytt\u00e4nyt etuajassa ja kadonnut sairaalasta. N\u00e4in Hollis-nimen valkotaululla huone 9:n ulkopuolella p\u00e4iv\u00e4n\u00e4, jona tulin vapaaehtoisten perehdytykseen, ja luulin menett\u00e4v\u00e4ni j\u00e4rkeni. Istuin kuorma-autossani t\u00e4ll\u00e4 parkkipaikalla nelj\u00e4kymment\u00e4 minuuttia ennen kuin sain itseni k\u00e4velem\u00e4\u00e4n sis\u00e4\u00e4n.\u201d<\/p>\n\n\n\n<p class=\"wp-block-paragraph\">\u201dMiksi ylip\u00e4\u00e4t\u00e4\u00e4n ryhty\u00e4 vapaaehtoiseksi sen sijaan, ett\u00e4 olisin vain pyyt\u00e4nyt n\u00e4hd\u00e4 h\u00e4nen tiedostonsa?\u201d Priya sanoi.<\/p>\n\n\n\n<p class=\"wp-block-paragraph\">\u201dKoska muukalainen, joka pyyt\u00e4\u00e4 tuntemattoman vauvaa, saa oven kiinni kasvojensa edest\u00e4\u201d, Elias sanoi. \u201dKoulutettu vapaaehtoinen saa tuolin huoneeseen. Ajattelin, ett\u00e4 ansaitsisin tieni totuuteen sen sijaan, ett\u00e4 vaatisin sit\u00e4.\u201d<\/p>\n\n\n\n<p class=\"wp-block-paragraph\">\u201dMiksi et sanonut mit\u00e4\u00e4n aiemmin?\u201d kysyin.<\/p>\n\n\n\n<p class=\"wp-block-paragraph\">\u2013 Koska heti kun sanon tunteneeni Ray Hollisin, t\u00e4m\u00e4 lakkaa olemasta tarina pelokkuudesta jalanj\u00e4ljiss\u00e4 olevasta nuoresta naisesta, Elias sanoi. \u2013 Siit\u00e4 tulee tarina vanhasta el\u00e4inl\u00e4\u00e4k\u00e4rist\u00e4, jolla on psykiatrinen kotiutushistoria ja joka yritt\u00e4\u00e4 kiinty\u00e4 vauvaan, joka ei ole h\u00e4nen. Olen n\u00e4hnyt, kuinka nopeasti ihmiset piirt\u00e4v\u00e4t rajoja kaltaiseni ihmisen ymp\u00e4rille. Halusin ansaita paikan siin\u00e4 huoneessa ennen kuin kukaan ehtii p\u00e4\u00e4tt\u00e4\u00e4, etten kuulu sinne.<\/p>\n\n\n\n<p class=\"wp-block-paragraph\">\u2013 On jotain muutakin, Elias lis\u00e4si ennen kuin Priya ehti vastata. \u2013 Olen laittanut kaksikymment\u00e4 dollaria viikossa s\u00e4\u00e4st\u00f6tilille Amaran sairaalatapausnumerolla helmikuusta l\u00e4htien. Se ei ole paljon. Se on se, mit\u00e4 minulla oli varaa. En halunnut, ett\u00e4 sit\u00e4 merkit\u00e4\u00e4n joksikin nimett\u00f6m\u00e4ksi mysteerilahjoittajajutuksi \u2013 haluan sen kirjattavaksi, nimell\u00e4ni, jotta kenenk\u00e4\u00e4n ei tarvitse my\u00f6hemmin ihmetell\u00e4, piilotinko rahaa samalla tavalla kuin piilotin kaiken muun.<\/p>\n\n\n\n<p class=\"wp-block-paragraph\">Priya oli hetken hiljaa, piirikunnan tietokannan tuloste oli edelleen heid\u00e4n v\u00e4liss\u00e4\u00e4n.<\/p>\n\n\n\n<p class=\"wp-block-paragraph\">\u2013 Uskon sinua, h\u00e4n sanoi lopulta. \u201dMutta minun on j\u00e4tett\u00e4v\u00e4 raportti t\u00e4st\u00e4 keskustelusta t\u00e4n\u00e4\u00e4n, koska Melissa n\u00e4htiin eilen t\u00e4m\u00e4n rakennuksen ulkopuolella, ja jos h\u00e4n ilmestyy uudelleen, oikeus haluaa tiet\u00e4\u00e4 tarkalleen kuka olet t\u00e4lle perheelle, ennen kuin kukaan p\u00e4\u00e4st\u00e4\u00e4 sinut en\u00e4\u00e4 l\u00e4helle sit\u00e4 vauvaa.\u201d<\/p>\n\n\n\n<p class=\"wp-block-paragraph\">Elias ny\u00f6kk\u00e4si kerran, kuin mies, joka hyv\u00e4ksyy tuomion, jota h\u00e4n oli jo odottanut.<\/p>\n\n\n\n<p class=\"wp-block-paragraph\">Sin\u00e4 iltana puhelimeni soi kello 21.40. Soittaja oli Priya.<\/p>\n\n\n\n<p class=\"wp-block-paragraph\">\u201dMelissa Hollis poimittiin kaksi tuntia sitten\u201d, h\u00e4n sanoi. \u201dLuvaton p\u00e4\u00e4sypuhelu, sairaalan lastauskopin takana\u201dg-telakka. H\u00e4n on piirikunnan vankilassa Grant Avenuella. Ja Claire \u2013 h\u00e4n pyyt\u00e4\u00e4 vauvaa nimell\u00e4, jota kukaan ei ole laittanut mihink\u00e4\u00e4n rekisteriin. H\u00e4n kutsuu h\u00e4nt\u00e4 Amaraksi.<\/p>\n\n\n\n<p class=\"wp-block-paragraph\">OSA 4<br>Melissa Hollisin syytteeseenpano oli m\u00e4\u00e4r\u00e4tty seuraavalle maanantaille, ja nelj\u00e4n p\u00e4iv\u00e4n aikana tuon puhelun ja kuulemisen v\u00e4lill\u00e4 katselin Elias Whitfieldin tekev\u00e4n jotain, mit\u00e4 en ollut n\u00e4hnyt h\u00e4nen tekev\u00e4n kuuteen viikkoon tiistaisin.<\/p>\n\n\n\n<p class=\"wp-block-paragraph\">Katselin h\u00e4nen ep\u00e4r\u00f6iv\u00e4n.<\/p>\n\n\n\n<p class=\"wp-block-paragraph\">H\u00e4n tuli edelleen sis\u00e4\u00e4n joka p\u00e4iv\u00e4 tuona viikkona, ei vain tavallisena tiistainsa, istuen tytt\u00f6vauva Hollisin \u2013 Amaran, vaikka mik\u00e4\u00e4n virallinen nimi ei viel\u00e4 kantanut sit\u00e4 \u2013 kanssa tuntikausia putkeen. Mutta h\u00e4n lakkasi kurottamasta h\u00e4nt\u00e4 kohti heti sis\u00e4\u00e4n astuessaan. H\u00e4n seisoi haudoskoneen vieress\u00e4 k\u00e4det l\u00f6ysin\u00e4 sivuillaan odottaen, ett\u00e4 min\u00e4 tai joku toinen sairaanhoitaja sanoisimme h\u00e4nelle, ett\u00e4 kaikki oli hyvin, ik\u00e4\u00e4n kuin h\u00e4nen oma arviointikykyns\u00e4 siit\u00e4, mit\u00e4 h\u00e4n ansaitsi, olisi mennyt ep\u00e4luotettavaksi.<\/p>\n\n\n\n<p class=\"wp-block-paragraph\">&#171;Sinulla on lupa pit\u00e4\u00e4 h\u00e4nt\u00e4 syliss\u00e4si&#187;, sanoin h\u00e4nelle torstaina.<\/p>\n\n\n\n<p class=\"wp-block-paragraph\">&#171;Olen kyll\u00e4&#187;, h\u00e4n sanoi. Se ei oikeastaan \u200b\u200bollut kysymys.<\/p>\n\n\n\n<p class=\"wp-block-paragraph\">H\u00e4n selitti sen minulle palasina tuon viikon aikana, kuten ihmiset selitt\u00e4v\u00e4t asioita, jotka pelottavat heit\u00e4 eniten \u2013 sivusilm\u00e4ll\u00e4, palasina, testaten, milt\u00e4 se kuulostaa \u00e4\u00e4neen, ennen kuin sitoutui sen koko muotoon.<\/p>\n\n\n\n<p class=\"wp-block-paragraph\">H\u00e4n halusi anoa tuomioistuimelta tunnustusta sukulaisuussuhteen tueksi \u2013 ei huoltajuudeksi, h\u00e4n tarkensi sit\u00e4 huolellisesti, ei l\u00e4hellek\u00e4\u00e4n, vaan viralliseksi, dokumentoiduksi rooliksi hyv\u00e4ksyttyn\u00e4 aikuisena tukihenkil\u00f6n\u00e4 Amaran el\u00e4m\u00e4ss\u00e4, kun Melissa ty\u00f6skenteli h\u00e4nen tapaussuunnitelmansa parissa. Priya vahvisti, ett\u00e4 kyseess\u00e4 oli todellinen oikeudellinen tie, mutta kapea, ja se tarkoitti, ett\u00e4 tuomari tarkastelisi kaikkea: h\u00e4nen kahta psykiatrista sairaalahoitoaan, kahdeksan kuukautta ilman vakaata asuntoa, h\u00e4nen VA:n vammaisuusluokituksensa PTSD:n vuoksi ja molempien k\u00e4sien hermovaurion, rattijuopumuksen, jonka h\u00e4n oli saanut kiinni yhdeks\u00e4n vuotta aiemmin juomisensa pahimman vaiheen aikana, nelj\u00e4 vuotta ennen kuin h\u00e4n raitti.<\/p>\n\n\n\n<p class=\"wp-block-paragraph\">&#171;He aikovat laittaa kaiken p\u00f6yd\u00e4lle avoimessa oikeudenk\u00e4ynniss\u00e4&#187;, h\u00e4n sanoi. &#171;Ja tuomari, joka ei ole koskaan tavannut minua, p\u00e4\u00e4tt\u00e4\u00e4, onko miehell\u00e4, joka ei ole pystynyt pit\u00e4m\u00e4\u00e4n omaa el\u00e4m\u00e4\u00e4ns\u00e4 koossa vuosikymmeneen, mit\u00e4\u00e4n asiaa seisoa jonkun toisen lapsen l\u00e4hell\u00e4.&#187;<\/p>\n\n\n\n<p class=\"wp-block-paragraph\">&#171;Pidit el\u00e4m\u00e4\u00e4si koossa viimeiset yhdeks\u00e4n vuotta&#187;, sanoin.<\/p>\n\n\n\n<p class=\"wp-block-paragraph\">&#171;Yhdeks\u00e4n vuotta ei poista tiedostoa&#187;, h\u00e4n sanoi. &#171;Se vain on sen p\u00e4\u00e4ll\u00e4.&#187;<\/p>\n\n\n\n<p class=\"wp-block-paragraph\">Halusin sanoa, ett\u00e4 minulla oli h\u00e4nelle jotain viisasta ja lohduttavaa kerrottavaa, mutta enimm\u00e4kseen vain kuuntelin, kuten olin oppinut tekem\u00e4\u00e4n yksik\u00f6n vanhempien kanssa, jotka kantoivat enemm\u00e4n kuin kenenk\u00e4\u00e4n yksin\u00e4\u00e4n pit\u00e4isi joutua kantamaan.<\/p>\n\n\n\n<p class=\"wp-block-paragraph\">Keskiviikkona l\u00f6ysin h\u00e4net parkkihallista ennen vuoroaan Comfort Care -ohjelmassa. H\u00e4n istui kuorma-autossaan puhelin korvalla ja puhui VA:n ty\u00f6ntekij\u00e4n kanssa psykiatristen tietojensa esiin nostamisesta kuulemista varten. Kuulin vasta lopun. &#171;Tied\u00e4n, mit\u00e4 se minulle maksaa, jos tuomari tulkitsee sen v\u00e4\u00e4rin&#187;, h\u00e4n sanoi. &#171;Mieluummin maksan sen minulle kuin h\u00e4nelle viel\u00e4 yhden vuoden ilman ket\u00e4\u00e4n.&#187; Kun h\u00e4n n\u00e4ki minut tuulilasin l\u00e4pi, h\u00e4n ei n\u00e4ytt\u00e4nyt nolostuneelta. H\u00e4n vain laski ikkunan alas ja sanoi: &#171;Voisi yht\u00e4 hyvin kuulla sen minulta k\u00e4yt\u00e4v\u00e4huhun sijaan.&#187;<\/p>\n\n\n\n<p class=\"wp-block-paragraph\">Mit\u00e4 Elias ei viel\u00e4 tiennyt \u2013 koska Priyalle ei ollut annettu lupaa kertoa h\u00e4nelle \u2013 oli se, ett\u00e4 Melissa oli viett\u00e4nyt kaksi p\u00e4iv\u00e4\u00e4 piirikunnan vankilassa kysyen jokaiselta vierailijalta samaa kysymyst\u00e4: oliko tiistaisin tullut mies todella se, joksi h\u00e4n luuli h\u00e4nen olevan. H\u00e4nen sijaisvanhempansa sosiaality\u00f6ntekij\u00e4, joka oli sijoittanut h\u00e4net kolmeen kotiin kahdessa osavaltiossa h\u00e4nen \u00e4itins\u00e4 kuoleman j\u00e4lkeen, muisti valokuvan, jonka Melissa oli pit\u00e4nyt nelj\u00e4ntoista vuoden i\u00e4st\u00e4 l\u00e4htien \u2013 nuori merijalkav\u00e4ensotilas k\u00e4sivartensa toisen nuoren miehen ymp\u00e4rill\u00e4 nauramassa auringossa.<\/p>\n\n\n\n<p class=\"wp-block-paragraph\">Melissa oli kasvanut uskoen, ett\u00e4 tuo mieskin oli kuollut.<\/p>\n\n\n\n<p class=\"wp-block-paragraph\">Sunnuntai-iltana Priya soitti minulle kotiin. \u201dMelissa on vapautettu ehdoilla \u2013 pakollinen avohoito, viikoittaiset huumetestit ja valvottu tapaaminen toistaiseksi. H\u00e4n tulee sairaalaan huomenna aamulla katsomaan vauvaa ensimm\u00e4ist\u00e4 kertaa l\u00e4ht\u00f6ns\u00e4 j\u00e4lkeen. Ja Claire \u2013 h\u00e4nelt\u00e4 on kysytty erityisesti, onko Elias paikalla.\u201d<\/p>\n\n\n\n<p class=\"wp-block-paragraph\">\u201dMit\u00e4 sanon h\u00e4nelle?\u201d<\/p>\n\n\n\n<p class=\"wp-block-paragraph\">\u201dK\u00e4ske h\u00e4nen tulla\u201d, Priya sanoi. \u201dMutta k\u00e4ske h\u00e4nen olla valmis. H\u00e4n ei halua n\u00e4hd\u00e4 tyt\u00e4rt\u00e4\u00e4n vain huomenna. H\u00e4n haluaa tiet\u00e4\u00e4, miksi mies, jota h\u00e4n piti tuntemattomana, on ollut ainoa paikalle ilmestynyt.\u201d<\/p>\n\n\n\n<p class=\"wp-block-paragraph\">Soitin Eliakselle sin\u00e4 iltana. H\u00e4n oli pitk\u00e4\u00e4n hiljaa linjan toisessa p\u00e4\u00e4ss\u00e4, niin kauan, ett\u00e4 tarkistin, oliko puhelu katkennut.<\/p>\n\n\n\n<p class=\"wp-block-paragraph\">\u201dOlen ollut kaksikymment\u00e4kuusi vuotta velkaa tuolle perheelle jotakin, mit\u00e4 en voinut antaa\u201d, h\u00e4n sanoi lopulta. \u201dHuomenna saan tiet\u00e4\u00e4, onko liian my\u00f6h\u00e4ist\u00e4 antaa se.\u201d<\/p>\n\n\n\n<p class=\"wp-block-paragraph\">OSA 5<br>Melissa Hollis saapui maanantaiaamuna kello 10.15 yll\u00e4\u00e4n valtion my\u00f6nt\u00e4m\u00e4 nilkkamittari farkkujensa alla ja takki, joka n\u00e4ytti kaksi numeroa liian isolta, aivan kuin se olisi kuulunut jonkun toisen el\u00e4m\u00e4\u00e4n. H\u00e4n oli pienempi kuin odotin \u2013 kaksikymment\u00e4kaksivuotias, mutta kantoi itse\u00e4\u00e4n kuin joku paljon nuorempi, hartiat sis\u00e4\u00e4np\u00e4in kumarassa, silm\u00e4t liikkuivat nopeasti huoneessa, kuten ihmiset tekev\u00e4t, kun he ovat oppineet olemaan luottamatta paikkaan, jossa pysy\u00e4 rauhallisena.<\/p>\n\n\n\n<p class=\"wp-block-paragraph\">Elias oli jo paikalla, kun h\u00e4n k\u00e4veli sis\u00e4\u00e4n, seisoen ikkunan l\u00e4hell\u00e4 ja antaen huoneelle niin paljon tilaa kuin h\u00e4nen kokoinen mies pystyi antamaan.<\/p>\n\n\n\n<p class=\"wp-block-paragraph\">Melissa pys\u00e4htyi juuri oven sis\u00e4puolelle. H\u00e4n katsoi ensin Amaraa hautsokammiossa \u2013 katsoi todella, l\u00e4hes kokonaisen minuutin ajan, toinen k\u00e4si lasia vasten painettuna. Sitten h\u00e4n katsoi Eliasta.<\/p>\n\n\n\n<p class=\"wp-block-paragraph\">&#171;Sin\u00e4 olet h\u00e4n&#187;, h\u00e4n sanoi. &#171;Kuvassa.&#187;<\/p>\n\n\n\n<p class=\"wp-block-paragraph\">&#171;Min\u00e4 olen h\u00e4n&#187;, Elias sanoi.<\/p>\n\n\n\n<p class=\"wp-block-paragraph\">&#171;\u00c4itini sanoi aina, ett\u00e4 sin\u00e4 kuolit is\u00e4ni kanssa.&#187;<\/p>\n\n\n\n<p class=\"wp-block-paragraph\">&#171;Minun olisi pit\u00e4nyt&#187;, Elias sanoi. \u2013 Olen pitk\u00e4\u00e4n yritt\u00e4nyt ansaita sen, ett\u00e4 olen v\u00e4\u00e4r\u00e4ss\u00e4 siin\u00e4.<\/p>\n\n\n\n<p class=\"wp-block-paragraph\">Melissan leuka puristui. \u2013 Miss\u00e4 olit? Olin yksitoista, kun \u00e4iti kuoli. K\u00e4vin kolmessa talossa ennen kuin t\u00e4ytin kolmetoista. Kukaan ei tullut.<\/p>\n\n\n\n<p class=\"wp-block-paragraph\">\u2013 Olin juuri silloin el\u00e4m\u00e4ni pahimmillaan, Elias sanoi, eik\u00e4 pehment\u00e4nyt sit\u00e4, ei pienent\u00e4nyt sit\u00e4. \u2013 Join itseni tyhjiksi ty\u00f6st\u00e4ni ja nukuin \u00f6in\u00e4 autossani. En ollut sopiva kasvattamaan kultakalaa, saati sitten is\u00e4si tyt\u00e4rt\u00e4. Sanoin itselleni, ett\u00e4 l\u00f6yt\u00e4isin sinut, kunhan saisin vakituisen ty\u00f6paikan. Se kesti kauemmin kuin olisi pit\u00e4nyt, ja sin\u00e4 maksoit jokaisesta vuodesta, jonka k\u00e4ytin.<\/p>\n\n\n\n<p class=\"wp-block-paragraph\">\u2013 Se ei ole anteeksipyynt\u00f6, Melissa sanoi. \u2013 Se on selitys.<\/p>\n\n\n\n<p class=\"wp-block-paragraph\">\u2013 Se on molempia, Elias sanoi. \u2013 En min\u00e4 saa p\u00e4\u00e4tt\u00e4\u00e4, kumman kuulet.<\/p>\n\n\n\n<p class=\"wp-block-paragraph\">\u2013 Rakastitko h\u00e4nt\u00e4? Melissa kysyi yht\u00e4kki\u00e4. \u2013 Is\u00e4\u00e4ni. Vai olitko vain h\u00e4nelle velkaa.<\/p>\n\n\n\n<p class=\"wp-block-paragraph\">Elias oli hetken hiljaa. \u201dMolemmat asiat voivat pit\u00e4\u00e4 paikkansa samasta henkil\u00f6st\u00e4, aivan kuten ne voivat pit\u00e4\u00e4 paikkansa sinusta ja minusta juuri nyt. Rakastin h\u00e4nt\u00e4 kuin velje\u00e4, ja olen h\u00e4nelle velkaa, jota maksan joka tapauksessa loppuel\u00e4m\u00e4ni. Kumpikaan ei kumoa toista.\u201d<\/p>\n\n\n\n<p class=\"wp-block-paragraph\">Huone oli hiljainen lukuun ottamatta Amaran n\u00e4yt\u00f6n pehme\u00e4\u00e4, tasaista sirin\u00e4\u00e4. Pysyin oven vieress\u00e4, tarpeeksi l\u00e4hell\u00e4 astuakseni sis\u00e4\u00e4n, tarpeeksi kaukana antaakseni hetken kuulua heille.<\/p>\n\n\n\n<p class=\"wp-block-paragraph\">\u201dJuoksin, koska tiesin, mit\u00e4 he sanoisivat minusta heti, kun h\u00e4n syntyisi etuajassa\u201d, Melissa sanoi \u00e4\u00e4ni murtuneena. \u201dAddikti\u00e4iti, ei tukea, ei suunnitelmaa. Ajattelin, ett\u00e4 h\u00e4n saisi paremmat mahdollisuudet perheeseen ilman, ett\u00e4 min\u00e4 ilmestyisin pilaamaan sit\u00e4. Niinp\u00e4 l\u00e4hdin. Ja sitten en voinut lakata palaamasta katsomaan h\u00e4nt\u00e4 parkkipaikan ikkunasta kuin jonkinlainen haamu.\u201d<\/p>\n\n\n\n<p class=\"wp-block-paragraph\">\u201dSinun ei tarvitse tiet\u00e4\u00e4 kaikkea t\u00e4t\u00e4 t\u00e4n\u00e4\u00e4n\u201d, Elias sanoi. \u201dMutta minun t\u00e4ytyy sinun tiet\u00e4\u00e4 jotain, ja minun t\u00e4ytyy sanoa se nyt, jonkun edess\u00e4, jotta en voi perua sit\u00e4 my\u00f6hemmin.\u201d<\/p>\n\n\n\n<p class=\"wp-block-paragraph\">H\u00e4n ny\u00f6kk\u00e4si minua kohti, \u00e4\u00e4nett\u00f6m\u00e4n\u00e4 todistajana t\u00e4lle.<\/p>\n\n\n\n<p class=\"wp-block-paragraph\">\u201dEn ole t\u00e4\u00e4ll\u00e4 viem\u00e4ss\u00e4 h\u00e4nt\u00e4 sinulta\u201d, h\u00e4n sanoi. \u201dTein is\u00e4llesi lupauksen, jonka olen maksanut v\u00e4\u00e4rin kahden vuosikymmenen ajan \u2013 rahaa paikalle tulemisen sijaan, et\u00e4isyytt\u00e4 rehellisyyden sijaan. En aio korjata sit\u00e4 yritt\u00e4m\u00e4ll\u00e4 tulla h\u00e4nen is\u00e4kseen sinun sijastasi. Haluan vedota oikeuteen, ett\u00e4 minut tunnustettaisiin h\u00e4nen sukulaisuussuhteensa tueksi, mik\u00e4 tarkoittaa valvottua aikaa h\u00e4nen kanssaan, dokumentoitua roolia h\u00e4nen el\u00e4m\u00e4ss\u00e4\u00e4n, jotakuta, jolle valtio voi soittaa, jos koskaan tarvitset apua kahdelta aamuy\u00f6ll\u00e4. Siin\u00e4 koko pyynt\u00f6. Ei mit\u00e4\u00e4n muuta.\u201d<\/p>\n\n\n\n<p class=\"wp-block-paragraph\">\u201dHe aikovat ottaa esiin kaiken, mit\u00e4 olet tehnyt\u201d, Melissa sanoi. \u201dSairaala pysyy. Juominen.\u201d<\/p>\n\n\n\n<p class=\"wp-block-paragraph\">\u201dHe ovat jo\u201d, Elias sanoi. \u201dP\u00e4\u00e4tin, ett\u00e4 se on hinta, jonka olen valmis maksamaan avoimessa oikeudenk\u00e4ynniss\u00e4, jotta sinun ei en\u00e4\u00e4 tarvitse kantaa t\u00e4t\u00e4 yksin. Se on edess\u00e4ni oleva valinta. Min\u00e4 teen sen.\u201d<\/p>\n\n\n\n<p class=\"wp-block-paragraph\">Melissa oli hiljaa pitk\u00e4\u00e4n ja katseli h\u00e4nt\u00e4 ja hautomokoppaa.<\/p>\n\n\n\n<p class=\"wp-block-paragraph\">\u2013 Jos tuomari sanoo ei, h\u00e4n sanoi, tarkoittaako se, ett\u00e4 katoat taas?<\/p>\n\n\n\n<p class=\"wp-block-paragraph\">\u2013 En, Elias sanoi. \u2013 Se tarkoittaa, ett\u00e4 ilmestyn sairaalaan tiistaisin joka p\u00e4iv\u00e4, aivan kuten t\u00e4h\u00e4nkin asti, niin kauan kuin te sallitte, oikeuden m\u00e4\u00e4r\u00e4yksest\u00e4 tai ilman. Ainoa asia, joka muuttuu, on paperity\u00f6.<\/p>\n\n\n\n<p class=\"wp-block-paragraph\">Melissan hartiat laskivat, aivan hieman, ensimm\u00e4isen kerran asennossa, jota ep\u00e4ilin h\u00e4nen pit\u00e4neen yksitoistavuotiaasta asti.<\/p>\n\n\n\n<p class=\"wp-block-paragraph\">\u2013 Pid\u00e4 sitten h\u00e4nest\u00e4 kiinni, h\u00e4n sanoi. \u2013 Ennen kuin kerrot minulle mit\u00e4\u00e4n muuta. Pid\u00e4 vain h\u00e4nest\u00e4 kiinni. Katsotaan, mit\u00e4 kuulen jatkuvasti.<\/p>\n\n\n\n<p class=\"wp-block-paragraph\">OSA 6<br>Sukulaisuuskuuleminen pidettiin torstaina huhtikuun lopulla pieness\u00e4 piirikunnan oikeussalissa, joka tuoksui vanhalta matolta ja kylm\u00e4lt\u00e4 kahvilta. Eliasilla oli yll\u00e4\u00e4n harmaa puku, joka ei t\u00e4ysin peitt\u00e4nyt h\u00e4nen kaulaansa kiivenneit\u00e4 arpia, ja h\u00e4n vastasi jokaiseen tuomarin esitt\u00e4m\u00e4\u00e4n kysymykseen ep\u00e4r\u00f6im\u00e4tt\u00e4 \u2013 sairaalahoidot, yhdeks\u00e4n vuoden takainen rattijuopumus, kahdeksan kuukautta ilman osoitetta, hermovaurio, joka sai h\u00e4net laskemaan vesilasinsa alas molemmilla k\u00e4sill\u00e4.<\/p>\n\n\n\n<p class=\"wp-block-paragraph\">&#171;En pyyd\u00e4 sinua j\u00e4tt\u00e4m\u00e4\u00e4n mit\u00e4\u00e4n siit\u00e4 huomiotta&#187;, h\u00e4n sanoi tuomarille toistaen l\u00e4hes t\u00e4sm\u00e4lleen sen, mit\u00e4 h\u00e4n oli sanonut Melissalle viikkoja aiemmin. &#171;Pyyd\u00e4n sinua punnitsemaan sit\u00e4 yhdeks\u00e4\u00e4 vuotta raittiina, dokumentoitua lupausta miehelle, joka kuoli pelastaessaan minut palavasta autosta, ja kuutta viikkoa, jonka t\u00e4m\u00e4 sairaala voi vahvistaa, ett\u00e4 saavuin hakemaan vauvaa, jota kukaan muu ei hakenut.&#187;<\/p>\n\n\n\n<p class=\"wp-block-paragraph\">Priya todisti. Min\u00e4 todistin. My\u00f6s sosiaality\u00f6ntekij\u00e4 turvakodista, jossa Elias oli rakentanut jalkansa uudelleen yksitoista vuotta aiemmin, ajoi kolme tuntia todistamaan.<\/p>\n\n\n\n<p class=\"wp-block-paragraph\">Tuomari hyv\u00e4ksyi valvotun sukulaisuustuen 90 p\u00e4iv\u00e4n kokeilujakson, johon sis\u00e4ltyi uudelleentarkastelu, ja asiakirjaan lis\u00e4ttiin merkint\u00e4, jossa tuomarien joskus itselleen sallimalla tavalla luki: T\u00e4m\u00e4 oikeus katsoo herra Whitfieldin historian olevan merkityksellinen, ei hylk\u00e4\u00e4v\u00e4 tekij\u00e4.<\/p>\n\n\n\n<p class=\"wp-block-paragraph\">Melissa aloitti pidemm\u00e4n aikav\u00e4lin laitoshoito-ohjelman seuraavalla viikolla. Ohjelmassa oli \u00e4iti ja vauva -seuranta, jonka avulla h\u00e4n saattoi pit\u00e4\u00e4 Amaran l\u00e4hell\u00e4\u00e4n t\u00e4m\u00e4n toipuessa. Elias ajoi 90 minuuttia vieraillakseen heid\u00e4n luonaan joka tiistai ja joka toinen lauantai, eik\u00e4 h\u00e4nen k\u00e4siens\u00e4 vapina koskaan t\u00e4ysin h\u00e4vinnyt, vaikka hoitolaitoksen sairaanhoitajat kertoivat Priyalle, ett\u00e4 h\u00e4n oli oppinut pit\u00e4m\u00e4\u00e4n pulloa vakaammin l\u00e4ikytt\u00e4m\u00e4tt\u00e4 sit\u00e4 \u2013 pieni edistysaskel, sellainen, jota kukaan ei laita otsikkoon, sellainen, joka todella pit\u00e4\u00e4 el\u00e4m\u00e4n koossa.<\/p>\n\n\n\n<p class=\"wp-block-paragraph\">N\u00e4in heid\u00e4t uudelleen elokuun lopulla, nelj\u00e4 kuukautta my\u00f6hemmin, Ridgeview&#8217;ssa Amaran keuhkosairauksien seurantak\u00e4ynnill\u00e4. H\u00e4n oli tuolloin seitsem\u00e4n kuukauden ik\u00e4inen, py\u00f6re\u00e4poskinen ja puristanut Eliaksen paitaa nyrkill\u00e4 voimalla, joka olisi yll\u00e4tt\u00e4nyt kenet tahansa, joka muisti, kuinka pieni h\u00e4n ennen oli.<\/p>\n\n\n\n<p class=\"wp-block-paragraph\">Melissa n\u00e4ytti my\u00f6s erilaiselta \u2013 vakaammalta jaloillaan, omien laskujensa mukaan kuusikymment\u00e4yksi p\u00e4iv\u00e4\u00e4 raittiina, ty\u00f6skennellen osa-aikaisesti kasvitarhalla l\u00e4hell\u00e4 hoitolaitosta. H\u00e4n s\u00e4ps\u00e4hti edelleen hieman sairaalan hajujen edess\u00e4, kuten ihmiset tekev\u00e4t, kun paikalla on liikaa historiaa. Mutta h\u00e4n tarttui Amaraan ep\u00e4r\u00f6im\u00e4tt\u00e4, kuten \u00e4iti tekee, kun h\u00e4n on lakannut valmistautumasta kuulemaan, ettei h\u00e4n saa.<\/p>\n\n\n\n<p class=\"wp-block-paragraph\">&#171;H\u00e4n ei viel\u00e4k\u00e4\u00e4n nuku, ellei joku pid\u00e4 k\u00e4tt\u00e4 h\u00e4nen sel\u00e4ll\u00e4\u00e4n&#187;, Melissa kertoi minulle ja asetti vauvan olkap\u00e4\u00e4t\u00e4\u00e4n vasten. &#171;Sama kuin silloin, kun h\u00e4n oli siin\u00e4 hautomossa.&#187;<\/p>\n\n\n\n<p class=\"wp-block-paragraph\">&#171;Jotkut asiat eiv\u00e4t muutu&#187;, Elias sanoi. &#171;Jotkut ihmiset vain oppivat olemaan parempia tulemassa heit\u00e4 varten.&#187;<\/p>\n\n\n\n<p class=\"wp-block-paragraph\">Melissa nauroi sille, lyhyesti, yll\u00e4ttyneesti, aivan kuin h\u00e4n ei olisi odottanut nauravansa sairaalan k\u00e4yt\u00e4v\u00e4ll\u00e4. &#171;H\u00e4n sanoo niin kaikille. Sairaanhoitajille. Tuomarille, luultavasti, jos he antaisivat h\u00e4nen.&#187;<\/p>\n\n\n\n<p class=\"wp-block-paragraph\">&#171;Sanoin sen tuomarille&#187;, Elias my\u00f6nsi. &#171;Sana sanalta. H\u00e4nk\u00e4\u00e4n ei nauranut.&#187;<\/p>\n\n\n\n<p class=\"wp-block-paragraph\">Ennen l\u00e4ht\u00f6\u00e4\u00e4n sin\u00e4 iltap\u00e4iv\u00e4n\u00e4 Elias kysyi, voisiko h\u00e4n n\u00e4ytt\u00e4\u00e4 minulle jotakin. H\u00e4n veti lompakostaan \u200b\u200bsaman kuluneen valokuvan \u2013 Ray Hollis, 26-vuotias, virnist\u00e4m\u00e4ss\u00e4 kovaan aavikon auringonvaloon \u2013 nyt uuden vieress\u00e4. Amara, seitsem\u00e4n kuukauden ik\u00e4inen, nukkumassa arpeutunutta kyyn\u00e4rvarttaan vasten, pieni nyrkki k\u00e4pertyneen\u00e4 tuntolaatan ymp\u00e4rille, joka ei ollut h\u00e4nen.<\/p>\n\n\n\n<p class=\"wp-block-paragraph\">&#171;H\u00e4nen toinen nimens\u00e4 on nyt Ray&#187;, h\u00e4n sanoi. &#171;Melissan idea, ei minun. Amara Ray Hollis.&#187;<\/p>\n\n\n\n<p class=\"wp-block-paragraph\">Ajattelen viel\u00e4kin joskus huonetta 9, milt\u00e4 se n\u00e4ytti sin\u00e4 ensimm\u00e4isen\u00e4 tiistaina \u2013 vauva ilman nime\u00e4, muukalainen, joka oli liian iso huoneeseen, ketju lupauksia, jotka mies antoi 23 vuotta aiemmin, eik\u00e4 koskaan lakannut maksamasta heille, yksi vapiseva, vakaa k\u00e4si kerrallaan.<\/p>\n\n\n\n<p class=\"wp-block-paragraph\">Vastuuvapauslauseke: T\u00e4m\u00e4 fiktiivinen tarina on tarkoitettu vain viihteeksi. Se ei edusta ket\u00e4\u00e4n henkil\u00f6\u00e4 tai organisaatiota eik\u00e4 kannusta sopimattomaan k\u00e4yt\u00f6kseen. Luotu teko\u00e4lyn avulla.<\/p>\n\n\n\n<p class=\"wp-block-paragraph\"><\/p>\n","protected":false},"excerpt":{"rendered":"Joka tiistai vastasyntyneiden teho-osastollemme ilmestyi kookas muukalainen vapisevine k\u00e4sineen ja vanhoine palovammojen arpineen ja kysyi ainoaa vauvaa, jota kukaan ei ollut k\u00e4ynyt katsomassa. \n<a class=\"moretag\" href=\"https:\/\/filan.am\/?p=4201\"> [...]<\/a>","protected":false},"author":1,"featured_media":4202,"comment_status":"open","ping_status":"open","sticky":false,"template":"","format":"standard","meta":{"footnotes":""},"categories":[1],"tags":[],"class_list":["post-4201","post","type-post","status-publish","format-standard","has-post-thumbnail","hentry","category-news"],"yoast_head":"<!-- This site is optimized with the Yoast SEO plugin v28.4 - https:\/\/yoast.com\/product\/yoast-seo-wordpress\/ -->\n<title>Keskosvauva, jonka per\u00e4\u00e4n kukaan ei tullut \u2013 sitten 195-senttinen veteraani arpisine, vapisevine k\u00e4sineen kuiskasi: &quot;Anna minun pit\u00e4\u00e4 h\u00e4nt\u00e4 syliss\u00e4.&quot; Sairaanhoitaja melkein sanoi ei, kunnes h\u00e4nen sotilasmerkkins\u00e4 livahti n\u00e4kyviin\u2026 -<\/title>\n<meta name=\"robots\" content=\"index, follow, max-snippet:-1, max-image-preview:large, max-video-preview:-1\" \/>\n<link rel=\"canonical\" href=\"https:\/\/filan.am\/?p=4201\" \/>\n<meta property=\"og:locale\" content=\"ru_RU\" \/>\n<meta property=\"og:type\" content=\"article\" \/>\n<meta property=\"og:title\" content=\"Keskosvauva, jonka per\u00e4\u00e4n kukaan ei tullut \u2013 sitten 195-senttinen veteraani arpisine, vapisevine k\u00e4sineen kuiskasi: &quot;Anna minun pit\u00e4\u00e4 h\u00e4nt\u00e4 syliss\u00e4.&quot; Sairaanhoitaja melkein sanoi ei, kunnes h\u00e4nen sotilasmerkkins\u00e4 livahti n\u00e4kyviin\u2026 -\" \/>\n<meta property=\"og:description\" content=\"Joka tiistai vastasyntyneiden teho-osastollemme ilmestyi kookas muukalainen vapisevine k\u00e4sineen ja vanhoine palovammojen arpineen ja kysyi ainoaa vauvaa, jota kukaan ei ollut k\u00e4ynyt katsomassa.\" \/>\n<meta property=\"og:url\" content=\"https:\/\/filan.am\/?p=4201\" \/>\n<meta property=\"article:published_time\" content=\"2026-09-06T19:36:13+00:00\" \/>\n<meta property=\"article:modified_time\" content=\"2026-09-06T19:36:14+00:00\" \/>\n<meta property=\"og:image\" content=\"https:\/\/filan.am\/wp-content\/uploads\/2026\/09\/0022222222222.png\" \/>\n\t<meta property=\"og:image:width\" content=\"480\" \/>\n\t<meta property=\"og:image:height\" content=\"633\" \/>\n\t<meta property=\"og:image:type\" content=\"image\/png\" \/>\n<meta name=\"author\" content=\"filanam\" \/>\n<meta name=\"twitter:card\" content=\"summary_large_image\" \/>\n<meta name=\"twitter:label1\" content=\"\u041d\u0430\u043f\u0438\u0441\u0430\u043d\u043e \u0430\u0432\u0442\u043e\u0440\u043e\u043c\" \/>\n\t<meta name=\"twitter:data1\" content=\"filanam\" \/>\n\t<meta name=\"twitter:label2\" content=\"\u041f\u0440\u0438\u043c\u0435\u0440\u043d\u043e\u0435 \u0432\u0440\u0435\u043c\u044f \u0434\u043b\u044f \u0447\u0442\u0435\u043d\u0438\u044f\" \/>\n\t<meta name=\"twitter:data2\" content=\"22 \u043c\u0438\u043d\u0443\u0442\u044b\" \/>\n<script type=\"application\/ld+json\" class=\"yoast-schema-graph\">{\"@context\":\"https:\\\/\\\/schema.org\",\"@graph\":[{\"@type\":\"Article\",\"@id\":\"https:\\\/\\\/filan.am\\\/?p=4201#article\",\"isPartOf\":{\"@id\":\"https:\\\/\\\/filan.am\\\/?p=4201\"},\"author\":{\"name\":\"filanam\",\"@id\":\"https:\\\/\\\/filan.am\\\/#\\\/schema\\\/person\\\/b51c4ec26a4fec8a4f9b3ae0356b8f23\"},\"headline\":\"Keskosvauva, jonka per\u00e4\u00e4n kukaan ei tullut \u2013 sitten 195-senttinen veteraani arpisine, vapisevine k\u00e4sineen kuiskasi: &#171;Anna minun pit\u00e4\u00e4 h\u00e4nt\u00e4 syliss\u00e4.&#187; Sairaanhoitaja melkein sanoi ei, kunnes h\u00e4nen sotilasmerkkins\u00e4 livahti n\u00e4kyviin\u2026\",\"datePublished\":\"2026-09-06T19:36:13+00:00\",\"dateModified\":\"2026-09-06T19:36:14+00:00\",\"mainEntityOfPage\":{\"@id\":\"https:\\\/\\\/filan.am\\\/?p=4201\"},\"wordCount\":4769,\"commentCount\":0,\"image\":{\"@id\":\"https:\\\/\\\/filan.am\\\/?p=4201#primaryimage\"},\"thumbnailUrl\":\"https:\\\/\\\/filan.am\\\/wp-content\\\/uploads\\\/2026\\\/09\\\/0022222222222.png\",\"articleSection\":[\"NEWS\"],\"inLanguage\":\"ru-RU\",\"potentialAction\":[{\"@type\":\"CommentAction\",\"name\":\"Comment\",\"target\":[\"https:\\\/\\\/filan.am\\\/?p=4201#respond\"]}]},{\"@type\":\"WebPage\",\"@id\":\"https:\\\/\\\/filan.am\\\/?p=4201\",\"url\":\"https:\\\/\\\/filan.am\\\/?p=4201\",\"name\":\"Keskosvauva, jonka per\u00e4\u00e4n kukaan ei tullut \u2013 sitten 195-senttinen veteraani arpisine, vapisevine k\u00e4sineen kuiskasi: \\\"Anna minun pit\u00e4\u00e4 h\u00e4nt\u00e4 syliss\u00e4.\\\" Sairaanhoitaja melkein sanoi ei, kunnes h\u00e4nen sotilasmerkkins\u00e4 livahti n\u00e4kyviin\u2026 -\",\"isPartOf\":{\"@id\":\"https:\\\/\\\/filan.am\\\/#website\"},\"primaryImageOfPage\":{\"@id\":\"https:\\\/\\\/filan.am\\\/?p=4201#primaryimage\"},\"image\":{\"@id\":\"https:\\\/\\\/filan.am\\\/?p=4201#primaryimage\"},\"thumbnailUrl\":\"https:\\\/\\\/filan.am\\\/wp-content\\\/uploads\\\/2026\\\/09\\\/0022222222222.png\",\"datePublished\":\"2026-09-06T19:36:13+00:00\",\"dateModified\":\"2026-09-06T19:36:14+00:00\",\"author\":{\"@id\":\"https:\\\/\\\/filan.am\\\/#\\\/schema\\\/person\\\/b51c4ec26a4fec8a4f9b3ae0356b8f23\"},\"breadcrumb\":{\"@id\":\"https:\\\/\\\/filan.am\\\/?p=4201#breadcrumb\"},\"inLanguage\":\"ru-RU\",\"potentialAction\":[{\"@type\":\"ReadAction\",\"target\":[\"https:\\\/\\\/filan.am\\\/?p=4201\"]}]},{\"@type\":\"ImageObject\",\"inLanguage\":\"ru-RU\",\"@id\":\"https:\\\/\\\/filan.am\\\/?p=4201#primaryimage\",\"url\":\"https:\\\/\\\/filan.am\\\/wp-content\\\/uploads\\\/2026\\\/09\\\/0022222222222.png\",\"contentUrl\":\"https:\\\/\\\/filan.am\\\/wp-content\\\/uploads\\\/2026\\\/09\\\/0022222222222.png\",\"width\":480,\"height\":633},{\"@type\":\"BreadcrumbList\",\"@id\":\"https:\\\/\\\/filan.am\\\/?p=4201#breadcrumb\",\"itemListElement\":[{\"@type\":\"ListItem\",\"position\":1,\"name\":\"\u0413\u043b\u0430\u0432\u043d\u0430\u044f \u0441\u0442\u0440\u0430\u043d\u0438\u0446\u0430\",\"item\":\"https:\\\/\\\/filan.am\\\/\"},{\"@type\":\"ListItem\",\"position\":2,\"name\":\"Keskosvauva, jonka per\u00e4\u00e4n kukaan ei tullut \u2013 sitten 195-senttinen veteraani arpisine, vapisevine k\u00e4sineen kuiskasi: &#171;Anna minun pit\u00e4\u00e4 h\u00e4nt\u00e4 syliss\u00e4.&#187; Sairaanhoitaja melkein sanoi ei, kunnes h\u00e4nen sotilasmerkkins\u00e4 livahti n\u00e4kyviin\u2026\"}]},{\"@type\":\"WebSite\",\"@id\":\"https:\\\/\\\/filan.am\\\/#website\",\"url\":\"https:\\\/\\\/filan.am\\\/\",\"name\":\"\",\"description\":\"\",\"potentialAction\":[{\"@type\":\"SearchAction\",\"target\":{\"@type\":\"EntryPoint\",\"urlTemplate\":\"https:\\\/\\\/filan.am\\\/?s={search_term_string}\"},\"query-input\":{\"@type\":\"PropertyValueSpecification\",\"valueRequired\":true,\"valueName\":\"search_term_string\"}}],\"inLanguage\":\"ru-RU\"},{\"@type\":\"Person\",\"@id\":\"https:\\\/\\\/filan.am\\\/#\\\/schema\\\/person\\\/b51c4ec26a4fec8a4f9b3ae0356b8f23\",\"name\":\"filanam\",\"image\":{\"@type\":\"ImageObject\",\"inLanguage\":\"ru-RU\",\"@id\":\"https:\\\/\\\/secure.gravatar.com\\\/avatar\\\/a24f4ac3a683f3c87303db525abc00db51ea26ccedee11dfaf1cc0f9a481a5d2?s=96&d=mm&r=g\",\"url\":\"https:\\\/\\\/secure.gravatar.com\\\/avatar\\\/a24f4ac3a683f3c87303db525abc00db51ea26ccedee11dfaf1cc0f9a481a5d2?s=96&d=mm&r=g\",\"contentUrl\":\"https:\\\/\\\/secure.gravatar.com\\\/avatar\\\/a24f4ac3a683f3c87303db525abc00db51ea26ccedee11dfaf1cc0f9a481a5d2?s=96&d=mm&r=g\",\"caption\":\"filanam\"},\"sameAs\":[\"http:\\\/\\\/filan.am\"],\"url\":\"https:\\\/\\\/filan.am\\\/?author=1\"}]}<\/script>\n<!-- \/ Yoast SEO plugin. -->","yoast_head_json":{"title":"Keskosvauva, jonka per\u00e4\u00e4n kukaan ei tullut \u2013 sitten 195-senttinen veteraani arpisine, vapisevine k\u00e4sineen kuiskasi: \"Anna minun pit\u00e4\u00e4 h\u00e4nt\u00e4 syliss\u00e4.\" Sairaanhoitaja melkein sanoi ei, kunnes h\u00e4nen sotilasmerkkins\u00e4 livahti n\u00e4kyviin\u2026 -","robots":{"index":"index","follow":"follow","max-snippet":"max-snippet:-1","max-image-preview":"max-image-preview:large","max-video-preview":"max-video-preview:-1"},"canonical":"https:\/\/filan.am\/?p=4201","og_locale":"ru_RU","og_type":"article","og_title":"Keskosvauva, jonka per\u00e4\u00e4n kukaan ei tullut \u2013 sitten 195-senttinen veteraani arpisine, vapisevine k\u00e4sineen kuiskasi: \"Anna minun pit\u00e4\u00e4 h\u00e4nt\u00e4 syliss\u00e4.\" Sairaanhoitaja melkein sanoi ei, kunnes h\u00e4nen sotilasmerkkins\u00e4 livahti n\u00e4kyviin\u2026 -","og_description":"Joka tiistai vastasyntyneiden teho-osastollemme ilmestyi kookas muukalainen vapisevine k\u00e4sineen ja vanhoine palovammojen arpineen ja kysyi ainoaa vauvaa, jota kukaan ei ollut k\u00e4ynyt katsomassa.","og_url":"https:\/\/filan.am\/?p=4201","article_published_time":"2026-09-06T19:36:13+00:00","article_modified_time":"2026-09-06T19:36:14+00:00","og_image":[{"width":480,"height":633,"url":"https:\/\/filan.am\/wp-content\/uploads\/2026\/09\/0022222222222.png","type":"image\/png"}],"author":"filanam","twitter_card":"summary_large_image","twitter_misc":{"\u041d\u0430\u043f\u0438\u0441\u0430\u043d\u043e \u0430\u0432\u0442\u043e\u0440\u043e\u043c":"filanam","\u041f\u0440\u0438\u043c\u0435\u0440\u043d\u043e\u0435 \u0432\u0440\u0435\u043c\u044f \u0434\u043b\u044f \u0447\u0442\u0435\u043d\u0438\u044f":"22 \u043c\u0438\u043d\u0443\u0442\u044b"},"schema":{"@context":"https:\/\/schema.org","@graph":[{"@type":"Article","@id":"https:\/\/filan.am\/?p=4201#article","isPartOf":{"@id":"https:\/\/filan.am\/?p=4201"},"author":{"name":"filanam","@id":"https:\/\/filan.am\/#\/schema\/person\/b51c4ec26a4fec8a4f9b3ae0356b8f23"},"headline":"Keskosvauva, jonka per\u00e4\u00e4n kukaan ei tullut \u2013 sitten 195-senttinen veteraani arpisine, vapisevine k\u00e4sineen kuiskasi: &#171;Anna minun pit\u00e4\u00e4 h\u00e4nt\u00e4 syliss\u00e4.&#187; Sairaanhoitaja melkein sanoi ei, kunnes h\u00e4nen sotilasmerkkins\u00e4 livahti n\u00e4kyviin\u2026","datePublished":"2026-09-06T19:36:13+00:00","dateModified":"2026-09-06T19:36:14+00:00","mainEntityOfPage":{"@id":"https:\/\/filan.am\/?p=4201"},"wordCount":4769,"commentCount":0,"image":{"@id":"https:\/\/filan.am\/?p=4201#primaryimage"},"thumbnailUrl":"https:\/\/filan.am\/wp-content\/uploads\/2026\/09\/0022222222222.png","articleSection":["NEWS"],"inLanguage":"ru-RU","potentialAction":[{"@type":"CommentAction","name":"Comment","target":["https:\/\/filan.am\/?p=4201#respond"]}]},{"@type":"WebPage","@id":"https:\/\/filan.am\/?p=4201","url":"https:\/\/filan.am\/?p=4201","name":"Keskosvauva, jonka per\u00e4\u00e4n kukaan ei tullut \u2013 sitten 195-senttinen veteraani arpisine, vapisevine k\u00e4sineen kuiskasi: \"Anna minun pit\u00e4\u00e4 h\u00e4nt\u00e4 syliss\u00e4.\" Sairaanhoitaja melkein sanoi ei, kunnes h\u00e4nen sotilasmerkkins\u00e4 livahti n\u00e4kyviin\u2026 -","isPartOf":{"@id":"https:\/\/filan.am\/#website"},"primaryImageOfPage":{"@id":"https:\/\/filan.am\/?p=4201#primaryimage"},"image":{"@id":"https:\/\/filan.am\/?p=4201#primaryimage"},"thumbnailUrl":"https:\/\/filan.am\/wp-content\/uploads\/2026\/09\/0022222222222.png","datePublished":"2026-09-06T19:36:13+00:00","dateModified":"2026-09-06T19:36:14+00:00","author":{"@id":"https:\/\/filan.am\/#\/schema\/person\/b51c4ec26a4fec8a4f9b3ae0356b8f23"},"breadcrumb":{"@id":"https:\/\/filan.am\/?p=4201#breadcrumb"},"inLanguage":"ru-RU","potentialAction":[{"@type":"ReadAction","target":["https:\/\/filan.am\/?p=4201"]}]},{"@type":"ImageObject","inLanguage":"ru-RU","@id":"https:\/\/filan.am\/?p=4201#primaryimage","url":"https:\/\/filan.am\/wp-content\/uploads\/2026\/09\/0022222222222.png","contentUrl":"https:\/\/filan.am\/wp-content\/uploads\/2026\/09\/0022222222222.png","width":480,"height":633},{"@type":"BreadcrumbList","@id":"https:\/\/filan.am\/?p=4201#breadcrumb","itemListElement":[{"@type":"ListItem","position":1,"name":"\u0413\u043b\u0430\u0432\u043d\u0430\u044f \u0441\u0442\u0440\u0430\u043d\u0438\u0446\u0430","item":"https:\/\/filan.am\/"},{"@type":"ListItem","position":2,"name":"Keskosvauva, jonka per\u00e4\u00e4n kukaan ei tullut \u2013 sitten 195-senttinen veteraani arpisine, vapisevine k\u00e4sineen kuiskasi: &#171;Anna minun pit\u00e4\u00e4 h\u00e4nt\u00e4 syliss\u00e4.&#187; Sairaanhoitaja melkein sanoi ei, kunnes h\u00e4nen sotilasmerkkins\u00e4 livahti n\u00e4kyviin\u2026"}]},{"@type":"WebSite","@id":"https:\/\/filan.am\/#website","url":"https:\/\/filan.am\/","name":"","description":"","potentialAction":[{"@type":"SearchAction","target":{"@type":"EntryPoint","urlTemplate":"https:\/\/filan.am\/?s={search_term_string}"},"query-input":{"@type":"PropertyValueSpecification","valueRequired":true,"valueName":"search_term_string"}}],"inLanguage":"ru-RU"},{"@type":"Person","@id":"https:\/\/filan.am\/#\/schema\/person\/b51c4ec26a4fec8a4f9b3ae0356b8f23","name":"filanam","image":{"@type":"ImageObject","inLanguage":"ru-RU","@id":"https:\/\/secure.gravatar.com\/avatar\/a24f4ac3a683f3c87303db525abc00db51ea26ccedee11dfaf1cc0f9a481a5d2?s=96&d=mm&r=g","url":"https:\/\/secure.gravatar.com\/avatar\/a24f4ac3a683f3c87303db525abc00db51ea26ccedee11dfaf1cc0f9a481a5d2?s=96&d=mm&r=g","contentUrl":"https:\/\/secure.gravatar.com\/avatar\/a24f4ac3a683f3c87303db525abc00db51ea26ccedee11dfaf1cc0f9a481a5d2?s=96&d=mm&r=g","caption":"filanam"},"sameAs":["http:\/\/filan.am"],"url":"https:\/\/filan.am\/?author=1"}]}},"_links":{"self":[{"href":"https:\/\/filan.am\/index.php?rest_route=\/wp\/v2\/posts\/4201","targetHints":{"allow":["GET"]}}],"collection":[{"href":"https:\/\/filan.am\/index.php?rest_route=\/wp\/v2\/posts"}],"about":[{"href":"https:\/\/filan.am\/index.php?rest_route=\/wp\/v2\/types\/post"}],"author":[{"embeddable":true,"href":"https:\/\/filan.am\/index.php?rest_route=\/wp\/v2\/users\/1"}],"replies":[{"embeddable":true,"href":"https:\/\/filan.am\/index.php?rest_route=%2Fwp%2Fv2%2Fcomments&post=4201"}],"version-history":[{"count":1,"href":"https:\/\/filan.am\/index.php?rest_route=\/wp\/v2\/posts\/4201\/revisions"}],"predecessor-version":[{"id":4203,"href":"https:\/\/filan.am\/index.php?rest_route=\/wp\/v2\/posts\/4201\/revisions\/4203"}],"wp:featuredmedia":[{"embeddable":true,"href":"https:\/\/filan.am\/index.php?rest_route=\/wp\/v2\/media\/4202"}],"wp:attachment":[{"href":"https:\/\/filan.am\/index.php?rest_route=%2Fwp%2Fv2%2Fmedia&parent=4201"}],"wp:term":[{"taxonomy":"category","embeddable":true,"href":"https:\/\/filan.am\/index.php?rest_route=%2Fwp%2Fv2%2Fcategories&post=4201"},{"taxonomy":"post_tag","embeddable":true,"href":"https:\/\/filan.am\/index.php?rest_route=%2Fwp%2Fv2%2Ftags&post=4201"}],"curies":[{"name":"wp","href":"https:\/\/api.w.org\/{rel}","templated":true}]}}