{"id":4164,"date":"2026-09-05T22:30:28","date_gmt":"2026-09-05T19:30:28","guid":{"rendered":"https:\/\/filan.am\/?p=4164"},"modified":"2026-09-05T22:30:29","modified_gmt":"2026-09-05T19:30:29","slug":"aitini-naki-vastasyntyneen-tyttareni-ensimmaista-kertaa-naytti-kauhistuneelta-ja-kaski-meidan-luovuttaa-hanet-kun-sain-tietaa-miksi-melkein-pyortyin","status":"publish","type":"post","link":"https:\/\/filan.am\/?p=4164","title":{"rendered":"\u00c4itini n\u00e4ki vastasyntyneen tytt\u00e4reni ensimm\u00e4ist\u00e4 kertaa, n\u00e4ytti kauhistuneelta ja k\u00e4ski meid\u00e4n luovuttaa h\u00e4net \u2013 kun sain tiet\u00e4\u00e4 miksi, melkein py\u00f6rtyin."},"content":{"rendered":"\n<p class=\"wp-block-paragraph\">Olin aina ajatellut olevani onnekas, koska anoppini Carol tuntui kuin toiselta \u00e4idilt\u00e4. H\u00e4n tuki minua raskauden aikana ja malttamattomana odotti tapaavansa tytt\u00e4rentytt\u00e4rens\u00e4. Sitten h\u00e4n k\u00e4veli sairaalahuoneeseeni, katsoi vastasyntyneen vauvani k\u00e4sivartta ja yht\u00e4kki\u00e4 kalpeni.<\/p>\n\n\n\n<p class=\"wp-block-paragraph\">Olen aina rakastanut anoppiani Carolia.<\/p>\n\n\n\n<p class=\"wp-block-paragraph\">Tied\u00e4n, ett\u00e4 ihmiset vitsailevat painajaismaisista \u00e4ideist\u00e4, mutta Carol ei koskaan ollut sellainen minua kohtaan. Alusta asti h\u00e4n kohteli minua kuin perheenj\u00e4sent\u00e4 yritt\u00e4m\u00e4tt\u00e4 kontrolloida minua.<\/p>\n\n\n\n<figure class=\"wp-block-image size-full\"><img loading=\"lazy\" decoding=\"async\" width=\"516\" height=\"639\" src=\"https:\/\/filan.am\/wp-content\/uploads\/2026\/09\/00000000000000002222222222.png\" alt=\"\" class=\"wp-image-4165\" srcset=\"https:\/\/filan.am\/wp-content\/uploads\/2026\/09\/00000000000000002222222222.png 516w, https:\/\/filan.am\/wp-content\/uploads\/2026\/09\/00000000000000002222222222-242x300.png 242w\" sizes=\"auto, (max-width: 516px) 100vw, 516px\" \/><\/figure>\n\n\n\n<p class=\"wp-block-paragraph\">Kun saimme tiet\u00e4\u00e4, ett\u00e4 meille oli tulossa tytt\u00f6, h\u00e4n tuli luoksemme vanhoissa verkkareissa ja auttoi meit\u00e4 maalaamaan lastenhuoneen vaaleanpunaiseksi.<\/p>\n\n\n\n<p class=\"wp-block-paragraph\">Kun lopulta soitin h\u00e4nelle uutisen kanssa, h\u00e4n itki niin kovasti, ett\u00e4 minun piti kysy\u00e4, oliko h\u00e4n kunnossa.<\/p>\n\n\n\n<p class=\"wp-block-paragraph\">Sen j\u00e4lkeen Carol meni t\u00e4ysin yli laidan.<\/p>\n\n\n\n<p class=\"wp-block-paragraph\">Kun saimme tiet\u00e4\u00e4, ett\u00e4 meille oli tulossa tytt\u00f6, h\u00e4n tuli luoksemme vanhoissa verkkareissa ja auttoi meit\u00e4 maalaamaan lastenhuoneen vaaleanpunaiseksi.<\/p>\n\n\n\n<p class=\"wp-block-paragraph\">Raskauteni kahden viimeisen kuukauden aikana h\u00e4n ilmestyi paikalle pataruokien kanssa ja kerran siivosi koko keitti\u00f6mme huutaen Darrenille, koska t\u00e4m\u00e4 oli laittanut valurautapannun astianpesukoneeseen.<\/p>\n\n\n\n<p class=\"wp-block-paragraph\">Synnytys kesti l\u00e4hes kaksikymment\u00e4 tuntia, ja lopussa t\u00e4risin uupumuksesta.<\/p>\n\n\n\n<p class=\"wp-block-paragraph\">&#171;Menit h\u00e4nen kanssaan naimisiin vapaaehtoisesti&#187;, h\u00e4n sanoi minulle.<\/p>\n\n\n\n<p class=\"wp-block-paragraph\">&#171;Olin nuori.&#187;<\/p>\n\n\n\n<p class=\"wp-block-paragraph\">Darren huusi toisesta huoneesta.<\/p>\n\n\n\n<p class=\"wp-block-paragraph\">&#171;Kuulen teid\u00e4t molemmat.&#187;<\/p>\n\n\n\n<p class=\"wp-block-paragraph\">Synnytys kesti l\u00e4hes kaksikymment\u00e4 tuntia, ja lopussa t\u00e4risin uupumuksesta.<\/p>\n\n\n\n<p class=\"wp-block-paragraph\">Sitten kuulin tytt\u00e4remme itkev\u00e4n.<\/p>\n\n\n\n<p class=\"wp-block-paragraph\">Vierailijoita ei p\u00e4\u00e4stetty heti sis\u00e4\u00e4n, joten ensimm\u00e4isen\u00e4 y\u00f6n\u00e4 hoitajia tuli ja meni, kun yritin nukkua.<\/p>\n\n\n\n<p class=\"wp-block-paragraph\">He asettivat h\u00e4net rintani p\u00e4\u00e4lle, ja aloin nyyhkytt\u00e4\u00e4.<\/p>\n\n\n\n<p class=\"wp-block-paragraph\">Darren suukotti otsaani.<\/p>\n\n\n\n<p class=\"wp-block-paragraph\">&#171;H\u00e4n on t\u00e4ydellinen.&#187;<\/p>\n\n\n\n<p class=\"wp-block-paragraph\">Annoimme h\u00e4nelle nimeksi Lily.<\/p>\n\n\n\n<p class=\"wp-block-paragraph\">Vierailijoita ei p\u00e4\u00e4stetty heti sis\u00e4\u00e4n, joten ensimm\u00e4isen\u00e4 y\u00f6n\u00e4 hoitajia tuli ja meni, kun yritin nukkua.<\/p>\n\n\n\n<p class=\"wp-block-paragraph\">Seuraavana aamuna Darren ilmestyi kantaen kukkia, vaikka olin kielt\u00e4nyt h\u00e4nt\u00e4 ostamasta mit\u00e4\u00e4n.<\/p>\n\n\n\n<p class=\"wp-block-paragraph\">Tunnin kuluttua Carol tuli sairaalahuoneen l\u00e4pi kantaen kahta kassia ja naurettavaa pehmoleluj\u00e4nist\u00e4.<\/p>\n\n\n\n<p class=\"wp-block-paragraph\">H\u00e4n nosti Lilyn syliins\u00e4 ja vain tuijotti h\u00e4nt\u00e4.<\/p>\n\n\n\n<p class=\"wp-block-paragraph\">Sitten Carol soitti.<\/p>\n\n\n\n<p class=\"wp-block-paragraph\">&#171;L\u00e4hden nyt&#187;, h\u00e4n sanoi.<\/p>\n\n\n\n<p class=\"wp-block-paragraph\">Tunnin kuluttua Carol tuli sairaalahuoneen l\u00e4pi kantaen kahta kassia ja naurettavaa pehmoleluj\u00e4nist\u00e4, joka oli melkein yht\u00e4 suuri kuin Lily.<\/p>\n\n\n\n<p class=\"wp-block-paragraph\">Sitten h\u00e4n k\u00e4\u00e4ntyi kohti vauvans\u00e4nky\u00e4.<\/p>\n\n\n\n<p class=\"wp-block-paragraph\">Huomasin sen, koska h\u00e4nen hymyns\u00e4 katosi.<\/p>\n\n\n\n<p class=\"wp-block-paragraph\">H\u00e4nen koko kasvonsa loistivat.<\/p>\n\n\n\n<p class=\"wp-block-paragraph\">&#171;Voi, rakas.&#187;<\/p>\n\n\n\n<p class=\"wp-block-paragraph\">H\u00e4n k\u00e4veli hitaasti luokse.<\/p>\n\n\n\n<p class=\"wp-block-paragraph\">Sitten Carol pys\u00e4htyi.<\/p>\n\n\n\n<p class=\"wp-block-paragraph\">Huomasin sen, koska h\u00e4nen hymyns\u00e4 katosi.<\/p>\n\n\n\n<p class=\"wp-block-paragraph\">H\u00e4n tuijotti Lilyn olkavartta.<\/p>\n\n\n\n<p class=\"wp-block-paragraph\">Ei haalistunut.<\/p>\n\n\n\n<p class=\"wp-block-paragraph\">Poistunut.<\/p>\n\n\n\n<p class=\"wp-block-paragraph\">H\u00e4n nojautui l\u00e4hemm\u00e4s.<\/p>\n\n\n\n<p class=\"wp-block-paragraph\">&#171;Carol?&#187;<\/p>\n\n\n\n<p class=\"wp-block-paragraph\">H\u00e4n ei vastannut.<\/p>\n\n\n\n<p class=\"wp-block-paragraph\">Siell\u00e4 oli pieni soikea l\u00e4ikk\u00e4, hieman tummempi kuin sit\u00e4 ymp\u00e4r\u00f6iv\u00e4 iho.<\/p>\n\n\n\n<p class=\"wp-block-paragraph\">H\u00e4n tuijotti Lilyn olkavartta.<\/p>\n\n\n\n<p class=\"wp-block-paragraph\">Siell\u00e4 oli pieni soikea l\u00e4ikk\u00e4, hieman tummempi kuin sit\u00e4 ymp\u00e4r\u00f6iv\u00e4 iho.<\/p>\n\n\n\n<p class=\"wp-block-paragraph\">Carol kosketti vauvans\u00e4nky\u00e4.<\/p>\n\n\n\n<p class=\"wp-block-paragraph\">&#171;Mainitsiko kukaan siit\u00e4?&#187;<\/p>\n\n\n\n<p class=\"wp-block-paragraph\">&#171;Mit\u00e4?&#187;<\/p>\n\n\n\n<p class=\"wp-block-paragraph\">Darren k\u00e4veli l\u00e4hemm\u00e4s.<\/p>\n\n\n\n<p class=\"wp-block-paragraph\">H\u00e4n osoitti.<\/p>\n\n\n\n<p class=\"wp-block-paragraph\">&#171;Se merkki.&#187;<\/p>\n\n\n\n<p class=\"wp-block-paragraph\">&#171;Ei.&#187;<\/p>\n\n\n\n<p class=\"wp-block-paragraph\">Darren k\u00e4veli l\u00e4hemm\u00e4s.<\/p>\n\n\n\n<p class=\"wp-block-paragraph\">&#171;Ent\u00e4 se?&#187;<\/p>\n\n\n\n<p class=\"wp-block-paragraph\">Carol katsoi h\u00e4nt\u00e4.<\/p>\n\n\n\n<p class=\"wp-block-paragraph\">&#171;T\u00e4m\u00e4 kuulostaa kamalalta.&#187;<\/p>\n\n\n\n<p class=\"wp-block-paragraph\">Sitten minua.<\/p>\n\n\n\n<p class=\"wp-block-paragraph\">V\u00e4ri haihtui h\u00e4nen kasvoiltaan.<\/p>\n\n\n\n<p class=\"wp-block-paragraph\">&#171;Carol, oletko kunnossa?&#187;<\/p>\n\n\n\n<p class=\"wp-block-paragraph\">H\u00e4n otti askeleen taaksep\u00e4in.<\/p>\n\n\n\n<p class=\"wp-block-paragraph\">Sitten toisen.<\/p>\n\n\n\n<p class=\"wp-block-paragraph\">&#171;T\u00e4m\u00e4 kuulostaa kamalalta.&#187;<\/p>\n\n\n\n<p class=\"wp-block-paragraph\">Vatsani puristui.<\/p>\n\n\n\n<p class=\"wp-block-paragraph\">&#171;Et voi pit\u00e4\u00e4 t\u00e4t\u00e4 pient\u00e4 tytt\u00f6\u00e4.&#187;<\/p>\n\n\n\n<p class=\"wp-block-paragraph\">&#171;Mik\u00e4 on?&#187;<\/p>\n\n\n\n<p class=\"wp-block-paragraph\">H\u00e4n katsoi suoraan minuun.<\/p>\n\n\n\n<p class=\"wp-block-paragraph\">&#171;Et voi pit\u00e4\u00e4 t\u00e4t\u00e4 pient\u00e4 tytt\u00f6\u00e4.&#187;<\/p>\n\n\n\n<p class=\"wp-block-paragraph\">&#171;\u00c4iti, mit\u00e4?&#187;<\/p>\n\n\n\n<p class=\"wp-block-paragraph\">&#171;Et voi. Et vain voi.&#187;<\/p>\n\n\n\n<p class=\"wp-block-paragraph\">\u201dCarol, mist\u00e4 sin\u00e4 puhut? T\u00e4m\u00e4 on sinun tytt\u00e4rentytt\u00e4resi.\u201d<\/p>\n\n\n\n<p class=\"wp-block-paragraph\">Darren astui h\u00e4nen ja vauvans\u00e4nkyns\u00e4 v\u00e4liin.<\/p>\n\n\n\n<p class=\"wp-block-paragraph\">\u201dTied\u00e4n.\u201d<\/p>\n\n\n\n<p class=\"wp-block-paragraph\">\u201dMiksi sitten sanoit jotain sellaista?\u201d<\/p>\n\n\n\n<p class=\"wp-block-paragraph\">Darren astui h\u00e4nen ja vauvans\u00e4nkyns\u00e4 v\u00e4liin.<\/p>\n\n\n\n<p class=\"wp-block-paragraph\">\u201d\u00c4iti.\u201d<\/p>\n\n\n\n<p class=\"wp-block-paragraph\">Carol osoitti yht\u00e4kki\u00e4 Lily\u00e4.<\/p>\n\n\n\n<p class=\"wp-block-paragraph\">\u201dKatso h\u00e4nen k\u00e4sivarttaan!\u201d<\/p>\n\n\n\n<p class=\"wp-block-paragraph\">\u201dMit\u00e4 tekemist\u00e4 syntym\u00e4merkill\u00e4 on mink\u00e4\u00e4n kanssa?\u201d<\/p>\n\n\n\n<p class=\"wp-block-paragraph\">H\u00e4nen \u00e4\u00e4nens\u00e4 murtui huudoksi.<\/p>\n\n\n\n<p class=\"wp-block-paragraph\">\u201dEt voi vied\u00e4 h\u00e4nt\u00e4 kotiin, ennen kuin joku tarkistaa tuon merkin. Ole kiltti. Luota minuun.\u201d<\/p>\n\n\n\n<p class=\"wp-block-paragraph\">\u201dMit\u00e4 tekemist\u00e4 syntym\u00e4merkill\u00e4 on mink\u00e4\u00e4n kanssa?\u201d<\/p>\n\n\n\n<p class=\"wp-block-paragraph\">Carol katsoi Darrenia.<\/p>\n\n\n\n<p class=\"wp-block-paragraph\">Sitten h\u00e4n peitti suunsa.<\/p>\n\n\n\n<p class=\"wp-block-paragraph\">\u201dKoska olen n\u00e4hnyt sen ennenkin.\u201d<\/p>\n\n\n\n<p class=\"wp-block-paragraph\">\u201dMinun olisi pit\u00e4nyt kertoa sinulle vuosia sitten.\u201d<\/p>\n\n\n\n<p class=\"wp-block-paragraph\">Darrenin ilme muuttui.<\/p>\n\n\n\n<p class=\"wp-block-paragraph\">\u201dMiss\u00e4?\u201d<\/p>\n\n\n\n<p class=\"wp-block-paragraph\">\u201dMinun olisi pit\u00e4nyt kertoa sinulle vuosia sitten.\u201d<\/p>\n\n\n\n<p class=\"wp-block-paragraph\">\u201dMit\u00e4?\u201d<\/p>\n\n\n\n<p class=\"wp-block-paragraph\">H\u00e4n katsoi minua ensin, melkein kuin pyyt\u00e4isi anteeksi ennen kuin puhui.<\/p>\n\n\n\n<p class=\"wp-block-paragraph\">Sitten h\u00e4n sanoi: &#171;Darren, en synnytt\u00e4nyt sinua.&#187;<\/p>\n\n\n\n<p class=\"wp-block-paragraph\">&#171;Synnyit jollekin toiselle.&#187;<\/p>\n\n\n\n<p class=\"wp-block-paragraph\">Hiljaisuus.<\/p>\n\n\n\n<p class=\"wp-block-paragraph\">Darren tuijotti h\u00e4nt\u00e4.<\/p>\n\n\n\n<p class=\"wp-block-paragraph\">&#171;Mit\u00e4?&#187;<\/p>\n\n\n\n<p class=\"wp-block-paragraph\">&#171;Synnyit jollekin toiselle.&#187;<\/p>\n\n\n\n<p class=\"wp-block-paragraph\">&#171;\u00c4iti, lopeta.&#187;<\/p>\n\n\n\n<p class=\"wp-block-paragraph\">&#171;En ole h\u00e4mmentynyt.&#187;<\/p>\n\n\n\n<p class=\"wp-block-paragraph\">&#171;Tulit meille, kun olit vauva.&#187;<\/p>\n\n\n\n<p class=\"wp-block-paragraph\">&#171;Kyll\u00e4 olet.&#187;<\/p>\n\n\n\n<p class=\"wp-block-paragraph\">&#171;Darren.&#187;<\/p>\n\n\n\n<p class=\"wp-block-paragraph\">&#171;Olet j\u00e4rkyttynyt. Istu alas.&#187;<\/p>\n\n\n\n<p class=\"wp-block-paragraph\">Nainen tarttui h\u00e4nen ranteeseensa.<\/p>\n\n\n\n<p class=\"wp-block-paragraph\">&#171;Tulit meille, kun olit vauva.&#187;<\/p>\n\n\n\n<p class=\"wp-block-paragraph\">Darren veti k\u00e4tens\u00e4 irti.<\/p>\n\n\n\n<p class=\"wp-block-paragraph\">&#171;Kuinka kauan aikoit salata t\u00e4m\u00e4n minulta?&#187;<\/p>\n\n\n\n<p class=\"wp-block-paragraph\">&#171;En.&#187;<\/p>\n\n\n\n<p class=\"wp-block-paragraph\">&#171;Sanotko, ett\u00e4 olen adoptoitu?&#187;<\/p>\n\n\n\n<p class=\"wp-block-paragraph\">&#171;Se alkoi yksityisen\u00e4 j\u00e4rjestelyn\u00e4. Is\u00e4si ja min\u00e4 toteutimme laillisen adoption j\u00e4lkeenp\u00e4in.&#187;<\/p>\n\n\n\n<p class=\"wp-block-paragraph\">Darren astui pois h\u00e4nen luotaan.<\/p>\n\n\n\n<p class=\"wp-block-paragraph\">\u2013 Kuinka kauan aiot salata t\u00e4m\u00e4n minulta?<\/p>\n\n\n\n<p class=\"wp-block-paragraph\">\u2013 Aioin aina kertoa sinulle.<\/p>\n\n\n\n<p class=\"wp-block-paragraph\">\u2013 Milloin tarkalleen ottaen olin tarpeeksi vanha?<\/p>\n\n\n\n<p class=\"wp-block-paragraph\">\u2013 Milloin?<\/p>\n\n\n\n<p class=\"wp-block-paragraph\">\u2013 Kun sin\u00e4 olit tarpeeksi vanha.<\/p>\n\n\n\n<p class=\"wp-block-paragraph\">\u2013 Olen kolmekymment\u00e4nelj\u00e4.<\/p>\n\n\n\n<p class=\"wp-block-paragraph\">\u2013 Tied\u00e4n.<\/p>\n\n\n\n<p class=\"wp-block-paragraph\">\u2013 Milloin siis olisin ollut tarpeeksi vanha?<\/p>\n\n\n\n<p class=\"wp-block-paragraph\">H\u00e4nell\u00e4 ei ollut vastausta.<\/p>\n\n\n\n<p class=\"wp-block-paragraph\">\u2013 Darrenin synnytt\u00e4neell\u00e4 naisella oli sama merkki.<\/p>\n\n\n\n<p class=\"wp-block-paragraph\">\u2013 Mit\u00e4 tekemist\u00e4 t\u00e4ll\u00e4 kaikella on Lilyn k\u00e4sivarren kanssa?<\/p>\n\n\n\n<p class=\"wp-block-paragraph\">Carol pyyhki kasvonsa.<\/p>\n\n\n\n<p class=\"wp-block-paragraph\">\u2013 Darrenin synnytt\u00e4neell\u00e4 naisella oli sama merkki.<\/p>\n\n\n\n<p class=\"wp-block-paragraph\">Darren tuijotti h\u00e4nt\u00e4.<\/p>\n\n\n\n<p class=\"wp-block-paragraph\">\u2013 Mik\u00e4 nainen?<\/p>\n\n\n\n<p class=\"wp-block-paragraph\">\u2013 H\u00e4nen nimens\u00e4 oli Ruth.<\/p>\n\n\n\n<p class=\"wp-block-paragraph\">\u2013 Kuka on Ruth?<\/p>\n\n\n\n<p class=\"wp-block-paragraph\">Darrenin leuka puristui.<\/p>\n\n\n\n<p class=\"wp-block-paragraph\">\u2013 Kuka on Ruth?<\/p>\n\n\n\n<p class=\"wp-block-paragraph\">\u2013 H\u00e4n oli joku, jonka is\u00e4si ja min\u00e4 tunsimme yhteisten yst\u00e4vien kautta. H\u00e4n asui toisessa osavaltiossa.<\/p>\n\n\n\n<p class=\"wp-block-paragraph\">\u2013 Onko h\u00e4n elossa?<\/p>\n\n\n\n<p class=\"wp-block-paragraph\">\u2013 En tied\u00e4.<\/p>\n\n\n\n<p class=\"wp-block-paragraph\">\u2013 Etk\u00f6 tied\u00e4?<\/p>\n\n\n\n<p class=\"wp-block-paragraph\">\u2013 Miksi sitten k\u00e4ytt\u00e4ydyt kuin tuo merkki merkitsisi jotain kamalaa?<\/p>\n\n\n\n<p class=\"wp-block-paragraph\">\u2013 En ole puhunut h\u00e4nen kanssaan yli kolmeenkymmeneen vuoteen.<\/p>\n\n\n\n<p class=\"wp-block-paragraph\">H\u00e4n osoitti Lily\u00e4.<\/p>\n\n\n\n<p class=\"wp-block-paragraph\">\u2013 Miksi sitten k\u00e4ytt\u00e4ydyt kuin tuo merkki merkitsisi jotain kamalaa?<\/p>\n\n\n\n<p class=\"wp-block-paragraph\">Carol pys\u00e4htyi t\u00e4ysin.<\/p>\n\n\n\n<p class=\"wp-block-paragraph\">\u2013 Koska Ruth ei ollut ainoa perheess\u00e4\u00e4n, jolla se oli.<\/p>\n\n\n\n<p class=\"wp-block-paragraph\">Vatsani muljahti.<\/p>\n\n\n\n<p class=\"wp-block-paragraph\">\u2013 Ruthin suvussa oli jokin sairaus.<\/p>\n\n\n\n<p class=\"wp-block-paragraph\">\u2013 Mit\u00e4 se tarkoittaa?<\/p>\n\n\n\n<p class=\"wp-block-paragraph\">Carol istuutui.<\/p>\n\n\n\n<p class=\"wp-block-paragraph\">\u2013 Ruthin suvussa oli jokin sairaus. En muista sen l\u00e4\u00e4ketieteellist\u00e4 nime\u00e4. Joillakin sukulaisilla oli sellaisia \u200b\u200bmerkkej\u00e4 ja he olivat t\u00e4ysin terveit\u00e4. Mutta toisilla merkki ilmestyi perinn\u00f6llisen verisuoniongelman rinnalle.<\/p>\n\n\n\n<p class=\"wp-block-paragraph\">Darren tuijotti h\u00e4nt\u00e4.<\/p>\n\n\n\n<p class=\"wp-block-paragraph\">\u2013 Tiesitk\u00f6, ett\u00e4 biologisessa perheess\u00e4ni oli jokin sairaus?<\/p>\n\n\n\n<p class=\"wp-block-paragraph\">\u2013 Etk\u00e4 koskaan kertonut minulle?<\/p>\n\n\n\n<p class=\"wp-block-paragraph\">Carol ny\u00f6kk\u00e4si.<\/p>\n\n\n\n<p class=\"wp-block-paragraph\">H\u00e4nen \u00e4\u00e4nens\u00e4 vaimeni.<\/p>\n\n\n\n<p class=\"wp-block-paragraph\">\u2013 Etk\u00e4 koskaan kertonut minulle?<\/p>\n\n\n\n<p class=\"wp-block-paragraph\">\u2013 Vakuutin itselleni, ettei sill\u00e4 ollut v\u00e4li\u00e4, koska sinulla ei koskaan ollut merkki\u00e4.<\/p>\n\n\n\n<p class=\"wp-block-paragraph\">Darren katsoi h\u00e4nt\u00e4 aivan kuin ei olisi tunnistanut h\u00e4nt\u00e4.<\/p>\n\n\n\n<p class=\"wp-block-paragraph\">\u2013 Vakuutin itsesi?<\/p>\n\n\n\n<p class=\"wp-block-paragraph\">\u2013 Eli v\u00e4it\u00e4t, ett\u00e4 tytt\u00e4reni on saattanut peri\u00e4 jotain vakavaa?<\/p>\n\n\n\n<p class=\"wp-block-paragraph\">\u2013 Pelk\u00e4sin.<\/p>\n\n\n\n<p class=\"wp-block-paragraph\">\u2013 Mit\u00e4?<\/p>\n\n\n\n<p class=\"wp-block-paragraph\">\u2013 Menett\u00e4\u00e4 sinut.<\/p>\n\n\n\n<p class=\"wp-block-paragraph\">\u2013 Eli v\u00e4it\u00e4t, ett\u00e4 tytt\u00e4reni on saattanut peri\u00e4 jotain vakavaa perheelt\u00e4, johon Darren ei edes tiennyt kuuluvansa?<\/p>\n\n\n\n<p class=\"wp-block-paragraph\">Huone kallistui vinoon.<\/p>\n\n\n\n<p class=\"wp-block-paragraph\">Darren tarttui olkap\u00e4\u00e4h\u00e4ni.<\/p>\n\n\n\n<p class=\"wp-block-paragraph\">H\u00e4n laski s\u00e4ngynp\u00e4\u00e4ty\u00e4, tutki minut ja kutsui l\u00e4\u00e4k\u00e4rin.<\/p>\n\n\n\n<p class=\"wp-block-paragraph\">\u2013 Claire?<\/p>\n\n\n\n<p class=\"wp-block-paragraph\">Sairaanhoitaja rynt\u00e4si sis\u00e4\u00e4n.<\/p>\n\n\n\n<p class=\"wp-block-paragraph\">H\u00e4n laski s\u00e4ngynp\u00e4\u00e4ty\u00e4, tutki minut ja kutsui l\u00e4\u00e4k\u00e4rin.<\/p>\n\n\n\n<p class=\"wp-block-paragraph\">L\u00e4\u00e4k\u00e4ri tuli muutaman minuutin kuluttua ja tutki Lilyn.<\/p>\n\n\n\n<p class=\"wp-block-paragraph\">H\u00e4n kysyi Carolilta, mit\u00e4 t\u00e4m\u00e4 muisti.<\/p>\n\n\n\n<p class=\"wp-block-paragraph\">\u2013 Tiesit, ett\u00e4 minulla on biologinen perhe, jolla on sairaushistoria, jota saatan jonain p\u00e4iv\u00e4n\u00e4 tarvita.<\/p>\n\n\n\n<p class=\"wp-block-paragraph\">\u201dPelkk\u00e4 syntym\u00e4merkki ei kerro meille, ett\u00e4 tytt\u00e4rell\u00e4si on mit\u00e4\u00e4n. H\u00e4nen tilansa on vakaa, eik\u00e4 mik\u00e4\u00e4n, mit\u00e4 n\u00e4en juuri nyt, viittaa h\u00e4t\u00e4tilanteeseen. Mutta mahdollisen suvussa esiintyv\u00e4n sairaushistorian vuoksi meid\u00e4n tulisi dokumentoida se ja j\u00e4rjest\u00e4\u00e4 asianmukainen seuranta.\u201d<\/p>\n\n\n\n<p class=\"wp-block-paragraph\">Darren katsoi Carolia.<\/p>\n\n\n\n<p class=\"wp-block-paragraph\">\u201dTiesit, ett\u00e4 minulla on biologinen perhe, jolla on sairaushistoria, jota saatan jonain p\u00e4iv\u00e4n\u00e4 tarvita.\u201d<\/p>\n\n\n\n<p class=\"wp-block-paragraph\">\u201dTied\u00e4n.\u201d<\/p>\n\n\n\n<p class=\"wp-block-paragraph\">\u201dJa p\u00e4\u00e4tit, ettei minun tarvitse tiet\u00e4\u00e4.\u201d<\/p>\n\n\n\n<p class=\"wp-block-paragraph\">\u201dMit\u00e4 todisteita sinulla on siit\u00e4, ett\u00e4 mik\u00e4\u00e4n t\u00e4st\u00e4 on totta?\u201d<\/p>\n\n\n\n<p class=\"wp-block-paragraph\">Carol peitti kasvonsa.<\/p>\n\n\n\n<p class=\"wp-block-paragraph\">\u201dOlen pahoillani.\u201d<\/p>\n\n\n\n<p class=\"wp-block-paragraph\">\u201dEi.\u201d<\/p>\n\n\n\n<p class=\"wp-block-paragraph\">H\u00e4nen \u00e4\u00e4nens\u00e4 oli hiljainen.<\/p>\n\n\n\n<p class=\"wp-block-paragraph\">\u201dEi viel\u00e4.\u201d<\/p>\n\n\n\n<p class=\"wp-block-paragraph\">Sitten h\u00e4n kysyi: \u201dMit\u00e4 todisteita sinulla on siit\u00e4, ett\u00e4 mik\u00e4\u00e4n t\u00e4st\u00e4 on totta?\u201d<\/p>\n\n\n\n<p class=\"wp-block-paragraph\">\u201dSiell\u00e4 oli valokuva.\u201d<\/p>\n\n\n\n<p class=\"wp-block-paragraph\">Carol laski k\u00e4tens\u00e4.<\/p>\n\n\n\n<p class=\"wp-block-paragraph\">\u201dSiell\u00e4 oli valokuva.\u201d<\/p>\n\n\n\n<p class=\"wp-block-paragraph\">\u201dMik\u00e4 valokuva?\u201d<\/p>\n\n\n\n<p class=\"wp-block-paragraph\">\u201dRuth piteli sinua syliss\u00e4si syntym\u00e4si j\u00e4lkeen. H\u00e4nen hihansa oli k\u00e4\u00e4ritty yl\u00f6s. Merkki n\u00e4kyi h\u00e4nen k\u00e4sivarressaan.\u201d<\/p>\n\n\n\n<p class=\"wp-block-paragraph\">Darren nauroi katkerasti.<\/p>\n\n\n\n<p class=\"wp-block-paragraph\">\u201dK\u00e4tev\u00e4\u00e4.\u201d<\/p>\n\n\n\n<p class=\"wp-block-paragraph\">Se tuntui satuttavan h\u00e4nt\u00e4 viel\u00e4 enemm\u00e4n.<\/p>\n\n\n\n<p class=\"wp-block-paragraph\">\u201dSe on aito.\u201d<\/p>\n\n\n\n<p class=\"wp-block-paragraph\">\u201dN\u00e4yt\u00e4 sitten minulle.\u201d<\/p>\n\n\n\n<p class=\"wp-block-paragraph\">\u201dSinulla on se viel\u00e4?\u201d<\/p>\n\n\n\n<p class=\"wp-block-paragraph\">Nainen ny\u00f6kk\u00e4si.<\/p>\n\n\n\n<p class=\"wp-block-paragraph\">Se tuntui satuttavan h\u00e4nt\u00e4 viel\u00e4 enemm\u00e4n.<\/p>\n\n\n\n<p class=\"wp-block-paragraph\">\u201dS\u00e4ilytit biologisen \u00e4itini kuvan kolmekymment\u00e4nelj\u00e4 vuotta, mutta et koskaan ajatellut, ett\u00e4 minulla olisi oikeutta n\u00e4hd\u00e4 sit\u00e4?\u201d<\/p>\n\n\n\n<p class=\"wp-block-paragraph\">Darren katsoi poisp\u00e4in.<\/p>\n\n\n\n<p class=\"wp-block-paragraph\">\u201dPelk\u00e4sin.\u201d<\/p>\n\n\n\n<p class=\"wp-block-paragraph\">\u201dMenett\u00e4v\u00e4si minut?\u201d<\/p>\n\n\n\n<p class=\"wp-block-paragraph\">Nainen ny\u00f6kk\u00e4si.<\/p>\n\n\n\n<p class=\"wp-block-paragraph\">Darren katsoi poisp\u00e4in.<\/p>\n\n\n\n<p class=\"wp-block-paragraph\">\u201dMene hakemaan se.\u201d<\/p>\n\n\n\n<p class=\"wp-block-paragraph\">Carol l\u00e4hti.<\/p>\n\n\n\n<p class=\"wp-block-paragraph\">\u201dMinusta tuntuu, ett\u00e4 olen tulossa hulluksi.\u201d<\/p>\n\n\n\n<p class=\"wp-block-paragraph\">Lopulta h\u00e4n sanoi: \u201dUskotko h\u00e4nt\u00e4?\u201d<\/p>\n\n\n\n<p class=\"wp-block-paragraph\">\u201dEn tied\u00e4.\u201d<\/p>\n\n\n\n<p class=\"wp-block-paragraph\">\u201dMinusta tuntuu, ett\u00e4 olen tulossa hulluksi.\u201d<\/p>\n\n\n\n<p class=\"wp-block-paragraph\">\u201dTied\u00e4n.\u201d<\/p>\n\n\n\n<p class=\"wp-block-paragraph\">H\u00e4n k\u00e4\u00e4ntyi ymp\u00e4ri.<\/p>\n\n\n\n<p class=\"wp-block-paragraph\">\u201dTiesitk\u00f6?\u201d<\/p>\n\n\n\n<p class=\"wp-block-paragraph\">Carol palasi lopulta vanha kirjekuori k\u00e4dess\u00e4\u00e4n.<\/p>\n\n\n\n<p class=\"wp-block-paragraph\">\u201dEn.\u201d<\/p>\n\n\n\n<p class=\"wp-block-paragraph\">H\u00e4n ny\u00f6kk\u00e4si.<\/p>\n\n\n\n<p class=\"wp-block-paragraph\">\u201dMinun oli pakko kysy\u00e4.\u201d<\/p>\n\n\n\n<p class=\"wp-block-paragraph\">Carol palasi lopulta vanha kirjekuori k\u00e4dess\u00e4\u00e4n.<\/p>\n\n\n\n<p class=\"wp-block-paragraph\">H\u00e4n laski sen p\u00f6yd\u00e4lle.<\/p>\n\n\n\n<p class=\"wp-block-paragraph\">Darren avasi sen.<\/p>\n\n\n\n<p class=\"wp-block-paragraph\">Ja h\u00e4nen olkavarressaan oli pieni soikea merkki.<\/p>\n\n\n\n<p class=\"wp-block-paragraph\">Kirjeen sis\u00e4ll\u00e4 oli haalistunut valokuva nuoresta naisesta, joka seisoi pienen talon ulkopuolella vastasyntynyt syliss\u00e4\u00e4n.<\/p>\n\n\n\n<p class=\"wp-block-paragraph\">H\u00e4nell\u00e4 oli tummat hiukset.<\/p>\n\n\n\n<p class=\"wp-block-paragraph\">H\u00e4n n\u00e4ytti uupuneelta.<\/p>\n\n\n\n<p class=\"wp-block-paragraph\">Ja h\u00e4nen olkavarressaan oli pieni soikea j\u00e4lki.<\/p>\n\n\n\n<p class=\"wp-block-paragraph\">Samassa paikassa.<\/p>\n\n\n\n<p class=\"wp-block-paragraph\">&#171;N\u00e4in Lilyn k\u00e4sivarren ja yht\u00e4kki\u00e4 olin taas siin\u00e4. Panikoin.&#187;<\/p>\n\n\n\n<p class=\"wp-block-paragraph\">Sama muoto.<\/p>\n\n\n\n<p class=\"wp-block-paragraph\">Darren tuijotti sit\u00e4 pitk\u00e4\u00e4n.<\/p>\n\n\n\n<p class=\"wp-block-paragraph\">Sitten h\u00e4n istuutui alas.<\/p>\n\n\n\n<p class=\"wp-block-paragraph\">Carol kuiskasi: &#171;En tullut t\u00e4nne aikoen kertoa sinulle. N\u00e4in Lilyn k\u00e4sivarren ja yht\u00e4kki\u00e4 olin taas siin\u00e4. Panikoin.&#187;<\/p>\n\n\n\n<p class=\"wp-block-paragraph\">&#171;Sanoit meille, ettemme voisi pit\u00e4\u00e4 tyt\u00e4rt\u00e4mme.&#187;<\/p>\n\n\n\n<p class=\"wp-block-paragraph\">Carolin kasvot rypistyiv\u00e4t.<\/p>\n\n\n\n<p class=\"wp-block-paragraph\">&#171;Kuulosti silt\u00e4, \u200b\u200bett\u00e4 luulit, ett\u00e4 h\u00e4ness\u00e4 oli jotain vikaa.&#187;<\/p>\n\n\n\n<p class=\"wp-block-paragraph\">&#171;Tarkoitan, ettet voinut vain vied\u00e4 h\u00e4nt\u00e4 kotiin ja j\u00e4tt\u00e4\u00e4 sit\u00e4 j\u00e4lki\u00e4 huomiotta. Tiesin, milt\u00e4 se kuulosti heti, kun sanoin sen.&#187;<\/p>\n\n\n\n<p class=\"wp-block-paragraph\">&#171;Kuulosti silt\u00e4, \u200b\u200bett\u00e4 luulit, ett\u00e4 h\u00e4ness\u00e4 oli jotain vikaa.&#187;<\/p>\n\n\n\n<p class=\"wp-block-paragraph\">&#171;Tied\u00e4n.&#187;<\/p>\n\n\n\n<p class=\"wp-block-paragraph\">&#171;Mit\u00e4 yritit sanoa?&#187;<\/p>\n\n\n\n<p class=\"wp-block-paragraph\">&#171;Ett\u00e4 tunnistin sen. Ett\u00e4 tarvitsit ehk\u00e4 sairaushistorian. Ja ett\u00e4 kertoa sinulle miksi tarkoitti kaiken salaamani my\u00f6nt\u00e4mist\u00e4.&#187; Darren katsoi valokuvaa uudelleen.<\/p>\n\n\n\n<p class=\"wp-block-paragraph\">\u2013 Sanoin itselleni jatkuvasti, ett\u00e4 suojelin sinua.<\/p>\n\n\n\n<p class=\"wp-block-paragraph\">\u2013 Sinulla oli vuosikymmeni\u00e4 aikaa kertoa minulle.<\/p>\n\n\n\n<p class=\"wp-block-paragraph\">\u2013 Tied\u00e4n.<\/p>\n\n\n\n<p class=\"wp-block-paragraph\">\u2013 Ei. \u00c4l\u00e4 toista noin, aivan kuin se korjaisi mit\u00e4\u00e4n.<\/p>\n\n\n\n<p class=\"wp-block-paragraph\">\u2013 Ei korjaa.<\/p>\n\n\n\n<p class=\"wp-block-paragraph\">Carol katsoi k\u00e4si\u00e4\u00e4n.<\/p>\n\n\n\n<p class=\"wp-block-paragraph\">\u2013 Sanoin itselleni jatkuvasti, ett\u00e4 suojelin sinua, h\u00e4n sanoi. \u2013 Oikeasti suojelin itse\u00e4ni silt\u00e4, \u200b\u200bmit\u00e4 saatat tuntea minua kohtaan.<\/p>\n\n\n\n<p class=\"wp-block-paragraph\">Ei ollut mit\u00e4\u00e4n yst\u00e4v\u00e4llist\u00e4 sanottavaa, mik\u00e4 ei pehment\u00e4isi sit\u00e4, mit\u00e4 h\u00e4n oli juuri my\u00f6nt\u00e4nyt.<\/p>\n\n\n\n<p class=\"wp-block-paragraph\">Darren ei sanonut mit\u00e4\u00e4n.<\/p>\n\n\n\n<p class=\"wp-block-paragraph\">En min\u00e4k\u00e4\u00e4n.<\/p>\n\n\n\n<p class=\"wp-block-paragraph\">Ei ollut mit\u00e4\u00e4n yst\u00e4v\u00e4llist\u00e4 sanottavaa, mik\u00e4 ei pehment\u00e4isi sit\u00e4, mit\u00e4 h\u00e4n oli juuri my\u00f6nt\u00e4nyt.<\/p>\n\n\n\n<p class=\"wp-block-paragraph\">Kun Lily ja min\u00e4 tulimme kotiin kaksi p\u00e4iv\u00e4\u00e4 my\u00f6hemmin, h\u00e4n oli edelleen terve vauvamme.<\/p>\n\n\n\n<p class=\"wp-block-paragraph\">Mutta nyt h\u00e4nen l\u00e4\u00e4k\u00e4reill\u00e4\u00e4n oli tutkittavana sukututkimuskysymys, jota he eiv\u00e4t olisi koskaan tienneet kysy\u00e4 ennen Carolin tunnustusta.<\/p>\n\n\n\n<p class=\"wp-block-paragraph\">Carol muisti vanhan kaupungin, entisen osoitteen ja Ruthin vanhempien nimet.<\/p>\n\n\n\n<p class=\"wp-block-paragraph\">Darren ei voinut p\u00e4\u00e4st\u00e4\u00e4 irti lopusta.<\/p>\n\n\n\n<p class=\"wp-block-paragraph\">Min\u00e4k\u00e4\u00e4n en.<\/p>\n\n\n\n<p class=\"wp-block-paragraph\">Carol muisti vanhan kaupungin, entisen osoitteen ja Ruthin vanhempien nimet.<\/p>\n\n\n\n<p class=\"wp-block-paragraph\">Etsimme l\u00e4pi muutamia laatikoita Carolin ullakolta, kunnes Darren l\u00f6ysi vanhan joulukortin, jossa oli palautusosoite. Vanhempi sukulainen tunnisti h\u00e4nen sukunimens\u00e4 ja antoi meille tarpeeksi tietoa Ruthin j\u00e4ljitt\u00e4miseksi sielt\u00e4.<\/p>\n\n\n\n<p class=\"wp-block-paragraph\">H\u00e4n oli elossa.<\/p>\n\n\n\n<p class=\"wp-block-paragraph\">Darren tuijotti puhelinnumeroa kolme p\u00e4iv\u00e4\u00e4 soittamatta.<\/p>\n\n\n\n<p class=\"wp-block-paragraph\">H\u00e4n asui noin nelj\u00e4n tunnin ajomatkan p\u00e4\u00e4ss\u00e4.<\/p>\n\n\n\n<p class=\"wp-block-paragraph\">Darren tuijotti puhelinnumeroa kolme p\u00e4iv\u00e4\u00e4 soittamatta.<\/p>\n\n\n\n<p class=\"wp-block-paragraph\">Nelj\u00e4nten\u00e4 y\u00f6n\u00e4 h\u00e4n sanoi: &#171;Ehk\u00e4 minun ei pit\u00e4isi.&#187;<\/p>\n\n\n\n<p class=\"wp-block-paragraph\">&#171;Miksi?&#187;<\/p>\n\n\n\n<p class=\"wp-block-paragraph\">&#171;Koska olen vihainen.&#187;<\/p>\n\n\n\n<p class=\"wp-block-paragraph\">&#171;Ruthille?&#187;<\/p>\n\n\n\n<p class=\"wp-block-paragraph\">&#171;Ent\u00e4 jos h\u00e4nen tapaamisensa pahentaa kaikkea?&#187;<\/p>\n\n\n\n<p class=\"wp-block-paragraph\">&#171;Ei.&#187;<\/p>\n\n\n\n<p class=\"wp-block-paragraph\">&#171;\u00c4l\u00e4 sitten tee p\u00e4\u00e4t\u00f6st\u00e4 siksi, ett\u00e4 olet vihainen Carolille.&#187;<\/p>\n\n\n\n<p class=\"wp-block-paragraph\">H\u00e4n katsoi minua.<\/p>\n\n\n\n<p class=\"wp-block-paragraph\">&#171;Ent\u00e4 jos h\u00e4nen tapaamisensa pahentaa kaikkea?&#187;<\/p>\n\n\n\n<p class=\"wp-block-paragraph\">&#171;Saattaa olla.&#187;<\/p>\n\n\n\n<p class=\"wp-block-paragraph\">&#171;Hy\u00f6dyllist\u00e4.&#187;<\/p>\n\n\n\n<p class=\"wp-block-paragraph\">Seuraavana aamuna h\u00e4n soitti.<\/p>\n\n\n\n<p class=\"wp-block-paragraph\">\u2013 Olen tosissani. Et ole kenellek\u00e4\u00e4n velkaa tapaamista. Mutta jos haluat tiet\u00e4\u00e4, mist\u00e4 olet kotoisin ja mit\u00e4 sairaushistoriaasi kuuluu, se on eri kysymys.<\/p>\n\n\n\n<p class=\"wp-block-paragraph\">Seuraavana aamuna h\u00e4n soitti.<\/p>\n\n\n\n<p class=\"wp-block-paragraph\">Viikkoa my\u00f6hemmin ajoimme tapaamaan Ruthia.<\/p>\n\n\n\n<p class=\"wp-block-paragraph\">Darren pyysi Caroliakin tulemaan.<\/p>\n\n\n\n<p class=\"wp-block-paragraph\">Ruth avasi oven, katsoi Darrenia ja alkoi heti itke\u00e4.<\/p>\n\n\n\n<p class=\"wp-block-paragraph\">\u2013 Jos aion kuulla, mit\u00e4 tapahtui, h\u00e4n sanoi Carolille, \u2013 haluan teid\u00e4t molemmat samaan huoneeseen. Ei en\u00e4\u00e4 erillisi\u00e4 versioita.<\/p>\n\n\n\n<p class=\"wp-block-paragraph\">Kokous ei ollut lainkaan kuin elokuva.<\/p>\n\n\n\n<p class=\"wp-block-paragraph\">Kukaan ei juossut kenenk\u00e4\u00e4n syliin.<\/p>\n\n\n\n<p class=\"wp-block-paragraph\">Ruth avasi oven, katsoi Darrenia ja alkoi heti itke\u00e4.<\/p>\n\n\n\n<p class=\"wp-block-paragraph\">Lopulta h\u00e4n sanoi: \u2013 N\u00e4yt\u00e4t is\u00e4lt\u00e4ni.<\/p>\n\n\n\n<p class=\"wp-block-paragraph\">Mies nieli.<\/p>\n\n\n\n<p class=\"wp-block-paragraph\">Ruthilla oli laatikko odottamassa.<\/p>\n\n\n\n<p class=\"wp-block-paragraph\">\u2013 En tied\u00e4, mit\u00e4 siihen sanoisin.<\/p>\n\n\n\n<p class=\"wp-block-paragraph\">\u2013 Sinun ei tarvitse sanoa mit\u00e4\u00e4n.<\/p>\n\n\n\n<p class=\"wp-block-paragraph\">Istuimme h\u00e4nen keitti\u00f6np\u00f6yt\u00e4ns\u00e4 \u00e4\u00e4reen.<\/p>\n\n\n\n<p class=\"wp-block-paragraph\">Ruthilla oli laatikko odottamassa.<\/p>\n\n\n\n<p class=\"wp-block-paragraph\">Sis\u00e4ll\u00e4 oli valokuvia, perheen potilaskertomuksia, vanhoja asiakirjoja ja kirjeit\u00e4.<\/p>\n\n\n\n<p class=\"wp-block-paragraph\">Darren otti yhden.<\/p>\n\n\n\n<p class=\"wp-block-paragraph\">\u201dCarol ja is\u00e4si olivat vanhempasi. Se oli sopimus.\u201d<\/p>\n\n\n\n<p class=\"wp-block-paragraph\">\u201dKirjoitit minulle?\u201d<\/p>\n\n\n\n<p class=\"wp-block-paragraph\">\u201dJoka syntym\u00e4p\u00e4iv\u00e4 jonkin aikaa.\u201d<\/p>\n\n\n\n<p class=\"wp-block-paragraph\">\u201dMiksi et l\u00e4hett\u00e4nyt niit\u00e4?\u201d<\/p>\n\n\n\n<p class=\"wp-block-paragraph\">\u201dKoska Carol ja is\u00e4si olivat vanhempasi. Se oli sopimus.\u201d<\/p>\n\n\n\n<p class=\"wp-block-paragraph\">Carol katsoi alas.<\/p>\n\n\n\n<p class=\"wp-block-paragraph\">\u201dAjattelin sinua. Jatkuvasti.\u201d<\/p>\n\n\n\n<p class=\"wp-block-paragraph\">Ruth jatkoi.<\/p>\n\n\n\n<p class=\"wp-block-paragraph\">\u201dAjattelin sinua. Jatkuvasti. Mutta en halunnut ilmesty\u00e4 vuosia my\u00f6hemmin ja repi\u00e4 el\u00e4m\u00e4\u00e4si rikki, koska tarvitsin jotakin.\u201d<\/p>\n\n\n\n<p class=\"wp-block-paragraph\">Darren katsoi Carolia.<\/p>\n\n\n\n<p class=\"wp-block-paragraph\">\u201dOlisin voinut p\u00e4\u00e4tt\u00e4\u00e4 sen itse.\u201d<\/p>\n\n\n\n<p class=\"wp-block-paragraph\">Carol ny\u00f6kk\u00e4si.<\/p>\n\n\n\n<p class=\"wp-block-paragraph\">\u201dKyll\u00e4.\u201d<\/p>\n\n\n\n<p class=\"wp-block-paragraph\">\u201dSin\u00e4 rakastit minua. Tied\u00e4n sen.\u201d<\/p>\n\n\n\n<p class=\"wp-block-paragraph\">H\u00e4nen \u00e4\u00e4nens\u00e4 vapisi.<\/p>\n\n\n\n<p class=\"wp-block-paragraph\">\u201dOlet oikeassa.\u201d<\/p>\n\n\n\n<p class=\"wp-block-paragraph\">H\u00e4n nojasi taaksep\u00e4in.<\/p>\n\n\n\n<p class=\"wp-block-paragraph\">\u2013 Sin\u00e4 rakastit minua. Tied\u00e4n sen. Mutta rakastaminen ei antanut sinulle oikeutta p\u00e4\u00e4tt\u00e4\u00e4 ikuisesti, mit\u00e4 minun sallittiin tiet\u00e4\u00e4 itsest\u00e4ni.<\/p>\n\n\n\n<p class=\"wp-block-paragraph\">Carol alkoi itke\u00e4 uudelleen.<\/p>\n\n\n\n<p class=\"wp-block-paragraph\">\u2013 Tied\u00e4n.<\/p>\n\n\n\n<p class=\"wp-block-paragraph\">Sitten Darren katsoi l\u00e4\u00e4k\u00e4ripapereita.<\/p>\n\n\n\n<p class=\"wp-block-paragraph\">T\u00e4ll\u00e4 kertaa h\u00e4n ei lohduttanut h\u00e4nt\u00e4.<\/p>\n\n\n\n<p class=\"wp-block-paragraph\">Ja mielest\u00e4ni sill\u00e4 oli merkityst\u00e4.<\/p>\n\n\n\n<p class=\"wp-block-paragraph\">Sitten Darren katsoi l\u00e4\u00e4k\u00e4ripapereita.<\/p>\n\n\n\n<p class=\"wp-block-paragraph\">\u2013 Mit\u00e4 suvussa tarkalleen ottaen on?<\/p>\n\n\n\n<p class=\"wp-block-paragraph\">Ruth selitti, ett\u00e4 useita sukulaisia \u200b\u200boli seurattu perinn\u00f6llisen verisuonisairauden varalta. Soikeat merkit ilmestyiv\u00e4t joskus sukulaisille, joilla oli se, mutta eiv\u00e4t aina, eik\u00e4 pelkk\u00e4 merkki tarkoittanut, ett\u00e4 Lily oli sairas.<\/p>\n\n\n\n<p class=\"wp-block-paragraph\">Sitten Lily p\u00e4\u00e4sti pienen \u00e4\u00e4nen kantajastaan.<\/p>\n\n\n\n<p class=\"wp-block-paragraph\">\u2013 Olisin kertonut sinulle, jos olisin tiennyt, ett\u00e4 etsit minua, Ruth sanoi.<\/p>\n\n\n\n<p class=\"wp-block-paragraph\">Darren katsoi Carolia.<\/p>\n\n\n\n<p class=\"wp-block-paragraph\">H\u00e4n laski katseensa.<\/p>\n\n\n\n<p class=\"wp-block-paragraph\">Sitten Lily p\u00e4\u00e4sti pienen \u00e4\u00e4nen kantajastaan.<\/p>\n\n\n\n<p class=\"wp-block-paragraph\">Ruth k\u00e4\u00e4ntyi.<\/p>\n\n\n\n<p class=\"wp-block-paragraph\">Sitten h\u00e4n n\u00e4ki merkin.<\/p>\n\n\n\n<p class=\"wp-block-paragraph\">\u2013 Voinko n\u00e4hd\u00e4 h\u00e4net?<\/p>\n\n\n\n<p class=\"wp-block-paragraph\">Nostin Lilyn varovasti.<\/p>\n\n\n\n<p class=\"wp-block-paragraph\">Ruth hymyili.<\/p>\n\n\n\n<p class=\"wp-block-paragraph\">Sitten h\u00e4n n\u00e4ki merkin.<\/p>\n\n\n\n<p class=\"wp-block-paragraph\">H\u00e4n pys\u00e4htyi.<\/p>\n\n\n\n<p class=\"wp-block-paragraph\">Puolen sekunnin ajan tunsin saman pelon, jonka olin n\u00e4hnyt Carolin kasvoilla sairaalassa.<\/p>\n\n\n\n<p class=\"wp-block-paragraph\">H\u00e4n k\u00e4\u00e4ri hihansa.<\/p>\n\n\n\n<p class=\"wp-block-paragraph\">Sitten Ruth nauroi kyynelten l\u00e4pi.<\/p>\n\n\n\n<p class=\"wp-block-paragraph\">&#171;Totta kai.&#187;<\/p>\n\n\n\n<p class=\"wp-block-paragraph\">H\u00e4n k\u00e4\u00e4ri hihansa.<\/p>\n\n\n\n<p class=\"wp-block-paragraph\">Siin\u00e4 se oli.<\/p>\n\n\n\n<p class=\"wp-block-paragraph\">Sama soikea syntym\u00e4merkki.<\/p>\n\n\n\n<p class=\"wp-block-paragraph\">Sama paikka.<\/p>\n\n\n\n<p class=\"wp-block-paragraph\">Ensimm\u00e4ist\u00e4 kertaa Carolin tunnustuksen j\u00e4lkeen h\u00e4nen kasvonsa pehmeniv\u00e4t.<\/p>\n\n\n\n<p class=\"wp-block-paragraph\">Sama muoto.<\/p>\n\n\n\n<p class=\"wp-block-paragraph\">Darren tuijotti Ruthin k\u00e4sivarresta Lilyn k\u00e4sivarteen.<\/p>\n\n\n\n<p class=\"wp-block-paragraph\">Ensimm\u00e4ist\u00e4 kertaa Carolin tunnustuksen j\u00e4lkeen h\u00e4nen kasvonsa pehmeniv\u00e4t.<\/p>\n\n\n\n<p class=\"wp-block-paragraph\">&#171;Siksi h\u00e4n tunnisti sen.&#187;<\/p>\n\n\n\n<p class=\"wp-block-paragraph\">&#171;Siksi.&#187;<\/p>\n\n\n\n<p class=\"wp-block-paragraph\">My\u00f6hemm\u00e4t testit antoivat meille vastauksen, jota olimme ep\u00e4toivoisesti etsineet: Lilyll\u00e4 ei ollut merkkej\u00e4 sairaudesta. H\u00e4nen l\u00e4\u00e4k\u00e4rins\u00e4 s\u00e4ilytt\u00e4isiv\u00e4t sukututkimuksen h\u00e4nen tiedoissaan, mutta merkki itsess\u00e4\u00e4n oli vain merkki.<\/p>\n\n\n\n<p class=\"wp-block-paragraph\">Darren ei yht\u00e4kki\u00e4 antanut Carolille anteeksi.<\/p>\n\n\n\n<p class=\"wp-block-paragraph\">Todellinen vahinko oli syntynyt kaikesta, mit\u00e4 Carol oli piilottanut ymp\u00e4rilleen.<\/p>\n\n\n\n<p class=\"wp-block-paragraph\">Kuukaudet kuluivat.<\/p>\n\n\n\n<p class=\"wp-block-paragraph\">Darren ei yht\u00e4kki\u00e4 antanut Carolille anteeksi.<\/p>\n\n\n\n<p class=\"wp-block-paragraph\">He jatkoivat juttelua, vaikka joskus nuo keskustelut p\u00e4\u00e4ttyiv\u00e4tkin.riidoissa.<\/p>\n\n\n\n<p class=\"wp-block-paragraph\">Ruthistakaan ei tullut hetkess\u00e4 korvaavaa \u00e4iti\u00e4.<\/p>\n\n\n\n<p class=\"wp-block-paragraph\">Muutamaa kuukautta my\u00f6hemmin meill\u00e4 oli pieni perhetapaaminen kotona.<\/p>\n\n\n\n<p class=\"wp-block-paragraph\">Mik\u00e4\u00e4n siin\u00e4 ei ollut yksinkertaista, mutta ainakin valinnat olivat nyt Darrenin.<\/p>\n\n\n\n<p class=\"wp-block-paragraph\">Muutamaa kuukautta my\u00f6hemmin meill\u00e4 oli pieni perhetapaaminen kotona.<\/p>\n\n\n\n<p class=\"wp-block-paragraph\">Carol tuli.<\/p>\n\n\n\n<p class=\"wp-block-paragraph\">Ruth tuli my\u00f6s.<\/p>\n\n\n\n<p class=\"wp-block-paragraph\">Molempien naisten saattoi tuntea yritt\u00e4v\u00e4n olla seisomatta v\u00e4\u00e4r\u00e4ss\u00e4 paikassa.<\/p>\n\n\n\n<p class=\"wp-block-paragraph\">Lily ojensi k\u00e4tens\u00e4 ja otti yhden sormen molemmilta.<\/p>\n\n\n\n<p class=\"wp-block-paragraph\">Sitten Lily alkoi n\u00e4pr\u00e4t\u00e4 peittoaan.<\/p>\n\n\n\n<p class=\"wp-block-paragraph\">Carol kumartui toiselta puolelta.<\/p>\n\n\n\n<p class=\"wp-block-paragraph\">Ruth kumartui toiselta puolelta.<\/p>\n\n\n\n<p class=\"wp-block-paragraph\">Lily ojensi k\u00e4tens\u00e4 ja otti yhden sormen molemmilta.<\/p>\n\n\n\n<p class=\"wp-block-paragraph\">Kaikki nauroivat.<\/p>\n\n\n\n<p class=\"wp-block-paragraph\">Se ei ollut tarkoittanut, ett\u00e4 Lilyss\u00e4 olisi mit\u00e4\u00e4n vikaa.<\/p>\n\n\n\n<p class=\"wp-block-paragraph\">Edes Darren.<\/p>\n\n\n\n<p class=\"wp-block-paragraph\">Katsoin tuota pient\u00e4 soikeaa j\u00e4lke\u00e4 h\u00e4nen k\u00e4sivarressaan.<\/p>\n\n\n\n<p class=\"wp-block-paragraph\">Se ei ollut tarkoittanut, ett\u00e4 Lilyss\u00e4 olisi mit\u00e4\u00e4n vikaa.<\/p>\n\n\n\n<p class=\"wp-block-paragraph\">Se oli paljastanut tarvitsemamme sairaushistorian ja totuuden, jonka Darrenin olisi pit\u00e4nyt tiet\u00e4\u00e4 vuosikymmeni\u00e4 aiemmin.<\/p>\n\n\n\n<p class=\"wp-block-paragraph\">Ja t\u00e4ll\u00e4 kertaa Darrenin oli p\u00e4\u00e4tett\u00e4v\u00e4, mit\u00e4 tapahtuisi seuraavaksi.<\/p>\n\n\n\n<p class=\"wp-block-paragraph\">Huomautus: T\u00e4m\u00e4 tarina on tositapahtumiin perustuva fiktiivinen teos. Nimi\u00e4, hahmoja ja yksityiskohtia on muutettu. Kaikki samankaltaisuudet ovat sattumaa. Kirjoittaja ja kustantaja sanoutuvat irti tarkkuudesta, tulkinnoista tai niihin luottamisesta. Kaikki kuvat ovat vain havainnollistamistarkoituksessa.<\/p>\n\n\n\n<p class=\"wp-block-paragraph\"><\/p>\n","protected":false},"excerpt":{"rendered":"Olin aina ajatellut olevani onnekas, koska anoppini Carol tuntui kuin toiselta \u00e4idilt\u00e4. H\u00e4n tuki minua raskauden aikana ja malttamattomana odotti tapaavansa tytt\u00e4rentytt\u00e4rens\u00e4. Sitten \n<a class=\"moretag\" href=\"https:\/\/filan.am\/?p=4164\"> [...]<\/a>","protected":false},"author":1,"featured_media":4165,"comment_status":"open","ping_status":"open","sticky":false,"template":"","format":"standard","meta":{"footnotes":""},"categories":[1],"tags":[],"class_list":["post-4164","post","type-post","status-publish","format-standard","has-post-thumbnail","hentry","category-news"],"yoast_head":"<!-- This site is optimized with the Yoast SEO plugin v28.4 - https:\/\/yoast.com\/product\/yoast-seo-wordpress\/ -->\n<title>\u00c4itini n\u00e4ki vastasyntyneen tytt\u00e4reni ensimm\u00e4ist\u00e4 kertaa, n\u00e4ytti kauhistuneelta ja k\u00e4ski meid\u00e4n luovuttaa h\u00e4net \u2013 kun sain tiet\u00e4\u00e4 miksi, melkein py\u00f6rtyin. -<\/title>\n<meta name=\"robots\" content=\"index, follow, max-snippet:-1, max-image-preview:large, max-video-preview:-1\" \/>\n<link rel=\"canonical\" href=\"https:\/\/filan.am\/?p=4164\" \/>\n<meta property=\"og:locale\" content=\"ru_RU\" \/>\n<meta property=\"og:type\" content=\"article\" \/>\n<meta property=\"og:title\" content=\"\u00c4itini n\u00e4ki vastasyntyneen tytt\u00e4reni ensimm\u00e4ist\u00e4 kertaa, n\u00e4ytti kauhistuneelta ja k\u00e4ski meid\u00e4n luovuttaa h\u00e4net \u2013 kun sain tiet\u00e4\u00e4 miksi, melkein py\u00f6rtyin. -\" \/>\n<meta property=\"og:description\" content=\"Olin aina ajatellut olevani onnekas, koska anoppini Carol tuntui kuin toiselta \u00e4idilt\u00e4. H\u00e4n tuki minua raskauden aikana ja malttamattomana odotti tapaavansa tytt\u00e4rentytt\u00e4rens\u00e4. Sitten\" \/>\n<meta property=\"og:url\" content=\"https:\/\/filan.am\/?p=4164\" \/>\n<meta property=\"article:published_time\" content=\"2026-09-05T19:30:28+00:00\" \/>\n<meta property=\"article:modified_time\" content=\"2026-09-05T19:30:29+00:00\" \/>\n<meta property=\"og:image\" content=\"https:\/\/filan.am\/wp-content\/uploads\/2026\/09\/00000000000000002222222222.png\" \/>\n\t<meta property=\"og:image:width\" content=\"516\" \/>\n\t<meta property=\"og:image:height\" content=\"639\" \/>\n\t<meta property=\"og:image:type\" content=\"image\/png\" \/>\n<meta name=\"author\" content=\"filanam\" \/>\n<meta name=\"twitter:card\" content=\"summary_large_image\" \/>\n<meta name=\"twitter:label1\" content=\"\u041d\u0430\u043f\u0438\u0441\u0430\u043d\u043e \u0430\u0432\u0442\u043e\u0440\u043e\u043c\" \/>\n\t<meta name=\"twitter:data1\" content=\"filanam\" \/>\n\t<meta name=\"twitter:label2\" content=\"\u041f\u0440\u0438\u043c\u0435\u0440\u043d\u043e\u0435 \u0432\u0440\u0435\u043c\u044f \u0434\u043b\u044f \u0447\u0442\u0435\u043d\u0438\u044f\" \/>\n\t<meta name=\"twitter:data2\" content=\"12 \u043c\u0438\u043d\u0443\u0442\" \/>\n<script type=\"application\/ld+json\" class=\"yoast-schema-graph\">{\"@context\":\"https:\\\/\\\/schema.org\",\"@graph\":[{\"@type\":\"Article\",\"@id\":\"https:\\\/\\\/filan.am\\\/?p=4164#article\",\"isPartOf\":{\"@id\":\"https:\\\/\\\/filan.am\\\/?p=4164\"},\"author\":{\"name\":\"filanam\",\"@id\":\"https:\\\/\\\/filan.am\\\/#\\\/schema\\\/person\\\/b51c4ec26a4fec8a4f9b3ae0356b8f23\"},\"headline\":\"\u00c4itini n\u00e4ki vastasyntyneen tytt\u00e4reni ensimm\u00e4ist\u00e4 kertaa, n\u00e4ytti kauhistuneelta ja k\u00e4ski meid\u00e4n luovuttaa h\u00e4net \u2013 kun sain tiet\u00e4\u00e4 miksi, melkein py\u00f6rtyin.\",\"datePublished\":\"2026-09-05T19:30:28+00:00\",\"dateModified\":\"2026-09-05T19:30:29+00:00\",\"mainEntityOfPage\":{\"@id\":\"https:\\\/\\\/filan.am\\\/?p=4164\"},\"wordCount\":2621,\"commentCount\":0,\"image\":{\"@id\":\"https:\\\/\\\/filan.am\\\/?p=4164#primaryimage\"},\"thumbnailUrl\":\"https:\\\/\\\/filan.am\\\/wp-content\\\/uploads\\\/2026\\\/09\\\/00000000000000002222222222.png\",\"articleSection\":[\"NEWS\"],\"inLanguage\":\"ru-RU\",\"potentialAction\":[{\"@type\":\"CommentAction\",\"name\":\"Comment\",\"target\":[\"https:\\\/\\\/filan.am\\\/?p=4164#respond\"]}]},{\"@type\":\"WebPage\",\"@id\":\"https:\\\/\\\/filan.am\\\/?p=4164\",\"url\":\"https:\\\/\\\/filan.am\\\/?p=4164\",\"name\":\"\u00c4itini n\u00e4ki vastasyntyneen tytt\u00e4reni ensimm\u00e4ist\u00e4 kertaa, n\u00e4ytti kauhistuneelta ja k\u00e4ski meid\u00e4n luovuttaa h\u00e4net \u2013 kun sain tiet\u00e4\u00e4 miksi, melkein py\u00f6rtyin. -\",\"isPartOf\":{\"@id\":\"https:\\\/\\\/filan.am\\\/#website\"},\"primaryImageOfPage\":{\"@id\":\"https:\\\/\\\/filan.am\\\/?p=4164#primaryimage\"},\"image\":{\"@id\":\"https:\\\/\\\/filan.am\\\/?p=4164#primaryimage\"},\"thumbnailUrl\":\"https:\\\/\\\/filan.am\\\/wp-content\\\/uploads\\\/2026\\\/09\\\/00000000000000002222222222.png\",\"datePublished\":\"2026-09-05T19:30:28+00:00\",\"dateModified\":\"2026-09-05T19:30:29+00:00\",\"author\":{\"@id\":\"https:\\\/\\\/filan.am\\\/#\\\/schema\\\/person\\\/b51c4ec26a4fec8a4f9b3ae0356b8f23\"},\"breadcrumb\":{\"@id\":\"https:\\\/\\\/filan.am\\\/?p=4164#breadcrumb\"},\"inLanguage\":\"ru-RU\",\"potentialAction\":[{\"@type\":\"ReadAction\",\"target\":[\"https:\\\/\\\/filan.am\\\/?p=4164\"]}]},{\"@type\":\"ImageObject\",\"inLanguage\":\"ru-RU\",\"@id\":\"https:\\\/\\\/filan.am\\\/?p=4164#primaryimage\",\"url\":\"https:\\\/\\\/filan.am\\\/wp-content\\\/uploads\\\/2026\\\/09\\\/00000000000000002222222222.png\",\"contentUrl\":\"https:\\\/\\\/filan.am\\\/wp-content\\\/uploads\\\/2026\\\/09\\\/00000000000000002222222222.png\",\"width\":516,\"height\":639},{\"@type\":\"BreadcrumbList\",\"@id\":\"https:\\\/\\\/filan.am\\\/?p=4164#breadcrumb\",\"itemListElement\":[{\"@type\":\"ListItem\",\"position\":1,\"name\":\"\u0413\u043b\u0430\u0432\u043d\u0430\u044f \u0441\u0442\u0440\u0430\u043d\u0438\u0446\u0430\",\"item\":\"https:\\\/\\\/filan.am\\\/\"},{\"@type\":\"ListItem\",\"position\":2,\"name\":\"\u00c4itini n\u00e4ki vastasyntyneen tytt\u00e4reni ensimm\u00e4ist\u00e4 kertaa, n\u00e4ytti kauhistuneelta ja k\u00e4ski meid\u00e4n luovuttaa h\u00e4net \u2013 kun sain tiet\u00e4\u00e4 miksi, melkein py\u00f6rtyin.\"}]},{\"@type\":\"WebSite\",\"@id\":\"https:\\\/\\\/filan.am\\\/#website\",\"url\":\"https:\\\/\\\/filan.am\\\/\",\"name\":\"\",\"description\":\"\",\"potentialAction\":[{\"@type\":\"SearchAction\",\"target\":{\"@type\":\"EntryPoint\",\"urlTemplate\":\"https:\\\/\\\/filan.am\\\/?s={search_term_string}\"},\"query-input\":{\"@type\":\"PropertyValueSpecification\",\"valueRequired\":true,\"valueName\":\"search_term_string\"}}],\"inLanguage\":\"ru-RU\"},{\"@type\":\"Person\",\"@id\":\"https:\\\/\\\/filan.am\\\/#\\\/schema\\\/person\\\/b51c4ec26a4fec8a4f9b3ae0356b8f23\",\"name\":\"filanam\",\"image\":{\"@type\":\"ImageObject\",\"inLanguage\":\"ru-RU\",\"@id\":\"https:\\\/\\\/secure.gravatar.com\\\/avatar\\\/a24f4ac3a683f3c87303db525abc00db51ea26ccedee11dfaf1cc0f9a481a5d2?s=96&d=mm&r=g\",\"url\":\"https:\\\/\\\/secure.gravatar.com\\\/avatar\\\/a24f4ac3a683f3c87303db525abc00db51ea26ccedee11dfaf1cc0f9a481a5d2?s=96&d=mm&r=g\",\"contentUrl\":\"https:\\\/\\\/secure.gravatar.com\\\/avatar\\\/a24f4ac3a683f3c87303db525abc00db51ea26ccedee11dfaf1cc0f9a481a5d2?s=96&d=mm&r=g\",\"caption\":\"filanam\"},\"sameAs\":[\"http:\\\/\\\/filan.am\"],\"url\":\"https:\\\/\\\/filan.am\\\/?author=1\"}]}<\/script>\n<!-- \/ Yoast SEO plugin. -->","yoast_head_json":{"title":"\u00c4itini n\u00e4ki vastasyntyneen tytt\u00e4reni ensimm\u00e4ist\u00e4 kertaa, n\u00e4ytti kauhistuneelta ja k\u00e4ski meid\u00e4n luovuttaa h\u00e4net \u2013 kun sain tiet\u00e4\u00e4 miksi, melkein py\u00f6rtyin. -","robots":{"index":"index","follow":"follow","max-snippet":"max-snippet:-1","max-image-preview":"max-image-preview:large","max-video-preview":"max-video-preview:-1"},"canonical":"https:\/\/filan.am\/?p=4164","og_locale":"ru_RU","og_type":"article","og_title":"\u00c4itini n\u00e4ki vastasyntyneen tytt\u00e4reni ensimm\u00e4ist\u00e4 kertaa, n\u00e4ytti kauhistuneelta ja k\u00e4ski meid\u00e4n luovuttaa h\u00e4net \u2013 kun sain tiet\u00e4\u00e4 miksi, melkein py\u00f6rtyin. -","og_description":"Olin aina ajatellut olevani onnekas, koska anoppini Carol tuntui kuin toiselta \u00e4idilt\u00e4. H\u00e4n tuki minua raskauden aikana ja malttamattomana odotti tapaavansa tytt\u00e4rentytt\u00e4rens\u00e4. Sitten","og_url":"https:\/\/filan.am\/?p=4164","article_published_time":"2026-09-05T19:30:28+00:00","article_modified_time":"2026-09-05T19:30:29+00:00","og_image":[{"width":516,"height":639,"url":"https:\/\/filan.am\/wp-content\/uploads\/2026\/09\/00000000000000002222222222.png","type":"image\/png"}],"author":"filanam","twitter_card":"summary_large_image","twitter_misc":{"\u041d\u0430\u043f\u0438\u0441\u0430\u043d\u043e \u0430\u0432\u0442\u043e\u0440\u043e\u043c":"filanam","\u041f\u0440\u0438\u043c\u0435\u0440\u043d\u043e\u0435 \u0432\u0440\u0435\u043c\u044f \u0434\u043b\u044f \u0447\u0442\u0435\u043d\u0438\u044f":"12 \u043c\u0438\u043d\u0443\u0442"},"schema":{"@context":"https:\/\/schema.org","@graph":[{"@type":"Article","@id":"https:\/\/filan.am\/?p=4164#article","isPartOf":{"@id":"https:\/\/filan.am\/?p=4164"},"author":{"name":"filanam","@id":"https:\/\/filan.am\/#\/schema\/person\/b51c4ec26a4fec8a4f9b3ae0356b8f23"},"headline":"\u00c4itini n\u00e4ki vastasyntyneen tytt\u00e4reni ensimm\u00e4ist\u00e4 kertaa, n\u00e4ytti kauhistuneelta ja k\u00e4ski meid\u00e4n luovuttaa h\u00e4net \u2013 kun sain tiet\u00e4\u00e4 miksi, melkein py\u00f6rtyin.","datePublished":"2026-09-05T19:30:28+00:00","dateModified":"2026-09-05T19:30:29+00:00","mainEntityOfPage":{"@id":"https:\/\/filan.am\/?p=4164"},"wordCount":2621,"commentCount":0,"image":{"@id":"https:\/\/filan.am\/?p=4164#primaryimage"},"thumbnailUrl":"https:\/\/filan.am\/wp-content\/uploads\/2026\/09\/00000000000000002222222222.png","articleSection":["NEWS"],"inLanguage":"ru-RU","potentialAction":[{"@type":"CommentAction","name":"Comment","target":["https:\/\/filan.am\/?p=4164#respond"]}]},{"@type":"WebPage","@id":"https:\/\/filan.am\/?p=4164","url":"https:\/\/filan.am\/?p=4164","name":"\u00c4itini n\u00e4ki vastasyntyneen tytt\u00e4reni ensimm\u00e4ist\u00e4 kertaa, n\u00e4ytti kauhistuneelta ja k\u00e4ski meid\u00e4n luovuttaa h\u00e4net \u2013 kun sain tiet\u00e4\u00e4 miksi, melkein py\u00f6rtyin. -","isPartOf":{"@id":"https:\/\/filan.am\/#website"},"primaryImageOfPage":{"@id":"https:\/\/filan.am\/?p=4164#primaryimage"},"image":{"@id":"https:\/\/filan.am\/?p=4164#primaryimage"},"thumbnailUrl":"https:\/\/filan.am\/wp-content\/uploads\/2026\/09\/00000000000000002222222222.png","datePublished":"2026-09-05T19:30:28+00:00","dateModified":"2026-09-05T19:30:29+00:00","author":{"@id":"https:\/\/filan.am\/#\/schema\/person\/b51c4ec26a4fec8a4f9b3ae0356b8f23"},"breadcrumb":{"@id":"https:\/\/filan.am\/?p=4164#breadcrumb"},"inLanguage":"ru-RU","potentialAction":[{"@type":"ReadAction","target":["https:\/\/filan.am\/?p=4164"]}]},{"@type":"ImageObject","inLanguage":"ru-RU","@id":"https:\/\/filan.am\/?p=4164#primaryimage","url":"https:\/\/filan.am\/wp-content\/uploads\/2026\/09\/00000000000000002222222222.png","contentUrl":"https:\/\/filan.am\/wp-content\/uploads\/2026\/09\/00000000000000002222222222.png","width":516,"height":639},{"@type":"BreadcrumbList","@id":"https:\/\/filan.am\/?p=4164#breadcrumb","itemListElement":[{"@type":"ListItem","position":1,"name":"\u0413\u043b\u0430\u0432\u043d\u0430\u044f \u0441\u0442\u0440\u0430\u043d\u0438\u0446\u0430","item":"https:\/\/filan.am\/"},{"@type":"ListItem","position":2,"name":"\u00c4itini n\u00e4ki vastasyntyneen tytt\u00e4reni ensimm\u00e4ist\u00e4 kertaa, n\u00e4ytti kauhistuneelta ja k\u00e4ski meid\u00e4n luovuttaa h\u00e4net \u2013 kun sain tiet\u00e4\u00e4 miksi, melkein py\u00f6rtyin."}]},{"@type":"WebSite","@id":"https:\/\/filan.am\/#website","url":"https:\/\/filan.am\/","name":"","description":"","potentialAction":[{"@type":"SearchAction","target":{"@type":"EntryPoint","urlTemplate":"https:\/\/filan.am\/?s={search_term_string}"},"query-input":{"@type":"PropertyValueSpecification","valueRequired":true,"valueName":"search_term_string"}}],"inLanguage":"ru-RU"},{"@type":"Person","@id":"https:\/\/filan.am\/#\/schema\/person\/b51c4ec26a4fec8a4f9b3ae0356b8f23","name":"filanam","image":{"@type":"ImageObject","inLanguage":"ru-RU","@id":"https:\/\/secure.gravatar.com\/avatar\/a24f4ac3a683f3c87303db525abc00db51ea26ccedee11dfaf1cc0f9a481a5d2?s=96&d=mm&r=g","url":"https:\/\/secure.gravatar.com\/avatar\/a24f4ac3a683f3c87303db525abc00db51ea26ccedee11dfaf1cc0f9a481a5d2?s=96&d=mm&r=g","contentUrl":"https:\/\/secure.gravatar.com\/avatar\/a24f4ac3a683f3c87303db525abc00db51ea26ccedee11dfaf1cc0f9a481a5d2?s=96&d=mm&r=g","caption":"filanam"},"sameAs":["http:\/\/filan.am"],"url":"https:\/\/filan.am\/?author=1"}]}},"_links":{"self":[{"href":"https:\/\/filan.am\/index.php?rest_route=\/wp\/v2\/posts\/4164","targetHints":{"allow":["GET"]}}],"collection":[{"href":"https:\/\/filan.am\/index.php?rest_route=\/wp\/v2\/posts"}],"about":[{"href":"https:\/\/filan.am\/index.php?rest_route=\/wp\/v2\/types\/post"}],"author":[{"embeddable":true,"href":"https:\/\/filan.am\/index.php?rest_route=\/wp\/v2\/users\/1"}],"replies":[{"embeddable":true,"href":"https:\/\/filan.am\/index.php?rest_route=%2Fwp%2Fv2%2Fcomments&post=4164"}],"version-history":[{"count":1,"href":"https:\/\/filan.am\/index.php?rest_route=\/wp\/v2\/posts\/4164\/revisions"}],"predecessor-version":[{"id":4166,"href":"https:\/\/filan.am\/index.php?rest_route=\/wp\/v2\/posts\/4164\/revisions\/4166"}],"wp:featuredmedia":[{"embeddable":true,"href":"https:\/\/filan.am\/index.php?rest_route=\/wp\/v2\/media\/4165"}],"wp:attachment":[{"href":"https:\/\/filan.am\/index.php?rest_route=%2Fwp%2Fv2%2Fmedia&parent=4164"}],"wp:term":[{"taxonomy":"category","embeddable":true,"href":"https:\/\/filan.am\/index.php?rest_route=%2Fwp%2Fv2%2Fcategories&post=4164"},{"taxonomy":"post_tag","embeddable":true,"href":"https:\/\/filan.am\/index.php?rest_route=%2Fwp%2Fv2%2Ftags&post=4164"}],"curies":[{"name":"wp","href":"https:\/\/api.w.org\/{rel}","templated":true}]}}