{"id":4148,"date":"2026-09-05T09:57:11","date_gmt":"2026-09-05T06:57:11","guid":{"rendered":"https:\/\/filan.am\/?p=4148"},"modified":"2026-09-05T09:57:12","modified_gmt":"2026-09-05T06:57:12","slug":"yksin-asuva-31-vuotias-mies-otti-luokseen-76-vuotiaan-naapurinsa-joka-oli-vuodepotilaana-naisen-sukulaiset-olettivat-etta-mies-toivoi-valtaavansa-naapurin-asunnon-mutta-kuultuaan-miehen-puhuvan-hi","status":"publish","type":"post","link":"https:\/\/filan.am\/?p=4148","title":{"rendered":"Yksin asuva 31-vuotias mies otti luokseen 76-vuotiaan naapurinsa, joka oli vuodepotilaana. Naisen sukulaiset olettivat, ett\u00e4 mies toivoi valtaavansa naapurin asunnon, mutta kuultuaan miehen puhuvan hiljaa h\u00e4nelle joka ilta, he olivat sanattomia."},"content":{"rendered":"\n<p class=\"wp-block-paragraph\">Olen kolmekymment\u00e4yksivuotias. Asun yksin ja ty\u00f6skentelen et\u00e4n\u00e4. Anna Petrovna, hiljainen ja siisti seitsem\u00e4nkymment\u00e4kuusivuotias nainen, asui kadun toisella puolella olevassa talossa monta vuotta. Viime kuukausina h\u00e4n poistui harvoin kotoa, ja sitten h\u00e4n lakkasi nousemasta s\u00e4ngyst\u00e4 kokonaan. Huomasin, ettei kukaan tullut katsomaan h\u00e4nt\u00e4 viikkoihin, ett\u00e4 jopa lomap\u00e4ivin\u00e4 h\u00e4nen ikkunansa pysyiv\u00e4t pimein\u00e4 ja ett\u00e4 h\u00e4n n\u00e4ytti p\u00e4iv\u00e4 p\u00e4iv\u00e4lt\u00e4 heikommalta.<\/p>\n\n\n\n<p class=\"wp-block-paragraph\">Kun p\u00e4\u00e4tin siirt\u00e4\u00e4 h\u00e4net vierashuoneeseen talossani, sukulaiset ilmestyiv\u00e4t paikalle l\u00e4hes v\u00e4litt\u00f6m\u00e4sti. Veljenpoikani Sergei juoksi kuistille ja heti minut n\u00e4hdess\u00e4\u00e4n huusi:<\/p>\n\n\n\n<figure class=\"wp-block-image size-full\"><img loading=\"lazy\" decoding=\"async\" width=\"510\" height=\"632\" src=\"https:\/\/filan.am\/wp-content\/uploads\/2026\/09\/0002000000000000.png\" alt=\"\" class=\"wp-image-4149\" srcset=\"https:\/\/filan.am\/wp-content\/uploads\/2026\/09\/0002000000000000.png 510w, https:\/\/filan.am\/wp-content\/uploads\/2026\/09\/0002000000000000-242x300.png 242w\" sizes=\"auto, (max-width: 510px) 100vw, 510px\" \/><\/figure>\n\n\n\n<p class=\"wp-block-paragraph\">&#171;Tajuatko edes, mit\u00e4 teet? Luuletko, ettemme tied\u00e4, miksi otit h\u00e4net luoksesi?&#187;<\/p>\n\n\n\n<p class=\"wp-block-paragraph\">&#171;Pid\u00e4 \u00e4\u00e4nesi hiljaisena&#187;, vastasin. &#171;H\u00e4nell\u00e4 on jo tarpeeksi vaikeaa.&#187;<\/p>\n\n\n\n<p class=\"wp-block-paragraph\">&#171;\u00c4l\u00e4 leiki jaloa pelastajaa&#187;, h\u00e4n tiuskaisi. &#171;Tarvitsetko h\u00e4nen asuntoaan? Vai h\u00e4nen s\u00e4\u00e4st\u00f6j\u00e4\u00e4n?&#187; P\u00e4\u00e4titk\u00f6 k\u00e4ytt\u00e4\u00e4 hyv\u00e4ksesi naisen vakavaa sairautta?<\/p>\n\n\n\n<p class=\"wp-block-paragraph\">Nainen, kenties h\u00e4nen serkkunsa, puhui heti h\u00e4nen takaansa:<\/p>\n\n\n\n<p class=\"wp-block-paragraph\">&#171;Menn\u00e4\u00e4n poliisin puheille. Tunnemme t\u00e4llaiset tyypit oikein hyvin. Ensin he teeskentelev\u00e4t auttavansa yksin\u00e4isi\u00e4 vanhuksia, ja sitten yht\u00e4kki\u00e4 he saavat asuntoja, laskuja ja kokonaisia \u200b\u200bperint\u00f6j\u00e4.&#187;<\/p>\n\n\n\n<p class=\"wp-block-paragraph\">Katsoin heit\u00e4 hiljaa.<\/p>\n\n\n\n<p class=\"wp-block-paragraph\">Viimeisen viiden vuoden aikana en ollut n\u00e4hnyt n\u00e4it\u00e4 ihmisi\u00e4 Anna Petrovnan talon l\u00e4hell\u00e4. He eiv\u00e4t olleet tulleet h\u00e4nen syntym\u00e4p\u00e4iv\u00e4juhliinsa, uuteen vuoteen tai edes vain kupilliselle teet\u00e4.<\/p>\n\n\n\n<p class=\"wp-block-paragraph\">Mutta nyt he seisoivat kuistillani, kovempina kuin kukaan muu, ja kertoivat h\u00e4nelle, kuinka paljon he olivat huolissaan h\u00e4nest\u00e4.<\/p>\n\n\n\n<p class=\"wp-block-paragraph\">&#171;Miss\u00e4 olit aiemmin?&#187; kysyin.<\/p>\n\n\n\n<p class=\"wp-block-paragraph\">Sergei punastui.<\/p>\n\n\n\n<p class=\"wp-block-paragraph\">&#171;Ei kuulu sinulle. H\u00e4n on sukulaisemme.&#187;<\/p>\n\n\n\n<p class=\"wp-block-paragraph\">&#171;Juuri niin&#187;, sanoin rauhallisesti. &#171;Miksi sitten min\u00e4 olin h\u00e4nen kanssaan kaikki n\u00e4m\u00e4 kuukaudet, eik\u00e4 kukaan teist\u00e4?&#187; Pitk\u00e4\u00e4n he uhkasivat minua poliisilla, asianajajilla ja lastensuojeluviranomaisilla. He v\u00e4ittiv\u00e4t, ett\u00e4 olin tarkoituksella saavuttanut i\u00e4kk\u00e4\u00e4n naisen luottamuksen saadakseni perinn\u00f6n.<\/p>\n\n\n\n<p class=\"wp-block-paragraph\">En edes yritt\u00e4nyt vakuuttaa heit\u00e4 toisin.<\/p>\n\n\n\n<p class=\"wp-block-paragraph\">Joka aamu tarkistin, oliko Anna Petrovna ottanut l\u00e4\u00e4kkeens\u00e4. Autoin h\u00e4nt\u00e4 sy\u00f6m\u00e4\u00e4n. Vaihdoin h\u00e4nen vetens\u00e4. Oikaisin tyynyt ja peiton.<\/p>\n\n\n\n<p class=\"wp-block-paragraph\">Ja joka ilta, tasan kello yhdeks\u00e4n, vedin tuolin h\u00e4nen s\u00e4ngyn viereen ja istuin h\u00e4nen viereens\u00e4.<\/p>\n\n\n\n<p class=\"wp-block-paragraph\">Er\u00e4\u00e4n\u00e4 p\u00e4iv\u00e4n\u00e4 h\u00e4n katsoi minua ja kysyi hiljaa:<\/p>\n\n\n\n<p class=\"wp-block-paragraph\">&#171;Aiotko kertoa minulle sen uudestaan?&#187;<\/p>\n\n\n\n<p class=\"wp-block-paragraph\">&#171;Totta kai.&#187;<\/p>\n\n\n\n<p class=\"wp-block-paragraph\">&#171;Vaikka alankin itke\u00e4 uudelleen?&#187;<\/p>\n\n\n\n<p class=\"wp-block-paragraph\">&#171;Silloinkin.&#187;<\/p>\n\n\n\n<p class=\"wp-block-paragraph\">Nojasin l\u00e4hemm\u00e4s ja aloin kuiskata sanoja, joita en ollut sanonut \u00e4\u00e4neen kenellek\u00e4\u00e4n vuosiin.<\/p>\n\n\n\n<p class=\"wp-block-paragraph\">H\u00e4n kuunteli minua t\u00e4ysin hiljaa. Joskus h\u00e4n sulki silm\u00e4ns\u00e4, joskus h\u00e4n piti k\u00e4dest\u00e4ni tiukasti kiinni, ik\u00e4\u00e4n kuin n\u00e4m\u00e4 keskustelut olisivat auttaneet h\u00e4nt\u00e4 kest\u00e4m\u00e4\u00e4n viel\u00e4 yhden p\u00e4iv\u00e4n.<\/p>\n\n\n\n<p class=\"wp-block-paragraph\">Ja oven takana olevat sukulaiset olivat vakuuttuneita siit\u00e4, ett\u00e4 he ymm\u00e4rsiv\u00e4t t\u00e4ysin hyvin, miksi nuori naapuri oli ottanut luokseen avuttoman vanhan naisen.<\/p>\n\n\n\n<p class=\"wp-block-paragraph\">Mutta he eiv\u00e4t voineet edes kuvitella, mit\u00e4 meid\u00e4n v\u00e4lill\u00e4mme tapahtui joka ilta&#8230;<\/p>\n\n\n\n<p class=\"wp-block-paragraph\">Sin\u00e4 p\u00e4iv\u00e4n\u00e4, kuten tavallista, tulin h\u00e4nen luokseen tasan kello yhdeks\u00e4n.<\/p>\n\n\n\n<p class=\"wp-block-paragraph\">Anna Petrovna makasi hieman minua kohti k\u00e4\u00e4ntyneen\u00e4, ja h\u00e4nen kasvoilleen ilmestyi tuskin huomaattava hymy. Hymy ilmestyi vasta, kun h\u00e4n tajusi, ett\u00e4 aion alkaa kertoa h\u00e4nen tarinaansa uudelleen.<\/p>\n\n\n\n<p class=\"wp-block-paragraph\">K\u00e4yt\u00e4v\u00e4ll\u00e4 kuului vaimeita \u00e4\u00e4ni\u00e4.<\/p>\n\n\n\n<p class=\"wp-block-paragraph\">Sergei ja h\u00e4nen sisarensa eiv\u00e4t l\u00e4hteneet. He p\u00e4\u00e4ttiv\u00e4t j\u00e4\u00e4d\u00e4 toivoen saavansa minut kiinni jostakin ep\u00e4ilytt\u00e4v\u00e4st\u00e4 ja lopulta todistavansa, ett\u00e4 minulla oli itsekk\u00e4it\u00e4 tarkoitusperi\u00e4.<\/p>\n\n\n\n<p class=\"wp-block-paragraph\">Vedin tuolin melkein aivan s\u00e4ngyn viereen ja nojauduin Anna Petrovnaa kohti, jotta vain h\u00e4n kuulisi sanani.<\/p>\n\n\n\n<p class=\"wp-block-paragraph\">&#171;Tied\u00e4ttek\u00f6&#187;, aloitin, &#171;t\u00e4n\u00e4\u00e4n jostain syyst\u00e4 muistin lapsuuteni. Olin silloin noin seitsem\u00e4nvuotias. Asuimme vanhassa pieness\u00e4 talossa, ja melkein joka aamu her\u00e4sin hiljaiseen lauluun keitti\u00f6st\u00e4.<\/p>\n\n\n\n<p class=\"wp-block-paragraph\">H\u00e4n kuunteli keskeytt\u00e4m\u00e4tt\u00e4.<\/p>\n\n\n\n<p class=\"wp-block-paragraph\">&#171;Se oli iso\u00e4itini laulamassa. H\u00e4n nousi yl\u00f6s ennen muita, teki omenapannukakkuja, ja koko talo tuoksui kanelilta.&#187; Ja kun juoksin keitti\u00f6\u00f6n, h\u00e4n silitti hiuksiani k\u00e4dell\u00e4\u00e4n ja toisti aina samaa lausetta: &#171;\u00c4l\u00e4 pelk\u00e4\u00e4 mit\u00e4\u00e4n, kulta. Niin kauan kuin olen t\u00e4\u00e4ll\u00e4, kaikki on hyvin.&#187;<\/p>\n\n\n\n<p class=\"wp-block-paragraph\">Anna Petrovna sulki silm\u00e4ns\u00e4.<\/p>\n\n\n\n<p class=\"wp-block-paragraph\">Kyynel valui hitaasti h\u00e4nen poskeaan pitkin.<\/p>\n\n\n\n<p class=\"wp-block-paragraph\">Puristan h\u00e4nen k\u00e4tt\u00e4\u00e4n hell\u00e4sti.<\/p>\n\n\n\n<p class=\"wp-block-paragraph\">&#171;Sitten menin kouluun, ja iso\u00e4iti sairastui vakavasti. Vanhempani ty\u00f6skenteliv\u00e4t paljon, joten koulun j\u00e4lkeen istuin h\u00e4nen vuoteensa vieress\u00e4 melkein joka p\u00e4iv\u00e4. Luin h\u00e4nelle kirjoja \u00e4\u00e4neen. Joskus tuntikausia, kunnes h\u00e4n nukahti.&#187;<\/p>\n\n\n\n<p class=\"wp-block-paragraph\">Pys\u00e4hdyin hetkeksi.<\/p>\n\n\n\n<p class=\"wp-block-paragraph\">&#171;Mutta jopa unissaan h\u00e4n etsi edelleen k\u00e4tt\u00e4ni. Ja sitten h\u00e4n hyr\u00e4ili hiljaa samaa melodiaa, jonka kuulin aamuisin. Siin\u00e4 ei ollut edes sanoja. Vain muutama toistuva nuotti. Mutta minulle se oli t\u00e4rke\u00e4mp\u00e4\u00e4 kuin mitk\u00e4\u00e4n sanat. Se oli oma kielemme.&#187;<\/p>\n\n\n\n<p class=\"wp-block-paragraph\">K\u00e4yt\u00e4v\u00e4st\u00e4 kuului pehme\u00e4 kahina.<\/p>\n\n\n\n<p class=\"wp-block-paragraph\">Sukulaisteni on t\u00e4ytynyt tulla viel\u00e4 l\u00e4hemm\u00e4ksi.<\/p>\n\n\n\n<p class=\"wp-block-paragraph\">Mutta he eiv\u00e4t viel\u00e4k\u00e4\u00e4n pystyneet erottamaan sanojani.<\/p>\n\n\n\n<p class=\"wp-block-paragraph\">\u2013 Ja kun iso\u00e4iti kuoli, jatkoin ja tunsin \u00e4\u00e4neni heikkenev\u00e4n, k\u00e4vi ilmi, etten voinut el\u00e4\u00e4 ilman jotakuta, joka odotti minua. Vanhempani olivat aina kiireisi\u00e4, koulukaverini kulkivat v\u00e4hitellen omille teilleen. Ja iltaisin istuin tyhj\u00e4ss\u00e4 keitti\u00f6ss\u00e4 ja yritin muistaa kanelin tuoksun, h\u00e4nen \u00e4\u00e4nens\u00e4, h\u00e4nen k\u00e4tens\u00e4 l\u00e4mm\u00f6n.<\/p>\n\n\n\n<p class=\"wp-block-paragraph\">Otin syv\u00e4\u00e4n henke\u00e4.<\/p>\n\n\n\n<p class=\"wp-block-paragraph\">\u2013 Mutta ajan my\u00f6t\u00e4 kaikki se alkoi haalistua. Ja sitten lupasin itselleni: jos jonain p\u00e4iv\u00e4n\u00e4 vierell\u00e4ni olisi joku, joka vain tarvitsisi jonkun \u00e4\u00e4nt\u00e4, en koskaan antaisi h\u00e4nen olla yksin hiljaisuudessa.<\/p>\n\n\n\n<p class=\"wp-block-paragraph\">Anna Petrovna avasi silm\u00e4ns\u00e4.<\/p>\n\n\n\n<p class=\"wp-block-paragraph\">Niiss\u00e4 oli kyyneleit\u00e4, mutta sill\u00e4 hetkell\u00e4 ei ollut juurikaan pelkoa.<\/p>\n\n\n\n<p class=\"wp-block-paragraph\">\u2013 Siksi tulen t\u00e4nne nyt, kuiskasin. \u2013 Jotta tied\u00e4t: et ole yksin. Istun t\u00e4ss\u00e4 ja puhun niin kauan kuin on tarpeen. Kunnes k\u00e4sket minun olla hiljaa. Koska tied\u00e4n, kuinka pelottavaa on tuntea, ett\u00e4 katoaa hitaasti, eik\u00e4 kukaan ole edes kuulemassa hengityst\u00e4si.<\/p>\n\n\n\n<p class=\"wp-block-paragraph\">H\u00e4n puristi sormiani tiukemmin.<\/p>\n\n\n\n<p class=\"wp-block-paragraph\">Aivan kuin h\u00e4nen hauras k\u00e4tens\u00e4 olisi yht\u00e4kki\u00e4 saanut voimaa.<\/p>\n\n\n\n<p class=\"wp-block-paragraph\">Ja h\u00e4n sanoi, tuskin kuuluvasti:<\/p>\n\n\n\n<p class=\"wp-block-paragraph\">&#171;Kiitos, ett\u00e4 muistat viel\u00e4 tuon melodian&#8230;&#187;<\/p>\n\n\n\n<p class=\"wp-block-paragraph\">J\u00e4hmyin.<\/p>\n\n\n\n<p class=\"wp-block-paragraph\">En ollut koskaan kertonut h\u00e4nelle mit\u00e4\u00e4n iso\u00e4idist\u00e4ni ennen sit\u00e4 iltaa.<\/p>\n\n\n\n<p class=\"wp-block-paragraph\">Enk\u00e4 todellakaan ollut kertonut h\u00e4nelle melodiasta.<\/p>\n\n\n\n<p class=\"wp-block-paragraph\">Mutta Anna Petrovna sanoi juuri niin.<\/p>\n\n\n\n<p class=\"wp-block-paragraph\">Sill\u00e4 hetkell\u00e4 tajusin yht\u00e4kki\u00e4, ett\u00e4 olimme molemmat puhuneet samaa kielt\u00e4 jo pitk\u00e4\u00e4n.<\/p>\n\n\n\n<p class=\"wp-block-paragraph\">Tyhjien talojen kielt\u00e4.<\/p>\n\n\n\n<p class=\"wp-block-paragraph\">Pitkien iltojen kielt\u00e4.<\/p>\n\n\n\n<p class=\"wp-block-paragraph\">K\u00e4sien kielt\u00e4, jotka kerran pitiv\u00e4t meit\u00e4 t\u00e4ss\u00e4 maailmassa ja sitten katosivat.<\/p>\n\n\n\n<p class=\"wp-block-paragraph\">Joku nyyhkytti oven takana.<\/p>\n\n\n\n<p class=\"wp-block-paragraph\">K\u00e4\u00e4nnyin ymp\u00e4ri.<\/p>\n\n\n\n<p class=\"wp-block-paragraph\">Ovi avautui hitaasti.<\/p>\n\n\n\n<p class=\"wp-block-paragraph\">Sergei seisoi oviaukossa.<\/p>\n\n\n\n<p class=\"wp-block-paragraph\">H\u00e4nen kasvonsa olivat kalpenneet, silm\u00e4t punaisina.<\/p>\n\n\n\n<p class=\"wp-block-paragraph\">T\u00e4m\u00e4 ei ollut en\u00e4\u00e4 nuori mies, joka etsii i\u00e4kk\u00e4\u00e4n naisen asuntoa.<\/p>\n\n\n\n<p class=\"wp-block-paragraph\">H\u00e4n n\u00e4ki miehen, joka oli aikoinaan istunut kuolevan rakkaansa vuoteen vierell\u00e4 eik\u00e4 nyt halunnut kenenk\u00e4\u00e4n muun kokevan h\u00e4nen viimeisten p\u00e4iviens\u00e4 yksin\u00e4isyytt\u00e4.<\/p>\n\n\n\n<p class=\"wp-block-paragraph\">Mies, joka oli seissyt Anna Petrovnan rinnalla koko sen ajan, kun h\u00e4nen oma perheens\u00e4 l\u00f6ysi satoja syit\u00e4 olla tulematta.<\/p>\n\n\n\n<p class=\"wp-block-paragraph\">Sergei yritti sanoa jotain.<\/p>\n\n\n\n<p class=\"wp-block-paragraph\">Mutta laitoin sormeni huulilleni.<\/p>\n\n\n\n<p class=\"wp-block-paragraph\">&#171;Ei nyt&#187;, sanoin hiljaa. &#171;Meill\u00e4 on viel\u00e4 aikaa. Emme ole viel\u00e4 kertoneet toisillemme kaikkea.&#187;<\/p>\n\n\n\n<p class=\"wp-block-paragraph\">H\u00e4n ny\u00f6kk\u00e4si hitaasti.<\/p>\n\n\n\n<p class=\"wp-block-paragraph\">Sitten h\u00e4n vet\u00e4ytyi k\u00e4yt\u00e4v\u00e4\u00e4n ja sulki oven huolellisesti.<\/p>\n\n\n\n<p class=\"wp-block-paragraph\">Kuulin h\u00e4nen sanovan jotain sisarelleen.<\/p>\n\n\n\n<p class=\"wp-block-paragraph\">Mutta nyt heid\u00e4n \u00e4\u00e4ness\u00e4\u00e4n ei ollut syyt\u00f6st\u00e4 tai vihaa.<\/p>\n\n\n\n<p class=\"wp-block-paragraph\">Vain h\u00e4mmennyst\u00e4.<\/p>\n\n\n\n<p class=\"wp-block-paragraph\">Ja silt\u00e4 n\u00e4ytti my\u00f6s h\u00e4pe\u00e4\u00e4.<\/p>\n\n\n\n<p class=\"wp-block-paragraph\">K\u00e4\u00e4nnyin takaisin Anna Petrovnan puoleen.<\/p>\n\n\n\n<p class=\"wp-block-paragraph\">Ja sitten, ymm\u00e4rt\u00e4m\u00e4tt\u00e4 oikein miksi, aloin hyr\u00e4ill\u00e4 hyvin hiljaa samaa lapsuuden melodiaa, jonka luulin unohtaneeni kaksikymment\u00e4 vuotta sitten.<\/p>\n\n\n\n<p class=\"wp-block-paragraph\">Muutamaa sekuntia my\u00f6hemmin h\u00e4n hiljaa poimi sen.<\/p>\n\n\n\n<p class=\"wp-block-paragraph\">Ja yht\u00e4kki\u00e4 h\u00e4m\u00e4r\u00e4ss\u00e4 huoneessa kaksi uskomattoman yksin\u00e4ist\u00e4 ihmist\u00e4 alkoi laulaa.<\/p>\n\n\n\n<p class=\"wp-block-paragraph\">Siell\u00e4 kukaan ei en\u00e4\u00e4 ajatellut asuntoja, testamentteja tai rahaa.<\/p>\n\n\n\n<p class=\"wp-block-paragraph\">J\u00e4ljell\u00e4 oli vain inhimillinen l\u00e4mp\u00f6 \u2013 sellainen, joka joskus katoaa sekunnissa ja jonka takaisin saaminen voi vied\u00e4 koko el\u00e4m\u00e4n.<\/p>\n\n\n\n<p class=\"wp-block-paragraph\"><\/p>\n","protected":false},"excerpt":{"rendered":"Olen kolmekymment\u00e4yksivuotias. Asun yksin ja ty\u00f6skentelen et\u00e4n\u00e4. Anna Petrovna, hiljainen ja siisti seitsem\u00e4nkymment\u00e4kuusivuotias nainen, asui kadun toisella puolella olevassa talossa monta vuotta. Viime \n<a class=\"moretag\" href=\"https:\/\/filan.am\/?p=4148\"> [...]<\/a>","protected":false},"author":1,"featured_media":4149,"comment_status":"open","ping_status":"open","sticky":false,"template":"","format":"standard","meta":{"footnotes":""},"categories":[1],"tags":[],"class_list":["post-4148","post","type-post","status-publish","format-standard","has-post-thumbnail","hentry","category-news"],"yoast_head":"<!-- This site is optimized with the Yoast SEO plugin v28.4 - https:\/\/yoast.com\/product\/yoast-seo-wordpress\/ -->\n<title>Yksin asuva 31-vuotias mies otti luokseen 76-vuotiaan naapurinsa, joka oli vuodepotilaana. Naisen sukulaiset olettivat, ett\u00e4 mies toivoi valtaavansa naapurin asunnon, mutta kuultuaan miehen puhuvan hiljaa h\u00e4nelle joka ilta, he olivat sanattomia. -<\/title>\n<meta name=\"robots\" content=\"index, follow, max-snippet:-1, max-image-preview:large, max-video-preview:-1\" \/>\n<link rel=\"canonical\" href=\"https:\/\/filan.am\/?p=4148\" \/>\n<meta property=\"og:locale\" content=\"ru_RU\" \/>\n<meta property=\"og:type\" content=\"article\" \/>\n<meta property=\"og:title\" content=\"Yksin asuva 31-vuotias mies otti luokseen 76-vuotiaan naapurinsa, joka oli vuodepotilaana. Naisen sukulaiset olettivat, ett\u00e4 mies toivoi valtaavansa naapurin asunnon, mutta kuultuaan miehen puhuvan hiljaa h\u00e4nelle joka ilta, he olivat sanattomia. -\" \/>\n<meta property=\"og:description\" content=\"Olen kolmekymment\u00e4yksivuotias. Asun yksin ja ty\u00f6skentelen et\u00e4n\u00e4. Anna Petrovna, hiljainen ja siisti seitsem\u00e4nkymment\u00e4kuusivuotias nainen, asui kadun toisella puolella olevassa talossa monta vuotta. Viime\" \/>\n<meta property=\"og:url\" content=\"https:\/\/filan.am\/?p=4148\" \/>\n<meta property=\"article:published_time\" content=\"2026-09-05T06:57:11+00:00\" \/>\n<meta property=\"article:modified_time\" content=\"2026-09-05T06:57:12+00:00\" \/>\n<meta property=\"og:image\" content=\"https:\/\/filan.am\/wp-content\/uploads\/2026\/09\/0002000000000000.png\" \/>\n\t<meta property=\"og:image:width\" content=\"510\" \/>\n\t<meta property=\"og:image:height\" content=\"632\" \/>\n\t<meta property=\"og:image:type\" content=\"image\/png\" \/>\n<meta name=\"author\" content=\"filanam\" \/>\n<meta name=\"twitter:card\" content=\"summary_large_image\" \/>\n<meta name=\"twitter:label1\" content=\"\u041d\u0430\u043f\u0438\u0441\u0430\u043d\u043e \u0430\u0432\u0442\u043e\u0440\u043e\u043c\" \/>\n\t<meta name=\"twitter:data1\" content=\"filanam\" \/>\n\t<meta name=\"twitter:label2\" content=\"\u041f\u0440\u0438\u043c\u0435\u0440\u043d\u043e\u0435 \u0432\u0440\u0435\u043c\u044f \u0434\u043b\u044f \u0447\u0442\u0435\u043d\u0438\u044f\" \/>\n\t<meta name=\"twitter:data2\" content=\"6 \u043c\u0438\u043d\u0443\u0442\" \/>\n<script type=\"application\/ld+json\" class=\"yoast-schema-graph\">{\"@context\":\"https:\\\/\\\/schema.org\",\"@graph\":[{\"@type\":\"Article\",\"@id\":\"https:\\\/\\\/filan.am\\\/?p=4148#article\",\"isPartOf\":{\"@id\":\"https:\\\/\\\/filan.am\\\/?p=4148\"},\"author\":{\"name\":\"filanam\",\"@id\":\"https:\\\/\\\/filan.am\\\/#\\\/schema\\\/person\\\/b51c4ec26a4fec8a4f9b3ae0356b8f23\"},\"headline\":\"Yksin asuva 31-vuotias mies otti luokseen 76-vuotiaan naapurinsa, joka oli vuodepotilaana. Naisen sukulaiset olettivat, ett\u00e4 mies toivoi valtaavansa naapurin asunnon, mutta kuultuaan miehen puhuvan hiljaa h\u00e4nelle joka ilta, he olivat sanattomia.\",\"datePublished\":\"2026-09-05T06:57:11+00:00\",\"dateModified\":\"2026-09-05T06:57:12+00:00\",\"mainEntityOfPage\":{\"@id\":\"https:\\\/\\\/filan.am\\\/?p=4148\"},\"wordCount\":1307,\"commentCount\":0,\"image\":{\"@id\":\"https:\\\/\\\/filan.am\\\/?p=4148#primaryimage\"},\"thumbnailUrl\":\"https:\\\/\\\/filan.am\\\/wp-content\\\/uploads\\\/2026\\\/09\\\/0002000000000000.png\",\"articleSection\":[\"NEWS\"],\"inLanguage\":\"ru-RU\",\"potentialAction\":[{\"@type\":\"CommentAction\",\"name\":\"Comment\",\"target\":[\"https:\\\/\\\/filan.am\\\/?p=4148#respond\"]}]},{\"@type\":\"WebPage\",\"@id\":\"https:\\\/\\\/filan.am\\\/?p=4148\",\"url\":\"https:\\\/\\\/filan.am\\\/?p=4148\",\"name\":\"Yksin asuva 31-vuotias mies otti luokseen 76-vuotiaan naapurinsa, joka oli vuodepotilaana. Naisen sukulaiset olettivat, ett\u00e4 mies toivoi valtaavansa naapurin asunnon, mutta kuultuaan miehen puhuvan hiljaa h\u00e4nelle joka ilta, he olivat sanattomia. -\",\"isPartOf\":{\"@id\":\"https:\\\/\\\/filan.am\\\/#website\"},\"primaryImageOfPage\":{\"@id\":\"https:\\\/\\\/filan.am\\\/?p=4148#primaryimage\"},\"image\":{\"@id\":\"https:\\\/\\\/filan.am\\\/?p=4148#primaryimage\"},\"thumbnailUrl\":\"https:\\\/\\\/filan.am\\\/wp-content\\\/uploads\\\/2026\\\/09\\\/0002000000000000.png\",\"datePublished\":\"2026-09-05T06:57:11+00:00\",\"dateModified\":\"2026-09-05T06:57:12+00:00\",\"author\":{\"@id\":\"https:\\\/\\\/filan.am\\\/#\\\/schema\\\/person\\\/b51c4ec26a4fec8a4f9b3ae0356b8f23\"},\"breadcrumb\":{\"@id\":\"https:\\\/\\\/filan.am\\\/?p=4148#breadcrumb\"},\"inLanguage\":\"ru-RU\",\"potentialAction\":[{\"@type\":\"ReadAction\",\"target\":[\"https:\\\/\\\/filan.am\\\/?p=4148\"]}]},{\"@type\":\"ImageObject\",\"inLanguage\":\"ru-RU\",\"@id\":\"https:\\\/\\\/filan.am\\\/?p=4148#primaryimage\",\"url\":\"https:\\\/\\\/filan.am\\\/wp-content\\\/uploads\\\/2026\\\/09\\\/0002000000000000.png\",\"contentUrl\":\"https:\\\/\\\/filan.am\\\/wp-content\\\/uploads\\\/2026\\\/09\\\/0002000000000000.png\",\"width\":510,\"height\":632},{\"@type\":\"BreadcrumbList\",\"@id\":\"https:\\\/\\\/filan.am\\\/?p=4148#breadcrumb\",\"itemListElement\":[{\"@type\":\"ListItem\",\"position\":1,\"name\":\"\u0413\u043b\u0430\u0432\u043d\u0430\u044f \u0441\u0442\u0440\u0430\u043d\u0438\u0446\u0430\",\"item\":\"https:\\\/\\\/filan.am\\\/\"},{\"@type\":\"ListItem\",\"position\":2,\"name\":\"Yksin asuva 31-vuotias mies otti luokseen 76-vuotiaan naapurinsa, joka oli vuodepotilaana. Naisen sukulaiset olettivat, ett\u00e4 mies toivoi valtaavansa naapurin asunnon, mutta kuultuaan miehen puhuvan hiljaa h\u00e4nelle joka ilta, he olivat sanattomia.\"}]},{\"@type\":\"WebSite\",\"@id\":\"https:\\\/\\\/filan.am\\\/#website\",\"url\":\"https:\\\/\\\/filan.am\\\/\",\"name\":\"\",\"description\":\"\",\"potentialAction\":[{\"@type\":\"SearchAction\",\"target\":{\"@type\":\"EntryPoint\",\"urlTemplate\":\"https:\\\/\\\/filan.am\\\/?s={search_term_string}\"},\"query-input\":{\"@type\":\"PropertyValueSpecification\",\"valueRequired\":true,\"valueName\":\"search_term_string\"}}],\"inLanguage\":\"ru-RU\"},{\"@type\":\"Person\",\"@id\":\"https:\\\/\\\/filan.am\\\/#\\\/schema\\\/person\\\/b51c4ec26a4fec8a4f9b3ae0356b8f23\",\"name\":\"filanam\",\"image\":{\"@type\":\"ImageObject\",\"inLanguage\":\"ru-RU\",\"@id\":\"https:\\\/\\\/secure.gravatar.com\\\/avatar\\\/a24f4ac3a683f3c87303db525abc00db51ea26ccedee11dfaf1cc0f9a481a5d2?s=96&d=mm&r=g\",\"url\":\"https:\\\/\\\/secure.gravatar.com\\\/avatar\\\/a24f4ac3a683f3c87303db525abc00db51ea26ccedee11dfaf1cc0f9a481a5d2?s=96&d=mm&r=g\",\"contentUrl\":\"https:\\\/\\\/secure.gravatar.com\\\/avatar\\\/a24f4ac3a683f3c87303db525abc00db51ea26ccedee11dfaf1cc0f9a481a5d2?s=96&d=mm&r=g\",\"caption\":\"filanam\"},\"sameAs\":[\"http:\\\/\\\/filan.am\"],\"url\":\"https:\\\/\\\/filan.am\\\/?author=1\"}]}<\/script>\n<!-- \/ Yoast SEO plugin. -->","yoast_head_json":{"title":"Yksin asuva 31-vuotias mies otti luokseen 76-vuotiaan naapurinsa, joka oli vuodepotilaana. Naisen sukulaiset olettivat, ett\u00e4 mies toivoi valtaavansa naapurin asunnon, mutta kuultuaan miehen puhuvan hiljaa h\u00e4nelle joka ilta, he olivat sanattomia. -","robots":{"index":"index","follow":"follow","max-snippet":"max-snippet:-1","max-image-preview":"max-image-preview:large","max-video-preview":"max-video-preview:-1"},"canonical":"https:\/\/filan.am\/?p=4148","og_locale":"ru_RU","og_type":"article","og_title":"Yksin asuva 31-vuotias mies otti luokseen 76-vuotiaan naapurinsa, joka oli vuodepotilaana. Naisen sukulaiset olettivat, ett\u00e4 mies toivoi valtaavansa naapurin asunnon, mutta kuultuaan miehen puhuvan hiljaa h\u00e4nelle joka ilta, he olivat sanattomia. -","og_description":"Olen kolmekymment\u00e4yksivuotias. Asun yksin ja ty\u00f6skentelen et\u00e4n\u00e4. Anna Petrovna, hiljainen ja siisti seitsem\u00e4nkymment\u00e4kuusivuotias nainen, asui kadun toisella puolella olevassa talossa monta vuotta. Viime","og_url":"https:\/\/filan.am\/?p=4148","article_published_time":"2026-09-05T06:57:11+00:00","article_modified_time":"2026-09-05T06:57:12+00:00","og_image":[{"width":510,"height":632,"url":"https:\/\/filan.am\/wp-content\/uploads\/2026\/09\/0002000000000000.png","type":"image\/png"}],"author":"filanam","twitter_card":"summary_large_image","twitter_misc":{"\u041d\u0430\u043f\u0438\u0441\u0430\u043d\u043e \u0430\u0432\u0442\u043e\u0440\u043e\u043c":"filanam","\u041f\u0440\u0438\u043c\u0435\u0440\u043d\u043e\u0435 \u0432\u0440\u0435\u043c\u044f \u0434\u043b\u044f \u0447\u0442\u0435\u043d\u0438\u044f":"6 \u043c\u0438\u043d\u0443\u0442"},"schema":{"@context":"https:\/\/schema.org","@graph":[{"@type":"Article","@id":"https:\/\/filan.am\/?p=4148#article","isPartOf":{"@id":"https:\/\/filan.am\/?p=4148"},"author":{"name":"filanam","@id":"https:\/\/filan.am\/#\/schema\/person\/b51c4ec26a4fec8a4f9b3ae0356b8f23"},"headline":"Yksin asuva 31-vuotias mies otti luokseen 76-vuotiaan naapurinsa, joka oli vuodepotilaana. Naisen sukulaiset olettivat, ett\u00e4 mies toivoi valtaavansa naapurin asunnon, mutta kuultuaan miehen puhuvan hiljaa h\u00e4nelle joka ilta, he olivat sanattomia.","datePublished":"2026-09-05T06:57:11+00:00","dateModified":"2026-09-05T06:57:12+00:00","mainEntityOfPage":{"@id":"https:\/\/filan.am\/?p=4148"},"wordCount":1307,"commentCount":0,"image":{"@id":"https:\/\/filan.am\/?p=4148#primaryimage"},"thumbnailUrl":"https:\/\/filan.am\/wp-content\/uploads\/2026\/09\/0002000000000000.png","articleSection":["NEWS"],"inLanguage":"ru-RU","potentialAction":[{"@type":"CommentAction","name":"Comment","target":["https:\/\/filan.am\/?p=4148#respond"]}]},{"@type":"WebPage","@id":"https:\/\/filan.am\/?p=4148","url":"https:\/\/filan.am\/?p=4148","name":"Yksin asuva 31-vuotias mies otti luokseen 76-vuotiaan naapurinsa, joka oli vuodepotilaana. Naisen sukulaiset olettivat, ett\u00e4 mies toivoi valtaavansa naapurin asunnon, mutta kuultuaan miehen puhuvan hiljaa h\u00e4nelle joka ilta, he olivat sanattomia. -","isPartOf":{"@id":"https:\/\/filan.am\/#website"},"primaryImageOfPage":{"@id":"https:\/\/filan.am\/?p=4148#primaryimage"},"image":{"@id":"https:\/\/filan.am\/?p=4148#primaryimage"},"thumbnailUrl":"https:\/\/filan.am\/wp-content\/uploads\/2026\/09\/0002000000000000.png","datePublished":"2026-09-05T06:57:11+00:00","dateModified":"2026-09-05T06:57:12+00:00","author":{"@id":"https:\/\/filan.am\/#\/schema\/person\/b51c4ec26a4fec8a4f9b3ae0356b8f23"},"breadcrumb":{"@id":"https:\/\/filan.am\/?p=4148#breadcrumb"},"inLanguage":"ru-RU","potentialAction":[{"@type":"ReadAction","target":["https:\/\/filan.am\/?p=4148"]}]},{"@type":"ImageObject","inLanguage":"ru-RU","@id":"https:\/\/filan.am\/?p=4148#primaryimage","url":"https:\/\/filan.am\/wp-content\/uploads\/2026\/09\/0002000000000000.png","contentUrl":"https:\/\/filan.am\/wp-content\/uploads\/2026\/09\/0002000000000000.png","width":510,"height":632},{"@type":"BreadcrumbList","@id":"https:\/\/filan.am\/?p=4148#breadcrumb","itemListElement":[{"@type":"ListItem","position":1,"name":"\u0413\u043b\u0430\u0432\u043d\u0430\u044f \u0441\u0442\u0440\u0430\u043d\u0438\u0446\u0430","item":"https:\/\/filan.am\/"},{"@type":"ListItem","position":2,"name":"Yksin asuva 31-vuotias mies otti luokseen 76-vuotiaan naapurinsa, joka oli vuodepotilaana. Naisen sukulaiset olettivat, ett\u00e4 mies toivoi valtaavansa naapurin asunnon, mutta kuultuaan miehen puhuvan hiljaa h\u00e4nelle joka ilta, he olivat sanattomia."}]},{"@type":"WebSite","@id":"https:\/\/filan.am\/#website","url":"https:\/\/filan.am\/","name":"","description":"","potentialAction":[{"@type":"SearchAction","target":{"@type":"EntryPoint","urlTemplate":"https:\/\/filan.am\/?s={search_term_string}"},"query-input":{"@type":"PropertyValueSpecification","valueRequired":true,"valueName":"search_term_string"}}],"inLanguage":"ru-RU"},{"@type":"Person","@id":"https:\/\/filan.am\/#\/schema\/person\/b51c4ec26a4fec8a4f9b3ae0356b8f23","name":"filanam","image":{"@type":"ImageObject","inLanguage":"ru-RU","@id":"https:\/\/secure.gravatar.com\/avatar\/a24f4ac3a683f3c87303db525abc00db51ea26ccedee11dfaf1cc0f9a481a5d2?s=96&d=mm&r=g","url":"https:\/\/secure.gravatar.com\/avatar\/a24f4ac3a683f3c87303db525abc00db51ea26ccedee11dfaf1cc0f9a481a5d2?s=96&d=mm&r=g","contentUrl":"https:\/\/secure.gravatar.com\/avatar\/a24f4ac3a683f3c87303db525abc00db51ea26ccedee11dfaf1cc0f9a481a5d2?s=96&d=mm&r=g","caption":"filanam"},"sameAs":["http:\/\/filan.am"],"url":"https:\/\/filan.am\/?author=1"}]}},"_links":{"self":[{"href":"https:\/\/filan.am\/index.php?rest_route=\/wp\/v2\/posts\/4148","targetHints":{"allow":["GET"]}}],"collection":[{"href":"https:\/\/filan.am\/index.php?rest_route=\/wp\/v2\/posts"}],"about":[{"href":"https:\/\/filan.am\/index.php?rest_route=\/wp\/v2\/types\/post"}],"author":[{"embeddable":true,"href":"https:\/\/filan.am\/index.php?rest_route=\/wp\/v2\/users\/1"}],"replies":[{"embeddable":true,"href":"https:\/\/filan.am\/index.php?rest_route=%2Fwp%2Fv2%2Fcomments&post=4148"}],"version-history":[{"count":1,"href":"https:\/\/filan.am\/index.php?rest_route=\/wp\/v2\/posts\/4148\/revisions"}],"predecessor-version":[{"id":4150,"href":"https:\/\/filan.am\/index.php?rest_route=\/wp\/v2\/posts\/4148\/revisions\/4150"}],"wp:featuredmedia":[{"embeddable":true,"href":"https:\/\/filan.am\/index.php?rest_route=\/wp\/v2\/media\/4149"}],"wp:attachment":[{"href":"https:\/\/filan.am\/index.php?rest_route=%2Fwp%2Fv2%2Fmedia&parent=4148"}],"wp:term":[{"taxonomy":"category","embeddable":true,"href":"https:\/\/filan.am\/index.php?rest_route=%2Fwp%2Fv2%2Fcategories&post=4148"},{"taxonomy":"post_tag","embeddable":true,"href":"https:\/\/filan.am\/index.php?rest_route=%2Fwp%2Fv2%2Ftags&post=4148"}],"curies":[{"name":"wp","href":"https:\/\/api.w.org\/{rel}","templated":true}]}}