{"id":4145,"date":"2026-09-04T21:15:52","date_gmt":"2026-09-04T18:15:52","guid":{"rendered":"https:\/\/filan.am\/?p=4145"},"modified":"2026-09-04T21:15:54","modified_gmt":"2026-09-04T18:15:54","slug":"jatin-lapseni-anoppini-luokse-vain-muutamaksi-minuutiksi-palattuani-nain-sinikeltaisen-merkin-hanen-oikeassa-kadessaan-ja-anoppini-oli-poissa","status":"publish","type":"post","link":"https:\/\/filan.am\/?p=4145","title":{"rendered":"J\u00e4tin lapseni anoppini luokse vain muutamaksi minuutiksi \u2013 palattuani n\u00e4in sinikeltaisen merkin h\u00e4nen oikeassa k\u00e4dess\u00e4\u00e4n, ja anoppini oli poissa."},"content":{"rendered":"\n<p class=\"wp-block-paragraph\">J\u00e4tin vauvani anoppini luokse vain muutamaksi minuutiksi \u2013 palattuani n\u00e4in sinikeltaisen merkin h\u00e4nen oikeassa k\u00e4dess\u00e4\u00e4n, ja anoppini oli poissa.<\/p>\n\n\n\n<p class=\"wp-block-paragraph\">Se oli ensimm\u00e4inen kerta, kun j\u00e4tin kolmen kuukauden ik\u00e4isen tytt\u00e4reni yksin anoppini kanssa. Vaikka se oli vain muutamaksi minuutiksi.<\/p>\n\n\n\n<p class=\"wp-block-paragraph\">Mieheni Daniel sanoi aina, ett\u00e4 minusta oli tullut liian ahdistunut \u00e4iti.<\/p>\n\n\n\n<figure class=\"wp-block-image size-full\"><img loading=\"lazy\" decoding=\"async\" width=\"800\" height=\"436\" src=\"https:\/\/filan.am\/wp-content\/uploads\/2026\/09\/02020222222222222.jpg\" alt=\"\" class=\"wp-image-4146\" srcset=\"https:\/\/filan.am\/wp-content\/uploads\/2026\/09\/02020222222222222.jpg 800w, https:\/\/filan.am\/wp-content\/uploads\/2026\/09\/02020222222222222-300x164.jpg 300w, https:\/\/filan.am\/wp-content\/uploads\/2026\/09\/02020222222222222-767x418.jpg 767w\" sizes=\"auto, (max-width: 800px) 100vw, 800px\" \/><\/figure>\n\n\n\n<p class=\"wp-block-paragraph\">&#171;\u00c4itini kasvatti kolme lasta&#187;, h\u00e4n sanoi. &#171;Voit luottaa h\u00e4neen.&#187;<\/p>\n\n\n\n<p class=\"wp-block-paragraph\">Mutta anoppini Margaret ja min\u00e4 emme olleet koskaan olleet kovin l\u00e4heisi\u00e4. H\u00e4n oli hyvin tiukka ja pid\u00e4ttyv\u00e4inen nainen.<\/p>\n\n\n\n<p class=\"wp-block-paragraph\">H\u00e4n kysyi harvoin, milt\u00e4 minusta tuntui raskauden aikana, ja Emman syntym\u00e4n j\u00e4lkeen h\u00e4n ei juuri koskaan pit\u00e4nyt h\u00e4nt\u00e4 syliss\u00e4.<\/p>\n\n\n\n<p class=\"wp-block-paragraph\">Joten olin yll\u00e4ttynyt, kun h\u00e4n tuli luoksemme odottamatta sin\u00e4 iltap\u00e4iv\u00e4n\u00e4 ja sanoi:<\/p>\n\n\n\n<p class=\"wp-block-paragraph\">&#171;Lep\u00e4\u00e4. Min\u00e4 hoidan vauvaa.&#187;<\/p>\n\n\n\n<p class=\"wp-block-paragraph\">Mutta Emma oli n\u00e4lk\u00e4inen, ja minun piti tehd\u00e4 h\u00e4nelle maitoa. Laitoin h\u00e4net varovasti Margaretin syliin.<\/p>\n\n\n\n<p class=\"wp-block-paragraph\">\u201dTue h\u00e4nen p\u00e4\u00e4t\u00e4\u00e4n kunnolla.\u201d<\/p>\n\n\n\n<p class=\"wp-block-paragraph\">Anoppini katsoi minua loukkaantuneena.<\/p>\n\n\n\n<p class=\"wp-block-paragraph\">\u201dTied\u00e4n kyll\u00e4, miten vauva pit\u00e4\u00e4 itsens\u00e4.\u201d<\/p>\n\n\n\n<p class=\"wp-block-paragraph\">En sanonut mit\u00e4\u00e4n ja menin keitti\u00f6\u00f6n.<\/p>\n\n\n\n<p class=\"wp-block-paragraph\">Muutaman minuutin kuluttua kuulin oudon \u00e4\u00e4nen olohuoneesta. Kuulosti silt\u00e4 kuin jokin olisi pudonnut lattialle. Sitten Emma p\u00e4\u00e4sti lyhyen itkun.<\/p>\n\n\n\n<p class=\"wp-block-paragraph\">Huusin heti:<\/p>\n\n\n\n<p class=\"wp-block-paragraph\">\u201dOnko kaikki hyvin?\u201d<\/p>\n\n\n\n<p class=\"wp-block-paragraph\">Anoppini ei vastannut.<\/p>\n\n\n\n<p class=\"wp-block-paragraph\">J\u00e4tin pullon keitti\u00f6n tiskille ja juoksin olohuoneeseen. Emma makasi sohvalla.<\/p>\n\n\n\n<p class=\"wp-block-paragraph\">H\u00e4n ei itkenyt, mutta h\u00e4n py\u00f6ritteli jalkojaan.<\/p>\n\n\n\n<p class=\"wp-block-paragraph\">Margaretia ei ollut paikalla.<\/p>\n\n\n\n<p class=\"wp-block-paragraph\">Nostin vauvani syliin ja juuri silloin huomasin oudon merkin h\u00e4nen oikeassa k\u00e4dess\u00e4\u00e4n. Juuri ranteen yl\u00e4puolella h\u00e4nen ihonsa oli muuttunut siniseksi ja keltaiseksi. Merkki muodosti tiukan ympyr\u00e4n koko h\u00e4nen k\u00e4tens\u00e4 ymp\u00e4rille.<\/p>\n\n\n\n<p class=\"wp-block-paragraph\">Syd\u00e4meni tuntui pys\u00e4htyneen.<\/p>\n\n\n\n<p class=\"wp-block-paragraph\">Muutama minuutti sitten merkki\u00e4 ei ollut ollut siell\u00e4.<\/p>\n\n\n\n<p class=\"wp-block-paragraph\">\u201dMargaret!\u201d<\/p>\n\n\n\n<p class=\"wp-block-paragraph\">kuva<\/p>\n\n\n\n<p class=\"wp-block-paragraph\">Juoksin k\u00e4yt\u00e4v\u00e4\u00e4n ja avasin kylpyhuoneen oven. Se oli tyhj\u00e4.<\/p>\n\n\n\n<p class=\"wp-block-paragraph\">Makuuhuoneessakaan ei ollut ket\u00e4\u00e4n.<\/p>\n\n\n\n<p class=\"wp-block-paragraph\">Lopulta n\u00e4in h\u00e4net takaoven luona. H\u00e4n polvistui roskakorin viereen ja etsi lattialta jotakin.<\/p>\n\n\n\n<p class=\"wp-block-paragraph\">&#171;Mit\u00e4 olet tehnyt vauvalleni?&#187; huusin.<\/p>\n\n\n\n<p class=\"wp-block-paragraph\">H\u00e4n k\u00e4\u00e4ntyi ymp\u00e4ri. H\u00e4nen k\u00e4tens\u00e4 t\u00e4risiv\u00e4t ja h\u00e4nen kasvonsa olivat tavallista kalpeammat.<\/p>\n\n\n\n<p class=\"wp-block-paragraph\">&#171;Kuuntele minua&#8230;&#187;<\/p>\n\n\n\n<p class=\"wp-block-paragraph\">&#171;H\u00e4nell\u00e4 on j\u00e4lki k\u00e4dess\u00e4\u00e4n! J\u00e4tin h\u00e4net yksin kanssasi vain viideksi minuutiksi!&#187;<\/p>\n\n\n\n<p class=\"wp-block-paragraph\">Margaret nousi seisomaan, mutta astuin taaksep\u00e4in ja pidin vauvaa tiukasti rintaani vasten.<\/p>\n\n\n\n<p class=\"wp-block-paragraph\">&#171;\u00c4l\u00e4 tule l\u00e4hemm\u00e4ksi.&#187;<\/p>\n\n\n\n<p class=\"wp-block-paragraph\">H\u00e4n katsoi Emman pient\u00e4 k\u00e4tt\u00e4 ja kuiskasi:<\/p>\n\n\n\n<p class=\"wp-block-paragraph\">&#171;Taas sinist\u00e4.&#187;<\/p>\n\n\n\n<p class=\"wp-block-paragraph\">Sanat pelottivat minua viel\u00e4 enemm\u00e4n.<\/p>\n\n\n\n<p class=\"wp-block-paragraph\">&#171;Taas? Joten tiesit siit\u00e4 jo?&#187;<\/p>\n\n\n\n<p class=\"wp-block-paragraph\">Vastaamisen sijaan h\u00e4n otti puhelimensa esiin ja soitti jollekulle.<\/p>\n\n\n\n<p class=\"wp-block-paragraph\">&#171;Vauva on kolmen kuukauden ik\u00e4inen&#187;, h\u00e4n sanoi nopeasti. &#171;Oikea k\u00e4si. Kyll\u00e4, poistin sen, mutta v\u00e4ri ei ole viel\u00e4 t\u00e4ysin palannut.&#187;<\/p>\n\n\n\n<p class=\"wp-block-paragraph\">Napasin puhelimen h\u00e4nen k\u00e4dest\u00e4\u00e4n. H\u00e4t\u00e4keskusp\u00e4ivyst\u00e4j\u00e4 oli linjan toisessa p\u00e4\u00e4ss\u00e4.<\/p>\n\n\n\n<p class=\"wp-block-paragraph\">Sill\u00e4 hetkell\u00e4 tajusin, ett\u00e4 oli tapahtunut jotain paljon vakavampaa kuin olin kuvitellut.<\/p>\n\n\n\n<p class=\"wp-block-paragraph\">Kymmenen minuuttia my\u00f6hemmin ensihoitajat olivat talollamme. He tutkivat Emman pienen k\u00e4den, tarkistivat h\u00e4nen sormiensa liikkeet ja tarkistivat h\u00e4nen verenkiertonsa.<\/p>\n\n\n\n<p class=\"wp-block-paragraph\">Kysyin jatkuvasti, mit\u00e4 oli tapahtunut, mutta kukaan ei antanut minulle selke\u00e4\u00e4 vastausta.<\/p>\n\n\n\n<p class=\"wp-block-paragraph\">Margaret istui hiljaa nurkassa puristaen jotakin tiukasti nyrkiss\u00e4\u00e4n.<\/p>\n\n\n\n<p class=\"wp-block-paragraph\">Kun yksi ensihoitajista pyysi h\u00e4nt\u00e4 avaamaan k\u00e4tens\u00e4, n\u00e4in siin\u00e4 pitk\u00e4n, l\u00e4hes n\u00e4kym\u00e4tt\u00f6m\u00e4n vaalean hiuksen.<\/p>\n\n\n\n<p class=\"wp-block-paragraph\">Tuijotin h\u00e4nt\u00e4 h\u00e4mmentyneen\u00e4.<\/p>\n\n\n\n<p class=\"wp-block-paragraph\">&#171;Mik\u00e4 se on?&#187;<\/p>\n\n\n\n<p class=\"wp-block-paragraph\">Ensihoitaja asetti hiuksen valkoiselle paperille.<\/p>\n\n\n\n<p class=\"wp-block-paragraph\">&#171;Se oli kiertynyt lapsen ranteen ymp\u00e4rille&#187;, h\u00e4n selitti. &#171;Sen on t\u00e4ytynyt juuttua h\u00e4nen vaatteidensa hihan sis\u00e4\u00e4n ja kiristyi v\u00e4hitellen.&#187;<\/p>\n\n\n\n<p class=\"wp-block-paragraph\">En ymm\u00e4rt\u00e4nyt.<\/p>\n\n\n\n<p class=\"wp-block-paragraph\">Kuinka yksi hius saattoi j\u00e4tt\u00e4\u00e4 sellaisen j\u00e4ljen?<\/p>\n\n\n\n<p class=\"wp-block-paragraph\">Ensihoitaja selitti, ett\u00e4 vauvan iho on \u00e4\u00e4rimm\u00e4isen herkk\u00e4. Hius tai ohut lanka voi kietoutua niin tiukasti sormen tai ranteen ymp\u00e4rille, ett\u00e4 se rajoittaa luonnollista verenkiertoa. Jos sit\u00e4 ei havaita ajoissa, seuraukset voivat olla vakavia.<\/p>\n\n\n\n<p class=\"wp-block-paragraph\">&#171;Ent\u00e4 keltainen v\u00e4ri?&#187; kysyin.<\/p>\n\n\n\n<p class=\"wp-block-paragraph\">&#171;H\u00e4nen iso\u00e4itins\u00e4 k\u00e4ytti vauvalle turvallista antiseptista ainetta ihon puhdistamiseen. Sininen v\u00e4ri johtui paineesta ja keltainen v\u00e4ri on antiseptisesta aineesta.&#187;<\/p>\n\n\n\n<p class=\"wp-block-paragraph\">K\u00e4\u00e4nnyin Margaretin puoleen.<\/p>\n\n\n\n<p class=\"wp-block-paragraph\">&#171;Miksi et soittanut minulle heti?&#187;<\/p>\n\n\n\n<p class=\"wp-block-paragraph\">H\u00e4n oli hiljaa pitk\u00e4\u00e4n.<\/p>\n\n\n\n<p class=\"wp-block-paragraph\">&#171;Koska panikoin.&#187;<\/p>\n\n\n\n<p class=\"wp-block-paragraph\">Kuulin ensimm\u00e4ist\u00e4 kertaa h\u00e4nen \u00e4\u00e4ness\u00e4\u00e4n pelkoa tavallisen ankaruuden sijaan.<\/p>\n\n\n\n<p class=\"wp-block-paragraph\">&#171;Kun Daniel oli nelj\u00e4n kuukauden ik\u00e4inen, sama tapahtui yhdelle h\u00e4nen varpaistaan. Huomasin sit\u00e4 vasta illalla. L\u00e4\u00e4k\u00e4ri pystyi hoitamaan h\u00e4nt\u00e4 viime hetkell\u00e4. Siit\u00e4 l\u00e4htien tarkistan h\u00e4nen sormensa, varpaansa ja ranteensa joka kerta, kun pid\u00e4n vauvaani syliss\u00e4ni.&#187;<\/p>\n\n\n\n<p class=\"wp-block-paragraph\">H\u00e4n katsoi Emmaa.<\/p>\n\n\n\n<p class=\"wp-block-paragraph\">\u201dKun h\u00e4n itki, luulin h\u00e4nen olevan vain n\u00e4lk\u00e4inen. Sitten huomasin, ettei h\u00e4nen oikea k\u00e4tens\u00e4 liikkunut normaalisti. Riisuin h\u00e4nen vaatteensa ja n\u00e4in hiukset. Ne olivat niin tiukasti kiedottuina, etten saanut sormiani niihin kiinni. Otin pienet sakset, leikkasin ne varovasti ja soitin heti h\u00e4t\u00e4numeroon.\u201d<\/p>\n\n\n\n<p class=\"wp-block-paragraph\">\u201dMiksi sitten olit roskiksella?\u201d<\/p>\n\n\n\n<p class=\"wp-block-paragraph\">\u201dPieni ruuvi putosi saksista. Pelk\u00e4sin, ett\u00e4 se j\u00e4isi lattialle ja joku astuisi sen p\u00e4\u00e4lle my\u00f6hemmin.\u201d<\/p>\n\n\n\n<p class=\"wp-block-paragraph\">Pysyin hiljaa.<\/p>\n\n\n\n<p class=\"wp-block-paragraph\">Vain muutama minuutti sitten olin vakuuttunut siit\u00e4, ett\u00e4 t\u00e4m\u00e4 nainen oli tehnyt jotain kauheaa lapselleni.<\/p>\n\n\n\n<p class=\"wp-block-paragraph\">Mutta todellisuudessa h\u00e4n oli huomannut jotain, mit\u00e4 en ollut n\u00e4hnyt \u2013 en edes silloin, kun puin Emmaa sin\u00e4 aamuna.<\/p>\n\n\n\n<p class=\"wp-block-paragraph\">Ensihoitaja tarkisti Emman pienen k\u00e4den uudelleen ja hymyili.<\/p>\n\n\n\n<p class=\"wp-block-paragraph\">\u201dH\u00e4nen verenkiertonsa on palannut normaaliksi. Vauva voi hyvin. H\u00e4nen iso\u00e4itins\u00e4 reagoi hyvin nopeasti.\u201d<\/p>\n\n\n\n<p class=\"wp-block-paragraph\">Margaret laski p\u00e4\u00e4ns\u00e4 alas.<\/p>\n\n\n\n<p class=\"wp-block-paragraph\">\u201dMinun olisi pit\u00e4nyt soittaa sinulle heti. Mutta kun n\u00e4in sinisen j\u00e4ljen, tunsin saman pelon kuin Danielin kanssa. Tuntui kuin olisin palannut ajassa 35 vuotta taaksep\u00e4in.\u201d<\/p>\n\n\n\n<p class=\"wp-block-paragraph\">Istuin h\u00e4nen viereens\u00e4 ja laitoin Emman varovasti h\u00e4nen syliins\u00e4.<\/p>\n\n\n\n<p class=\"wp-block-paragraph\">H\u00e4n katsoi minua yll\u00e4ttyneen\u00e4.<\/p>\n\n\n\n<p class=\"wp-block-paragraph\">\u201dOletko varma?\u201d<\/p>\n\n\n\n<p class=\"wp-block-paragraph\">\u201dKyll\u00e4\u201d, vastasin. \u201dMutta t\u00e4ll\u00e4 kertaa opeta minua hallitsemaan h\u00e4nen sormiaan, varpaitaan ja ranteitaan.\u201d<\/p>\n\n\n\n<p class=\"wp-block-paragraph\">Margaretin silm\u00e4t t\u00e4yttyiv\u00e4t kyynelist\u00e4, mutta h\u00e4n hymyili.<\/p>\n\n\n\n<p class=\"wp-block-paragraph\">Sin\u00e4 p\u00e4iv\u00e4n\u00e4 tajusin, ettei h\u00e4n ollut aina pit\u00e4nyt et\u00e4isyytt\u00e4, ei siksi, etteik\u00f6 h\u00e4n olisi v\u00e4litt\u00e4nyt meist\u00e4. H\u00e4n ei ollut v\u00e4ltellyt lapsenlapstaan \u200b\u200bsiksi, ettei h\u00e4n rakastanut t\u00e4t\u00e4.<\/p>\n\n\n\n<p class=\"wp-block-paragraph\">H\u00e4n pelk\u00e4si tekev\u00e4ns\u00e4 saman virheen uudelleen.<\/p>\n\n\n\n<p class=\"wp-block-paragraph\">Muutamaa tuntia my\u00f6hemmin Emman pikkusormi oli t\u00e4ysin palautunut normaaliksi. J\u00e4ljell\u00e4 oli vain ohut, vaalea viiva, mutta seuraavaan aamuun menness\u00e4 sekin oli kadonnut.<\/p>\n\n\n\n<p class=\"wp-block-paragraph\">Sin\u00e4 y\u00f6n\u00e4 ottamani valokuva, jossa Emma nukkuu rauhallisesti iso\u00e4itins\u00e4 syliss\u00e4, on tullut perheemme suosikiksi.<\/p>\n\n\n\n<p class=\"wp-block-paragraph\">Koska sin\u00e4 p\u00e4iv\u00e4n\u00e4 n\u00e4in lapseni pikkusormessa enemm\u00e4n kuin vain sinert\u00e4v\u00e4n keltaisen j\u00e4ljen.<\/p>\n\n\n\n<p class=\"wp-block-paragraph\">Vihdoin n\u00e4in rakkauden, jota anoppini oli piilottanut vuosia ankaran ja hiljaisen ilmeens\u00e4 taakse.<\/p>\n\n\n\n<p class=\"wp-block-paragraph\"><\/p>\n","protected":false},"excerpt":{"rendered":"J\u00e4tin vauvani anoppini luokse vain muutamaksi minuutiksi \u2013 palattuani n\u00e4in sinikeltaisen merkin h\u00e4nen oikeassa k\u00e4dess\u00e4\u00e4n, ja anoppini oli poissa. Se oli ensimm\u00e4inen kerta, \n<a class=\"moretag\" href=\"https:\/\/filan.am\/?p=4145\"> [...]<\/a>","protected":false},"author":1,"featured_media":4146,"comment_status":"open","ping_status":"open","sticky":false,"template":"","format":"standard","meta":{"footnotes":""},"categories":[1],"tags":[],"class_list":["post-4145","post","type-post","status-publish","format-standard","has-post-thumbnail","hentry","category-news"],"yoast_head":"<!-- This site is optimized with the Yoast SEO plugin v28.4 - https:\/\/yoast.com\/product\/yoast-seo-wordpress\/ -->\n<title>J\u00e4tin lapseni anoppini luokse vain muutamaksi minuutiksi \u2013 palattuani n\u00e4in sinikeltaisen merkin h\u00e4nen oikeassa k\u00e4dess\u00e4\u00e4n, ja anoppini oli poissa. -<\/title>\n<meta name=\"robots\" content=\"index, follow, max-snippet:-1, max-image-preview:large, max-video-preview:-1\" \/>\n<link rel=\"canonical\" href=\"https:\/\/filan.am\/?p=4145\" \/>\n<meta property=\"og:locale\" content=\"ru_RU\" \/>\n<meta property=\"og:type\" content=\"article\" \/>\n<meta property=\"og:title\" content=\"J\u00e4tin lapseni anoppini luokse vain muutamaksi minuutiksi \u2013 palattuani n\u00e4in sinikeltaisen merkin h\u00e4nen oikeassa k\u00e4dess\u00e4\u00e4n, ja anoppini oli poissa. -\" \/>\n<meta property=\"og:description\" content=\"J\u00e4tin vauvani anoppini luokse vain muutamaksi minuutiksi \u2013 palattuani n\u00e4in sinikeltaisen merkin h\u00e4nen oikeassa k\u00e4dess\u00e4\u00e4n, ja anoppini oli poissa. Se oli ensimm\u00e4inen kerta,\" \/>\n<meta property=\"og:url\" content=\"https:\/\/filan.am\/?p=4145\" \/>\n<meta property=\"article:published_time\" content=\"2026-09-04T18:15:52+00:00\" \/>\n<meta property=\"article:modified_time\" content=\"2026-09-04T18:15:54+00:00\" \/>\n<meta property=\"og:image\" content=\"https:\/\/filan.am\/wp-content\/uploads\/2026\/09\/02020222222222222.jpg\" \/>\n\t<meta property=\"og:image:width\" content=\"800\" \/>\n\t<meta property=\"og:image:height\" content=\"436\" \/>\n\t<meta property=\"og:image:type\" content=\"image\/jpeg\" \/>\n<meta name=\"author\" content=\"filanam\" \/>\n<meta name=\"twitter:card\" content=\"summary_large_image\" \/>\n<meta name=\"twitter:label1\" content=\"\u041d\u0430\u043f\u0438\u0441\u0430\u043d\u043e \u0430\u0432\u0442\u043e\u0440\u043e\u043c\" \/>\n\t<meta name=\"twitter:data1\" content=\"filanam\" \/>\n\t<meta name=\"twitter:label2\" content=\"\u041f\u0440\u0438\u043c\u0435\u0440\u043d\u043e\u0435 \u0432\u0440\u0435\u043c\u044f \u0434\u043b\u044f \u0447\u0442\u0435\u043d\u0438\u044f\" \/>\n\t<meta name=\"twitter:data2\" content=\"6 \u043c\u0438\u043d\u0443\u0442\" \/>\n<script type=\"application\/ld+json\" class=\"yoast-schema-graph\">{\"@context\":\"https:\\\/\\\/schema.org\",\"@graph\":[{\"@type\":\"Article\",\"@id\":\"https:\\\/\\\/filan.am\\\/?p=4145#article\",\"isPartOf\":{\"@id\":\"https:\\\/\\\/filan.am\\\/?p=4145\"},\"author\":{\"name\":\"filanam\",\"@id\":\"https:\\\/\\\/filan.am\\\/#\\\/schema\\\/person\\\/b51c4ec26a4fec8a4f9b3ae0356b8f23\"},\"headline\":\"J\u00e4tin lapseni anoppini luokse vain muutamaksi minuutiksi \u2013 palattuani n\u00e4in sinikeltaisen merkin h\u00e4nen oikeassa k\u00e4dess\u00e4\u00e4n, ja anoppini oli poissa.\",\"datePublished\":\"2026-09-04T18:15:52+00:00\",\"dateModified\":\"2026-09-04T18:15:54+00:00\",\"mainEntityOfPage\":{\"@id\":\"https:\\\/\\\/filan.am\\\/?p=4145\"},\"wordCount\":1090,\"commentCount\":0,\"image\":{\"@id\":\"https:\\\/\\\/filan.am\\\/?p=4145#primaryimage\"},\"thumbnailUrl\":\"https:\\\/\\\/filan.am\\\/wp-content\\\/uploads\\\/2026\\\/09\\\/02020222222222222.jpg\",\"articleSection\":[\"NEWS\"],\"inLanguage\":\"ru-RU\",\"potentialAction\":[{\"@type\":\"CommentAction\",\"name\":\"Comment\",\"target\":[\"https:\\\/\\\/filan.am\\\/?p=4145#respond\"]}]},{\"@type\":\"WebPage\",\"@id\":\"https:\\\/\\\/filan.am\\\/?p=4145\",\"url\":\"https:\\\/\\\/filan.am\\\/?p=4145\",\"name\":\"J\u00e4tin lapseni anoppini luokse vain muutamaksi minuutiksi \u2013 palattuani n\u00e4in sinikeltaisen merkin h\u00e4nen oikeassa k\u00e4dess\u00e4\u00e4n, ja anoppini oli poissa. -\",\"isPartOf\":{\"@id\":\"https:\\\/\\\/filan.am\\\/#website\"},\"primaryImageOfPage\":{\"@id\":\"https:\\\/\\\/filan.am\\\/?p=4145#primaryimage\"},\"image\":{\"@id\":\"https:\\\/\\\/filan.am\\\/?p=4145#primaryimage\"},\"thumbnailUrl\":\"https:\\\/\\\/filan.am\\\/wp-content\\\/uploads\\\/2026\\\/09\\\/02020222222222222.jpg\",\"datePublished\":\"2026-09-04T18:15:52+00:00\",\"dateModified\":\"2026-09-04T18:15:54+00:00\",\"author\":{\"@id\":\"https:\\\/\\\/filan.am\\\/#\\\/schema\\\/person\\\/b51c4ec26a4fec8a4f9b3ae0356b8f23\"},\"breadcrumb\":{\"@id\":\"https:\\\/\\\/filan.am\\\/?p=4145#breadcrumb\"},\"inLanguage\":\"ru-RU\",\"potentialAction\":[{\"@type\":\"ReadAction\",\"target\":[\"https:\\\/\\\/filan.am\\\/?p=4145\"]}]},{\"@type\":\"ImageObject\",\"inLanguage\":\"ru-RU\",\"@id\":\"https:\\\/\\\/filan.am\\\/?p=4145#primaryimage\",\"url\":\"https:\\\/\\\/filan.am\\\/wp-content\\\/uploads\\\/2026\\\/09\\\/02020222222222222.jpg\",\"contentUrl\":\"https:\\\/\\\/filan.am\\\/wp-content\\\/uploads\\\/2026\\\/09\\\/02020222222222222.jpg\",\"width\":800,\"height\":436},{\"@type\":\"BreadcrumbList\",\"@id\":\"https:\\\/\\\/filan.am\\\/?p=4145#breadcrumb\",\"itemListElement\":[{\"@type\":\"ListItem\",\"position\":1,\"name\":\"\u0413\u043b\u0430\u0432\u043d\u0430\u044f \u0441\u0442\u0440\u0430\u043d\u0438\u0446\u0430\",\"item\":\"https:\\\/\\\/filan.am\\\/\"},{\"@type\":\"ListItem\",\"position\":2,\"name\":\"J\u00e4tin lapseni anoppini luokse vain muutamaksi minuutiksi \u2013 palattuani n\u00e4in sinikeltaisen merkin h\u00e4nen oikeassa k\u00e4dess\u00e4\u00e4n, ja anoppini oli poissa.\"}]},{\"@type\":\"WebSite\",\"@id\":\"https:\\\/\\\/filan.am\\\/#website\",\"url\":\"https:\\\/\\\/filan.am\\\/\",\"name\":\"\",\"description\":\"\",\"potentialAction\":[{\"@type\":\"SearchAction\",\"target\":{\"@type\":\"EntryPoint\",\"urlTemplate\":\"https:\\\/\\\/filan.am\\\/?s={search_term_string}\"},\"query-input\":{\"@type\":\"PropertyValueSpecification\",\"valueRequired\":true,\"valueName\":\"search_term_string\"}}],\"inLanguage\":\"ru-RU\"},{\"@type\":\"Person\",\"@id\":\"https:\\\/\\\/filan.am\\\/#\\\/schema\\\/person\\\/b51c4ec26a4fec8a4f9b3ae0356b8f23\",\"name\":\"filanam\",\"image\":{\"@type\":\"ImageObject\",\"inLanguage\":\"ru-RU\",\"@id\":\"https:\\\/\\\/secure.gravatar.com\\\/avatar\\\/a24f4ac3a683f3c87303db525abc00db51ea26ccedee11dfaf1cc0f9a481a5d2?s=96&d=mm&r=g\",\"url\":\"https:\\\/\\\/secure.gravatar.com\\\/avatar\\\/a24f4ac3a683f3c87303db525abc00db51ea26ccedee11dfaf1cc0f9a481a5d2?s=96&d=mm&r=g\",\"contentUrl\":\"https:\\\/\\\/secure.gravatar.com\\\/avatar\\\/a24f4ac3a683f3c87303db525abc00db51ea26ccedee11dfaf1cc0f9a481a5d2?s=96&d=mm&r=g\",\"caption\":\"filanam\"},\"sameAs\":[\"http:\\\/\\\/filan.am\"],\"url\":\"https:\\\/\\\/filan.am\\\/?author=1\"}]}<\/script>\n<!-- \/ Yoast SEO plugin. -->","yoast_head_json":{"title":"J\u00e4tin lapseni anoppini luokse vain muutamaksi minuutiksi \u2013 palattuani n\u00e4in sinikeltaisen merkin h\u00e4nen oikeassa k\u00e4dess\u00e4\u00e4n, ja anoppini oli poissa. -","robots":{"index":"index","follow":"follow","max-snippet":"max-snippet:-1","max-image-preview":"max-image-preview:large","max-video-preview":"max-video-preview:-1"},"canonical":"https:\/\/filan.am\/?p=4145","og_locale":"ru_RU","og_type":"article","og_title":"J\u00e4tin lapseni anoppini luokse vain muutamaksi minuutiksi \u2013 palattuani n\u00e4in sinikeltaisen merkin h\u00e4nen oikeassa k\u00e4dess\u00e4\u00e4n, ja anoppini oli poissa. -","og_description":"J\u00e4tin vauvani anoppini luokse vain muutamaksi minuutiksi \u2013 palattuani n\u00e4in sinikeltaisen merkin h\u00e4nen oikeassa k\u00e4dess\u00e4\u00e4n, ja anoppini oli poissa. Se oli ensimm\u00e4inen kerta,","og_url":"https:\/\/filan.am\/?p=4145","article_published_time":"2026-09-04T18:15:52+00:00","article_modified_time":"2026-09-04T18:15:54+00:00","og_image":[{"width":800,"height":436,"url":"https:\/\/filan.am\/wp-content\/uploads\/2026\/09\/02020222222222222.jpg","type":"image\/jpeg"}],"author":"filanam","twitter_card":"summary_large_image","twitter_misc":{"\u041d\u0430\u043f\u0438\u0441\u0430\u043d\u043e \u0430\u0432\u0442\u043e\u0440\u043e\u043c":"filanam","\u041f\u0440\u0438\u043c\u0435\u0440\u043d\u043e\u0435 \u0432\u0440\u0435\u043c\u044f \u0434\u043b\u044f \u0447\u0442\u0435\u043d\u0438\u044f":"6 \u043c\u0438\u043d\u0443\u0442"},"schema":{"@context":"https:\/\/schema.org","@graph":[{"@type":"Article","@id":"https:\/\/filan.am\/?p=4145#article","isPartOf":{"@id":"https:\/\/filan.am\/?p=4145"},"author":{"name":"filanam","@id":"https:\/\/filan.am\/#\/schema\/person\/b51c4ec26a4fec8a4f9b3ae0356b8f23"},"headline":"J\u00e4tin lapseni anoppini luokse vain muutamaksi minuutiksi \u2013 palattuani n\u00e4in sinikeltaisen merkin h\u00e4nen oikeassa k\u00e4dess\u00e4\u00e4n, ja anoppini oli poissa.","datePublished":"2026-09-04T18:15:52+00:00","dateModified":"2026-09-04T18:15:54+00:00","mainEntityOfPage":{"@id":"https:\/\/filan.am\/?p=4145"},"wordCount":1090,"commentCount":0,"image":{"@id":"https:\/\/filan.am\/?p=4145#primaryimage"},"thumbnailUrl":"https:\/\/filan.am\/wp-content\/uploads\/2026\/09\/02020222222222222.jpg","articleSection":["NEWS"],"inLanguage":"ru-RU","potentialAction":[{"@type":"CommentAction","name":"Comment","target":["https:\/\/filan.am\/?p=4145#respond"]}]},{"@type":"WebPage","@id":"https:\/\/filan.am\/?p=4145","url":"https:\/\/filan.am\/?p=4145","name":"J\u00e4tin lapseni anoppini luokse vain muutamaksi minuutiksi \u2013 palattuani n\u00e4in sinikeltaisen merkin h\u00e4nen oikeassa k\u00e4dess\u00e4\u00e4n, ja anoppini oli poissa. -","isPartOf":{"@id":"https:\/\/filan.am\/#website"},"primaryImageOfPage":{"@id":"https:\/\/filan.am\/?p=4145#primaryimage"},"image":{"@id":"https:\/\/filan.am\/?p=4145#primaryimage"},"thumbnailUrl":"https:\/\/filan.am\/wp-content\/uploads\/2026\/09\/02020222222222222.jpg","datePublished":"2026-09-04T18:15:52+00:00","dateModified":"2026-09-04T18:15:54+00:00","author":{"@id":"https:\/\/filan.am\/#\/schema\/person\/b51c4ec26a4fec8a4f9b3ae0356b8f23"},"breadcrumb":{"@id":"https:\/\/filan.am\/?p=4145#breadcrumb"},"inLanguage":"ru-RU","potentialAction":[{"@type":"ReadAction","target":["https:\/\/filan.am\/?p=4145"]}]},{"@type":"ImageObject","inLanguage":"ru-RU","@id":"https:\/\/filan.am\/?p=4145#primaryimage","url":"https:\/\/filan.am\/wp-content\/uploads\/2026\/09\/02020222222222222.jpg","contentUrl":"https:\/\/filan.am\/wp-content\/uploads\/2026\/09\/02020222222222222.jpg","width":800,"height":436},{"@type":"BreadcrumbList","@id":"https:\/\/filan.am\/?p=4145#breadcrumb","itemListElement":[{"@type":"ListItem","position":1,"name":"\u0413\u043b\u0430\u0432\u043d\u0430\u044f \u0441\u0442\u0440\u0430\u043d\u0438\u0446\u0430","item":"https:\/\/filan.am\/"},{"@type":"ListItem","position":2,"name":"J\u00e4tin lapseni anoppini luokse vain muutamaksi minuutiksi \u2013 palattuani n\u00e4in sinikeltaisen merkin h\u00e4nen oikeassa k\u00e4dess\u00e4\u00e4n, ja anoppini oli poissa."}]},{"@type":"WebSite","@id":"https:\/\/filan.am\/#website","url":"https:\/\/filan.am\/","name":"","description":"","potentialAction":[{"@type":"SearchAction","target":{"@type":"EntryPoint","urlTemplate":"https:\/\/filan.am\/?s={search_term_string}"},"query-input":{"@type":"PropertyValueSpecification","valueRequired":true,"valueName":"search_term_string"}}],"inLanguage":"ru-RU"},{"@type":"Person","@id":"https:\/\/filan.am\/#\/schema\/person\/b51c4ec26a4fec8a4f9b3ae0356b8f23","name":"filanam","image":{"@type":"ImageObject","inLanguage":"ru-RU","@id":"https:\/\/secure.gravatar.com\/avatar\/a24f4ac3a683f3c87303db525abc00db51ea26ccedee11dfaf1cc0f9a481a5d2?s=96&d=mm&r=g","url":"https:\/\/secure.gravatar.com\/avatar\/a24f4ac3a683f3c87303db525abc00db51ea26ccedee11dfaf1cc0f9a481a5d2?s=96&d=mm&r=g","contentUrl":"https:\/\/secure.gravatar.com\/avatar\/a24f4ac3a683f3c87303db525abc00db51ea26ccedee11dfaf1cc0f9a481a5d2?s=96&d=mm&r=g","caption":"filanam"},"sameAs":["http:\/\/filan.am"],"url":"https:\/\/filan.am\/?author=1"}]}},"_links":{"self":[{"href":"https:\/\/filan.am\/index.php?rest_route=\/wp\/v2\/posts\/4145","targetHints":{"allow":["GET"]}}],"collection":[{"href":"https:\/\/filan.am\/index.php?rest_route=\/wp\/v2\/posts"}],"about":[{"href":"https:\/\/filan.am\/index.php?rest_route=\/wp\/v2\/types\/post"}],"author":[{"embeddable":true,"href":"https:\/\/filan.am\/index.php?rest_route=\/wp\/v2\/users\/1"}],"replies":[{"embeddable":true,"href":"https:\/\/filan.am\/index.php?rest_route=%2Fwp%2Fv2%2Fcomments&post=4145"}],"version-history":[{"count":1,"href":"https:\/\/filan.am\/index.php?rest_route=\/wp\/v2\/posts\/4145\/revisions"}],"predecessor-version":[{"id":4147,"href":"https:\/\/filan.am\/index.php?rest_route=\/wp\/v2\/posts\/4145\/revisions\/4147"}],"wp:featuredmedia":[{"embeddable":true,"href":"https:\/\/filan.am\/index.php?rest_route=\/wp\/v2\/media\/4146"}],"wp:attachment":[{"href":"https:\/\/filan.am\/index.php?rest_route=%2Fwp%2Fv2%2Fmedia&parent=4145"}],"wp:term":[{"taxonomy":"category","embeddable":true,"href":"https:\/\/filan.am\/index.php?rest_route=%2Fwp%2Fv2%2Fcategories&post=4145"},{"taxonomy":"post_tag","embeddable":true,"href":"https:\/\/filan.am\/index.php?rest_route=%2Fwp%2Fv2%2Ftags&post=4145"}],"curies":[{"name":"wp","href":"https:\/\/api.w.org\/{rel}","templated":true}]}}