{"id":4102,"date":"2026-09-03T17:06:23","date_gmt":"2026-09-03T14:06:23","guid":{"rendered":"https:\/\/filan.am\/?p=4102"},"modified":"2026-09-03T17:06:24","modified_gmt":"2026-09-03T14:06:24","slug":"vaimoni-lahti-saatuaan-tietaa-vastasyntyneella-pojallamme-olevan-downin-syndrooma-vihasin-hanta-18-vuotta-kunnes-sain-tietaa-totuuden-eilen-illalla","status":"publish","type":"post","link":"https:\/\/filan.am\/?p=4102","title":{"rendered":"Vaimoni l\u00e4hti saatuaan tiet\u00e4\u00e4 vastasyntyneell\u00e4 pojallamme olevan Downin syndrooma \u2013 Vihasin h\u00e4nt\u00e4 18 vuotta, kunnes sain tiet\u00e4\u00e4 totuuden eilen illalla"},"content":{"rendered":"\n<p class=\"wp-block-paragraph\">18 vuotta sitten vaimoni j\u00e4tti vastasyntyneen poikamme, ja uskoin, ett\u00e4 syyn\u00e4 oli h\u00e4nen Downin syndroomansa.<\/p>\n\n\n\n<p class=\"wp-block-paragraph\">Poikamme Jonah oli syntynyt kolme viikkoa etuajassa sen j\u00e4lkeen, kun vaimollani Lillianilla oli kehittynyt, kuten h\u00e4n itse sanoi, raskauskomplikaatioita. P\u00e4iv\u00e4\u00e4 syntym\u00e4n j\u00e4lkeen lastenl\u00e4\u00e4k\u00e4ri istui h\u00e4nen sairaalas\u00e4ngyn vieress\u00e4 ja selitti, ett\u00e4 Jonahilla oli Downin syndrooman merkkej\u00e4.<\/p>\n\n\n\n<figure class=\"wp-block-image size-large\"><img loading=\"lazy\" decoding=\"async\" width=\"765\" height=\"1024\" src=\"https:\/\/filan.am\/wp-content\/uploads\/2026\/09\/00000000022222222222-765x1024.jpeg\" alt=\"\" class=\"wp-image-4103\" srcset=\"https:\/\/filan.am\/wp-content\/uploads\/2026\/09\/00000000022222222222-765x1024.jpeg 765w, https:\/\/filan.am\/wp-content\/uploads\/2026\/09\/00000000022222222222-224x300.jpeg 224w, https:\/\/filan.am\/wp-content\/uploads\/2026\/09\/00000000022222222222-768x1028.jpeg 768w, https:\/\/filan.am\/wp-content\/uploads\/2026\/09\/00000000022222222222.jpeg 896w\" sizes=\"auto, (max-width: 765px) 100vw, 765px\" \/><\/figure>\n\n\n\n<p class=\"wp-block-paragraph\">H\u00e4n tarvitsisi syd\u00e4nkuvauksia, kuulotesteit\u00e4, varhaista puuttumista ja lis\u00e4tukea kasvaessaan.<\/p>\n\n\n\n<p class=\"wp-block-paragraph\">Olin kauhuissani, mutta kun katsoin vauvans\u00e4nkyyn, n\u00e4in vain poikani.<\/p>\n\n\n\n<p class=\"wp-block-paragraph\">Jonahilla oli paksut tummat hiukset, py\u00f6re\u00e4t posket ja niin pienet sormet, ett\u00e4 koko h\u00e4nen k\u00e4tens\u00e4 kietoutui minun k\u00e4teni ymp\u00e4rille.<\/p>\n\n\n\n<p class=\"wp-block-paragraph\">Sitten katsoin Lilliania.<\/p>\n\n\n\n<p class=\"wp-block-paragraph\">H\u00e4n tuijotti lattiaa ja tuskin huomasi h\u00e4nt\u00e4.<\/p>\n\n\n\n<p class=\"wp-block-paragraph\">Kun l\u00e4\u00e4k\u00e4ri l\u00e4hti, h\u00e4n kuiskasi: &#171;En voi tehd\u00e4 t\u00e4t\u00e4.&#187;<\/p>\n\n\n\n<p class=\"wp-block-paragraph\">Vedin tuolini l\u00e4hemm\u00e4s.<\/p>\n\n\n\n<p class=\"wp-block-paragraph\">&#171;Meid\u00e4n ei tarvitse ymm\u00e4rt\u00e4\u00e4 kaikkea t\u00e4n\u00e4\u00e4n&#187;, sanoin. &#171;Opimme yhdess\u00e4.&#187;<\/p>\n\n\n\n<p class=\"wp-block-paragraph\">H\u00e4n pudisti p\u00e4\u00e4t\u00e4\u00e4n.<\/p>\n\n\n\n<p class=\"wp-block-paragraph\">\u2013 Ei, Miles. En voi.<\/p>\n\n\n\n<p class=\"wp-block-paragraph\">\u2013 Sin\u00e4 olet peloissasi. Niin min\u00e4kin.<\/p>\n\n\n\n<p class=\"wp-block-paragraph\">\u2013 Et kuuntele.<\/p>\n\n\n\n<p class=\"wp-block-paragraph\">Loppup\u00e4iv\u00e4n h\u00e4n kielt\u00e4ytyi pit\u00e4m\u00e4st\u00e4 Jonahia syliss\u00e4. Ruokin h\u00e4nt\u00e4, vaihdoin h\u00e4nen vaippansa ja kannoin h\u00e4nt\u00e4 huoneessa ymp\u00e4ri h\u00e4nen katsellessaan et\u00e4\u00e4lt\u00e4.<\/p>\n\n\n\n<p class=\"wp-block-paragraph\">Oletin h\u00e4nen olevan shokissa.<\/p>\n\n\n\n<p class=\"wp-block-paragraph\">Sin\u00e4 y\u00f6n\u00e4 her\u00e4sin tuolissa h\u00e4nen s\u00e4nkyns\u00e4 vieress\u00e4 ja n\u00e4in h\u00e4nen seisovan Jonahin vauvans\u00e4nkyns\u00e4 \u00e4\u00e4rell\u00e4.<\/p>\n\n\n\n<p class=\"wp-block-paragraph\">H\u00e4n kosketti h\u00e4nen poskeaan ja kumartui tarpeeksi l\u00e4helle kuiskatakseen jotain h\u00e4nen korvaansa.<\/p>\n\n\n\n<p class=\"wp-block-paragraph\">Huomattuaan minun liikkuvan h\u00e4n astui pois.<\/p>\n\n\n\n<p class=\"wp-block-paragraph\">Seuraavana aamuna h\u00e4n kysyi: &#171;Pystyisitk\u00f6 kasvattamaan h\u00e4nt\u00e4 yksin?&#187;<\/p>\n\n\n\n<p class=\"wp-block-paragraph\">&#171;Minun ei tarvitse&#187;, vastasin. &#171;H\u00e4nell\u00e4 on meid\u00e4t molemmat.&#187;<\/p>\n\n\n\n<p class=\"wp-block-paragraph\">H\u00e4n k\u00e4\u00e4nsi kasvonsa ikkunaa kohti ja alkoi itke\u00e4.<\/p>\n\n\n\n<p class=\"wp-block-paragraph\">Kolme p\u00e4iv\u00e4\u00e4 my\u00f6hemmin Lillian kertoi haluavansa erota.<\/p>\n\n\n\n<p class=\"wp-block-paragraph\">Aluksi luulin, ett\u00e4 l\u00e4\u00e4kitys ja uupumus olivat h\u00e4mment\u00e4neet h\u00e4nt\u00e4.<\/p>\n\n\n\n<p class=\"wp-block-paragraph\">Olimme olleet naimisissa nelj\u00e4 vuotta. Vain viikkoja aiemmin h\u00e4n oli viikatllut vauvanvaatteita ja riidellyt kanssani lastenhuoneen seinien v\u00e4rist\u00e4.<\/p>\n\n\n\n<p class=\"wp-block-paragraph\">Nyt h\u00e4n ei edes katsonut lastamme.<\/p>\n\n\n\n<p class=\"wp-block-paragraph\">&#171;Onko t\u00e4m\u00e4 siksi, ett\u00e4 Jonahilla on Downin syndrooma?&#187; kysyin lopulta.<\/p>\n\n\n\n<p class=\"wp-block-paragraph\">H\u00e4nen huulensa vapisivat.<\/p>\n\n\n\n<p class=\"wp-block-paragraph\">H\u00e4n ei sanonut mit\u00e4\u00e4n.<\/p>\n\n\n\n<p class=\"wp-block-paragraph\">H\u00e4nen hiljaisuudestaan \u200b\u200btuli vastaus, jota kannoin kahdeksantoista vuotta.<\/p>\n\n\n\n<p class=\"wp-block-paragraph\">Ennen sairaalasta l\u00e4ht\u00f6\u00e4\u00e4n Lillian allekirjoitti v\u00e4liaikaisen sopimuksen, joka antoi minulle t\u00e4yden fyysisen huoltajuuden. H\u00e4nen asianajajansa otti minuun yhteytt\u00e4 pian sen j\u00e4lkeen ja hoiti kaiken muun.<\/p>\n\n\n\n<p class=\"wp-block-paragraph\">Lillian luopui osuudestaan \u200b\u200bs\u00e4\u00e4st\u00f6ist\u00e4mme, allekirjoitti pienen asuntomme siirrot ja j\u00e4tti henkivakuutuksensa edunsaajan ennalleen, jotta Jonah saisi sen aikuisena.<\/p>\n\n\n\n<p class=\"wp-block-paragraph\">H\u00e4n kielt\u00e4ytyi antamasta minulle osoitettaan.<\/p>\n\n\n\n<p class=\"wp-block-paragraph\">H\u00e4nen asianajajansa v\u00e4litti viimeisen viestin: h\u00e4n ei halunnut yhteydenottoa eik\u00e4 kiist\u00e4isi avioeroa.<\/p>\n\n\n\n<p class=\"wp-block-paragraph\">Olin niin raivoissani, ett\u00e4 lopetin etsinn\u00e4n.<\/p>\n\n\n\n<p class=\"wp-block-paragraph\">Viikkoa Jonahin syntym\u00e4n j\u00e4lkeen Lillian palasi asuntoon vieraantuneen \u00e4itins\u00e4 Evelynin kanssa, jonka olin tavannut vain kahdesti.<\/p>\n\n\n\n<p class=\"wp-block-paragraph\">Lillian pakkasi yhden matkalaukun, kun Evelyn odotti ulkona.<\/p>\n\n\n\n<p class=\"wp-block-paragraph\">Ennen l\u00e4ht\u00f6\u00e4\u00e4n h\u00e4n seisoi Jonahin pinnas\u00e4ngyn vieress\u00e4.<\/p>\n\n\n\n<p class=\"wp-block-paragraph\">Yhden toiveikkaan hetken ajattelin, ett\u00e4 h\u00e4n voisi noutaa h\u00e4net syliins\u00e4.<\/p>\n\n\n\n<p class=\"wp-block-paragraph\">Sen sijaan h\u00e4n suukotti h\u00e4nen otsaansa.<\/p>\n\n\n\n<p class=\"wp-block-paragraph\">&#171;Olen pahoillani&#187;, h\u00e4n kuiskasi.<\/p>\n\n\n\n<p class=\"wp-block-paragraph\">Sitten h\u00e4n k\u00e4veli pois.<\/p>\n\n\n\n<p class=\"wp-block-paragraph\">Olin kolmekymment\u00e4vuotias, yksin vastasyntyneen kanssa, joka tarvitsi enemm\u00e4n hoitoa kuin tiesin tarjota.<\/p>\n\n\n\n<p class=\"wp-block-paragraph\">Vuosien ajan vihasin h\u00e4nt\u00e4.<\/p>\n\n\n\n<p class=\"wp-block-paragraph\">Vihasin h\u00e4nt\u00e4 Jonahin syd\u00e4nleikkauksen aikana.<\/p>\n\n\n\n<p class=\"wp-block-paragraph\">Vihasin h\u00e4nt\u00e4 terapiak\u00e4ynneill\u00e4, unettomina \u00f6in\u00e4 ja aina kun raha-asiat olivat tiukalla, huolimatta siit\u00e4, mit\u00e4 h\u00e4n oli j\u00e4tt\u00e4nyt taakseen.<\/p>\n\n\n\n<p class=\"wp-block-paragraph\">Vihasin h\u00e4nt\u00e4 silloin, kun minun piti opetella l\u00e4\u00e4ketieteellisi\u00e4 termej\u00e4 yksin ja kun pelk\u00e4sin, ett\u00e4 jokainen virhe saattaisi pid\u00e4tell\u00e4 Jonahia.<\/p>\n\n\n\n<p class=\"wp-block-paragraph\">Vihasin h\u00e4nt\u00e4 eniten \u00e4itienp\u00e4iv\u00e4n\u00e4.<\/p>\n\n\n\n<p class=\"wp-block-paragraph\">Kun Jonah oli viisivuotias, h\u00e4nen luokkansa teki kortteja \u00e4ideilleen. H\u00e4n ojensi omansa minulle.<\/p>\n\n\n\n<p class=\"wp-block-paragraph\">&#171;Saat sen&#187;, h\u00e4n sanoi. &#171;Tee sin\u00e4kin \u00e4itijuttuja.&#187;<\/p>\n\n\n\n<p class=\"wp-block-paragraph\">Hymyilin, kunnes h\u00e4n meni nukkumaan.<\/p>\n\n\n\n<p class=\"wp-block-paragraph\">Sitten itkin keitti\u00f6np\u00f6yd\u00e4n \u00e4\u00e4ress\u00e4.<\/p>\n\n\n\n<p class=\"wp-block-paragraph\">Kun h\u00e4n oli kuusivuotias, h\u00e4n kysyi, miss\u00e4 h\u00e4nen \u00e4itins\u00e4 oli.<\/p>\n\n\n\n<p class=\"wp-block-paragraph\">&#171;Joissakin perheiss\u00e4 on yksi vanhempi&#187;, sanoin h\u00e4nelle.<\/p>\n\n\n\n<p class=\"wp-block-paragraph\">&#171;Tied\u00e4n&#187;, h\u00e4n sanoi. &#171;Mutta minulla on silti \u00e4iti.&#187;<\/p>\n\n\n\n<p class=\"wp-block-paragraph\">En kertonut h\u00e4nelle, ett\u00e4 uskoin h\u00e4nen hyl\u00e4nneen h\u00e4net h\u00e4nen vammaisuutensa vuoksi. En voinut asettaa sit\u00e4 haavaa h\u00e4neen.<\/p>\n\n\n\n<p class=\"wp-block-paragraph\">Sen sijaan v\u00e4lttelin aihetta kokonaan.<\/p>\n\n\n\n<p class=\"wp-block-paragraph\">Sanoin itselleni, ett\u00e4 suojelin h\u00e4nt\u00e4.<\/p>\n\n\n\n<p class=\"wp-block-paragraph\">Jonahista kasvoi l\u00e4mmin, hauska ja itsep\u00e4inen nuori mies.<\/p>\n\n\n\n<p class=\"wp-block-paragraph\">Oli vaikeita p\u00e4ivi\u00e4, mutta oli my\u00f6s voittoja, joita aiemmin pelk\u00e4sin, etteiv\u00e4t ne koskaan tulisi.<\/p>\n\n\n\n<p class=\"wp-block-paragraph\">H\u00e4nen ensimm\u00e4inen selke\u00e4 lauseensa.<\/p>\n\n\n\n<p class=\"wp-block-paragraph\">H\u00e4nen ensimm\u00e4inen koulup\u00e4iv\u00e4ns\u00e4.<\/p>\n\n\n\n<p class=\"wp-block-paragraph\">Ensimm\u00e4inen kerta, kun h\u00e4n sitoi keng\u00e4nnauhojaan.<\/p>\n\n\n\n<p class=\"wp-block-paragraph\">Koulun n\u00e4ytelm\u00e4, jossa h\u00e4n unohti repliikin, katsoi yleis\u00f6\u00e4 ja sanoi: &#171;Joku antoi minulle v\u00e4\u00e4r\u00e4n k\u00e4sikirjoituksen.&#187;<\/p>\n\n\n\n<p class=\"wp-block-paragraph\">Kaikki nauroivat ja taputtivat.<\/p>\n\n\n\n<p class=\"wp-block-paragraph\">Jonah kumarsi aivan kuin olisi suunnitellut sen.<\/p>\n\n\n\n<p class=\"wp-block-paragraph\">Naapurimme Miriam Blake auttoi meit\u00e4 l\u00e4hes koko ajan.<\/p>\n\n\n\n<p class=\"wp-block-paragraph\">H\u00e4n asui k\u00e4yt\u00e4v\u00e4n toisella puolella ja oli tuntenut Lillianin ja minut siit\u00e4 l\u00e4htien, kun muutimme rakennukseen.<\/p>\n\n\n\n<p class=\"wp-block-paragraph\">Lillianin l\u00e4hd\u00f6n j\u00e4lkeisen\u00e4 aamuna Miriam koputti ovelleni kantaen keittoa.<\/p>\n\n\n\n<p class=\"wp-block-paragraph\">H\u00e4n katsoi parranajoamatonta kasvojani, maitotahraa paidassani ja huutavaa vauvaa syliss\u00e4ni.<\/p>\n\n\n\n<p class=\"wp-block-paragraph\">&#171;Tarvitset unta&#187;, h\u00e4n sanoi.<\/p>\n\n\n\n<p class=\"wp-block-paragraph\">&#171;Olen kunnossa.&#187;<\/p>\n\n\n\n<p class=\"wp-block-paragraph\">&#171;Sinulla on kaksi eri kenk\u00e4\u00e4.&#187;<\/p>\n\n\n\n<p class=\"wp-block-paragraph\">Ennen kuin ehdin v\u00e4itt\u00e4\u00e4 vastaan, h\u00e4n otti Jonahin minulta ja k\u00e4ski minun maata makuulle.<\/p>\n\n\n\n<p class=\"wp-block-paragraph\">Siit\u00e4 l\u00e4htien h\u00e4nest\u00e4 tuli perheenj\u00e4sen.<\/p>\n\n\n\n<p class=\"wp-block-paragraph\">H\u00e4n vahti h\u00e4nt\u00e4, kun ty\u00f6skentelin my\u00f6h\u00e4\u00e4n, istui vieress\u00e4ni leikkauksen aikana ja osallistui jokaiseen syntym\u00e4p\u00e4iv\u00e4\u00e4n ja koulun esitykseen.<\/p>\n\n\n\n<p class=\"wp-block-paragraph\">Jonah kutsui itse\u00e4\u00e4n iso\u00e4idiksi Miriamiin.<\/p>\n\n\n\n<p class=\"wp-block-paragraph\">Eilen juhlimme h\u00e4nen kahdeksattatoista syntym\u00e4p\u00e4iv\u00e4\u00e4ns\u00e4 kotitekoisella lasagnella, suklaakakulla ja paperikruunulla, jossa luki VIRALLISESTI AIKUINEN.<\/p>\n\n\n\n<p class=\"wp-block-paragraph\">&#171;Nyt saan kaksi palaa kakkua&#187;, Jonah ilmoitti.<\/p>\n\n\n\n<p class=\"wp-block-paragraph\">&#171;Aikuiset maksavat vuokraa&#187;, sanoin.<\/p>\n\n\n\n<p class=\"wp-block-paragraph\">H\u00e4n mietti sit\u00e4.<\/p>\n\n\n\n<p class=\"wp-block-paragraph\">&#171;Yksi pala riitt\u00e4\u00e4.&#187;<\/p>\n\n\n\n<p class=\"wp-block-paragraph\">Illallisen j\u00e4lkeen ovikello soi.<\/p>\n\n\n\n<p class=\"wp-block-paragraph\">Ulkona seisoi tummapukuinen mies pitelem\u00e4ss\u00e4 sinet\u00f6ity\u00e4 kirjekuorta ja asiakirjakansiota.<\/p>\n\n\n\n<p class=\"wp-block-paragraph\">&#171;Nimeni on Daniel Foster&#187;, h\u00e4n sanoi. &#171;Edustan Lillian Hayesin kuolinpes\u00e4\u00e4.&#187;<\/p>\n\n\n\n<p class=\"wp-block-paragraph\">Hetken en saanut henke\u00e4.<\/p>\n\n\n\n<p class=\"wp-block-paragraph\">&#171;Kuolinpes\u00e4\u00e4?&#187;<\/p>\n\n\n\n<p class=\"wp-block-paragraph\">H\u00e4n pyysi saada puhua Jonahin ja minun kanssani yhdess\u00e4.<\/p>\n\n\n\n<p class=\"wp-block-paragraph\">Kun olimme istuutuneet, h\u00e4n selitti, ett\u00e4 h\u00e4nen entinen lakikumppaninsa oli edustanut Lilliania avioeromme aikana. Lillian oli perustanut Jonahille vaatimattoman rahaston s\u00e4\u00e4st\u00f6ist\u00e4\u00e4n ja henkivakuutusmaksuistaan.<\/p>\n\n\n\n<p class=\"wp-block-paragraph\">S\u00e4\u00e4st\u00f6s tuli saataville, kun h\u00e4n t\u00e4ytti kahdeksantoista.<\/p>\n\n\n\n<p class=\"wp-block-paragraph\">Mukana oli my\u00f6s kirje, jota ei voitu laillisesti julkaista ennen samaa p\u00e4iv\u00e4m\u00e4\u00e4r\u00e4\u00e4.<\/p>\n\n\n\n<p class=\"wp-block-paragraph\">Kirjekuoressa oli minun ja Jonahin nimeni etupuolella.<\/p>\n\n\n\n<p class=\"wp-block-paragraph\">Tunnistin Lillianin k\u00e4sialan heti.<\/p>\n\n\n\n<p class=\"wp-block-paragraph\">Miriam kalpeni n\u00e4hdess\u00e4\u00e4n sen.<\/p>\n\n\n\n<p class=\"wp-block-paragraph\">&#171;Tiesitk\u00f6 t\u00e4st\u00e4?&#187; kysyin.<\/p>\n\n\n\n<p class=\"wp-block-paragraph\">&#171;Vain sen, ett\u00e4 h\u00e4n oli j\u00e4tt\u00e4nyt jotain Jonahille&#187;, h\u00e4n sanoi. &#171;H\u00e4n tuli luokseni ennen l\u00e4ht\u00f6\u00e4\u00e4n ja pyysi minua pit\u00e4m\u00e4\u00e4n h\u00e4nest\u00e4 huolta, jos joskus tarvitsisit apua. H\u00e4n kertoi olevansa vakavasti sairas, mutta kielt\u00e4ytyi selitt\u00e4m\u00e4st\u00e4. En koskaan tiennyt, minne h\u00e4n meni tai mit\u00e4 tapahtui sen j\u00e4lkeen.&#187;<\/p>\n\n\n\n<p class=\"wp-block-paragraph\">K\u00e4teni t\u00e4risiv\u00e4t, kun avasin kirjekuoren.<\/p>\n\n\n\n<p class=\"wp-block-paragraph\">Lillianin kirje oli lyhyempi kuin odotin.<\/p>\n\n\n\n<p class=\"wp-block-paragraph\">&#171;Miles,<\/p>\n\n\n\n<p class=\"wp-block-paragraph\">&#171;Tied\u00e4n, ett\u00e4 teoni oli julmaa. Kirjoitan t\u00e4m\u00e4n, koska jonain p\u00e4iv\u00e4n\u00e4 Jonah ansaitsee totuuden, vaikka totuus saisi teid\u00e4t molemmat vihaamaan minua enemm\u00e4n.&#187;<\/p>\n\n\n\n<p class=\"wp-block-paragraph\">\u201dKaksi viikkoa ennen h\u00e4nen syntym\u00e4\u00e4ns\u00e4 poikkeavat verikokeiden tulokset johtivat jatkotutkimuksiin. Kerroin sinulle, ett\u00e4 tapaamiset olivat raskauskomplikaatioiden vuoksi.<\/p>\n\n\n\n<p class=\"wp-block-paragraph\">L\u00e4\u00e4k\u00e4rit l\u00f6ysiv\u00e4t aggressiivisen sy\u00f6v\u00e4n, joka oli jo levinnyt maksaan. He voisivat tarjota hoitoa, joka saattaisi antaa minulle lis\u00e4\u00e4 aikaa, mutta toipumismahdollisuuksia ei ollut juurikaan.<\/p>\n\n\n\n<p class=\"wp-block-paragraph\">En antanut heid\u00e4n keskustella diagnoosistani kanssasi.<\/p>\n\n\n\n<p class=\"wp-block-paragraph\">Tiesin, ett\u00e4 yritt\u00e4isit pelastaa minut. K\u00e4ytt\u00e4isit jokaisen dollarin ja jokaisen hetken huolehtimiseen minusta ja samalla oppisit kasvattamaan poikaamme.<\/p>\n\n\n\n<p class=\"wp-block-paragraph\">Kun is\u00e4ni sairastui parantumattomasti, \u00e4itini tuhosi terveytens\u00e4, taloutensa ja kaikki ihmissuhteensa yritt\u00e4ess\u00e4\u00e4n pit\u00e4\u00e4 h\u00e4net hengiss\u00e4. Kasvoin uskoen, ett\u00e4 rakkaus tarkoitti yhden ihmisen katoamisen katsomista samalla kun yritti pelastaa toisen.<\/p>\n\n\n\n<p class=\"wp-block-paragraph\">Kauhistuin, ett\u00e4 sama tapahtuisi sinulle.<\/p>\n\n\n\n<p class=\"wp-block-paragraph\">Joten tein el\u00e4m\u00e4ni pahimman p\u00e4\u00e4t\u00f6ksen.<\/p>\n\n\n\n<p class=\"wp-block-paragraph\">Annoin sinun uskoa, etten halunnut Jonahia.<\/p>\n\n\n\n<p class=\"wp-block-paragraph\">\u201dLuulin, ett\u00e4 viha auttaisi sinua p\u00e4\u00e4st\u00e4m\u00e4\u00e4n minut menem\u00e4\u00e4n. Luulin, ett\u00e4 kaataisit kaikkesi h\u00e4neen sen sijaan, ett\u00e4 seuraisit minua taisteluun, jota en voisi voittaa.<\/p>\n\n\n\n<p class=\"wp-block-paragraph\">\u201dAnnoin sinulle kaiken, mit\u00e4 pystyin, ja loin Jonahille luottamuksen. Tiesin, ett\u00e4 se ei koskaan korvaisi minua, mutta halusin j\u00e4tt\u00e4\u00e4 h\u00e4nelle jotain muuta kuin kipua.<\/p>\n\n\n\n<p class=\"wp-block-paragraph\">\u201dPidin h\u00e4nt\u00e4 syliss\u00e4ni, kun sin\u00e4 nukuit sairaalassa. Laskin h\u00e4nen sormensa, suutelin h\u00e4nen otsaansa ja sanoin h\u00e4nelle, ett\u00e4 h\u00e4n oli t\u00e4ydellinen.<\/p>\n\n\n\n<p class=\"wp-block-paragraph\">\u201dEn koskaan l\u00e4htenyt, koska h\u00e4nell\u00e4 on Downin syndrooma.<\/p>\n\n\n\n<p class=\"wp-block-paragraph\">\u201dL\u00e4hdin, koska olin peloissani, ylpe\u00e4 ja v\u00e4\u00e4r\u00e4ss\u00e4.<\/p>\n\n\n\n<p class=\"wp-block-paragraph\">\u201dMinun olisi pit\u00e4nyt antaa sinun valita, j\u00e4itk\u00f6 vierelleni. Minun olisi pit\u00e4nyt antaa teid\u00e4n molempien tuntea minut niin kauan kuin j\u00e4ljell\u00e4 oli.<\/p>\n\n\n\n<p class=\"wp-block-paragraph\">\u201dRakastin sinua. Rakastin poikaamme.<\/p>\n\n\n\n<p class=\"wp-block-paragraph\">\u201dOlen pahoillani, ett\u00e4 pelkoni sai rakkauden n\u00e4ytt\u00e4m\u00e4\u00e4n hylk\u00e4\u00e4miselt\u00e4.<\/p>\n\n\n\n<p class=\"wp-block-paragraph\">\u201dLillian.\u201d<\/p>\n\n\n\n<p class=\"wp-block-paragraph\">Viimeisell\u00e4 rivill\u00e4 n\u00e4in tuskin kyynelteni l\u00e4pi.<\/p>\n\n\n\n<p class=\"wp-block-paragraph\">Jonah istui t\u00e4ysin liikkumatta.<\/p>\n\n\n\n<p class=\"wp-block-paragraph\">\u201dH\u00e4n oli sairas?\u201d h\u00e4n kuiskasi.<\/p>\n\n\n\n<p class=\"wp-block-paragraph\">Lakimies ny\u00f6kk\u00e4si.<\/p>\n\n\n\n<p class=\"wp-block-paragraph\">\u201dH\u00e4n kuoli seitsem\u00e4n kuukautta l\u00e4ht\u00f6ns\u00e4 j\u00e4lkeen.\u201d<\/p>\n\n\n\n<p class=\"wp-block-paragraph\">Pidin p\u00f6yd\u00e4n reunasta kiinni.<\/p>\n\n\n\n<p class=\"wp-block-paragraph\">Kahdeksantoista vuotta olin kuvitellut Lillianin asuvan jossain muualla, vapaana meist\u00e4.<\/p>\n\n\n\n<p class=\"wp-block-paragraph\">Olin kuvitellut h\u00e4nen menev\u00e4n uudelleen naimisiin ja perustavan uuden perheen.<\/p>\n\n\n\n<p class=\"wp-block-paragraph\">Koko sen ajan h\u00e4n oli ollut poissa.<\/p>\n\n\n\n<p class=\"wp-block-paragraph\">Jonah katsoi minua.<\/p>\n\n\n\n<p class=\"wp-block-paragraph\">\u201dJoten h\u00e4n ei l\u00e4htenyt minun takiani?\u201d<\/p>\n\n\n\n<p class=\"wp-block-paragraph\">\u201dEi.\u201d<\/p>\n\n\n\n<p class=\"wp-block-paragraph\">\u00c4\u00e4neni murtui.<\/p>\n\n\n\n<p class=\"wp-block-paragraph\">\u201dH\u00e4n ei koskaan l\u00e4htenyt sinun takiasi.\u201d<\/p>\n\n\n\n<p class=\"wp-block-paragraph\">\u201dMutta sin\u00e4 luulit h\u00e4nen l\u00e4hteneen.\u201d<\/p>\n\n\n\n<p class=\"wp-block-paragraph\">\u201dKyll\u00e4.\u201d<\/p>\n\n\n\n<p class=\"wp-block-paragraph\">\u201dSiksik\u00f6 et koskaan kertonut minulle h\u00e4nest\u00e4 mit\u00e4\u00e4n?\u201d<\/p>\n\n\n\n<p class=\"wp-block-paragraph\">Laskin p\u00e4\u00e4ni alas.<\/p>\n\n\n\n<p class=\"wp-block-paragraph\">\u201dLuulin, ett\u00e4 tiet\u00e4minen satuttaisi sinua.\u201d<\/p>\n\n\n\n<p class=\"wp-block-paragraph\">H\u00e4nen silm\u00e4ns\u00e4 t\u00e4yttyiv\u00e4t kyynelist\u00e4.<\/p>\n\n\n\n<p class=\"wp-block-paragraph\">\u201dMutta tiet\u00e4m\u00e4tt\u00f6myys satutti my\u00f6s.\u201d<\/p>\n\n\n\n<p class=\"wp-block-paragraph\">H\u00e4n oli oikeassa.<\/p>\n\n\n\n<p class=\"wp-block-paragraph\">Lillian oli p\u00e4\u00e4tt\u00e4nyt, etten kest\u00e4isi h\u00e4nen menett\u00e4mist\u00e4\u00e4n.<\/p>\n\n\n\n<p class=\"wp-block-paragraph\">Olin p\u00e4\u00e4tt\u00e4nyt, etten kest\u00e4isi kuulla h\u00e4nest\u00e4.<\/p>\n\n\n\n<p class=\"wp-block-paragraph\">Olimme molemmat sekoittaneet hiljaisuuden ja suojelemisen.<\/p>\n\n\n\n<p class=\"wp-block-paragraph\">Miriam alkoi itke\u00e4.<\/p>\n\n\n\n<p class=\"wp-block-paragraph\">&#171;H\u00e4n pyysi minua auttamaan sinua&#187;, h\u00e4n sanoi. &#171;Mutta h\u00e4n ei koskaan kertonut minulle koko totuutta. Halusin kysy\u00e4 sinulta h\u00e4nest\u00e4 monta kertaa, mutta aina kun mainitsin h\u00e4nen nimens\u00e4, suljit mielesi. Luulin aiheuttavani vain lis\u00e4\u00e4 tuskaa.&#187;<\/p>\n\n\n\n<p class=\"wp-block-paragraph\">Olin vihainen siit\u00e4, ett\u00e4 h\u00e4n oli tiennyt yht\u00e4\u00e4n mit\u00e4\u00e4n, mutta tiesin my\u00f6s, ettei h\u00e4n ollut salannut meilt\u00e4 Lillianin kuolemaa tai kirjett\u00e4. H\u00e4n oli rakastanut Jonahia kahdeksantoista vuotta, koska oli luvannut h\u00e4nen \u00e4idilleen, ettei antaisi meid\u00e4n olla yksin.<\/p>\n\n\n\n<p class=\"wp-block-paragraph\">My\u00f6hemmin samana iltana toin Jonahin autotalliin.<\/p>\n\n\n\n<p class=\"wp-block-paragraph\">Kaapin takana oli muovilaatikko, jota en ollut avannut sen j\u00e4lkeen, kun muutimme vanhasta asunnostamme.<\/p>\n\n\n\n<p class=\"wp-block-paragraph\">Sis\u00e4ll\u00e4 oli Lillianin valokuvia, muistikirjoja, vihre\u00e4 huivi ja rannekoru, jonka olin antanut h\u00e4nelle ensimm\u00e4isen\u00e4 h\u00e4\u00e4p\u00e4iv\u00e4n\u00e4mme.<\/p>\n\n\n\n<p class=\"wp-block-paragraph\">Jonah istui vieress\u00e4ni lattialla.<\/p>\n\n\n\n<p class=\"wp-block-paragraph\">N\u00e4ytin h\u00e4nelle valokuvan Lillianista nauramassa rannalla.<\/p>\n\n\n\n<p class=\"wp-block-paragraph\">&#171;H\u00e4n vihasi hiekkaa&#187;, sanoin. \u2013 H\u00e4n valitti koko p\u00e4iv\u00e4n, sitten kielt\u00e4ytyi l\u00e4htem\u00e4st\u00e4, koska auringonlasku oli kaunis.<\/p>\n\n\n\n<p class=\"wp-block-paragraph\">\u2013 Oliko h\u00e4n hauska? h\u00e4n kysyi.<\/p>\n\n\n\n<p class=\"wp-block-paragraph\">\u2013 Todella.<\/p>\n\n\n\n<p class=\"wp-block-paragraph\">\u2013 Osasiko h\u00e4n laulaa?<\/p>\n\n\n\n<p class=\"wp-block-paragraph\">\u2013 Kamalan.<\/p>\n\n\n\n<p class=\"wp-block-paragraph\">H\u00e4n hymyili.<\/p>\n\n\n\n<p class=\"wp-block-paragraph\">\u2013 N\u00e4yt\u00e4nk\u00f6 h\u00e4nelt\u00e4?<\/p>\n\n\n\n<p class=\"wp-block-paragraph\">Olin vuosia v\u00e4ltellyt Lillianin etsimist\u00e4 h\u00e4nest\u00e4.<\/p>\n\n\n\n<p class=\"wp-block-paragraph\">Nyt n\u00e4in h\u00e4net kaikkialla.<\/p>\n\n\n\n<p class=\"wp-block-paragraph\">Kuoppa h\u00e4nen poskessaan.<\/p>\n\n\n\n<p class=\"wp-block-paragraph\">H\u00e4nen hymyns\u00e4 kaarevuus.<\/p>\n\n\n\n<p class=\"wp-block-paragraph\">Tapa, jolla h\u00e4n nosti toista kulmakarvaansa h\u00e4mmentyneen\u00e4.<\/p>\n\n\n\n<p class=\"wp-block-paragraph\">\u2013 Kyll\u00e4, sanoin. \u2013 N\u00e4yt\u00e4t.<\/p>\n\n\n\n<p class=\"wp-block-paragraph\">Lakimies oli my\u00f6s antanut meille laatikollisen palautettuja kirjeit\u00e4.<\/p>\n\n\n\n<p class=\"wp-block-paragraph\">Lillianin kuoleman j\u00e4lkeen h\u00e4nen \u00e4itins\u00e4, Evelyn, oli yritt\u00e4nyt ottaa meihin yhteytt\u00e4. Mutta Jonah ja min\u00e4 olimme muuttaneet h\u00e4nen leikkauksensa j\u00e4lkeen, ja olin vaihtanut puhelinnumeroni.<\/p>\n\n\n\n<p class=\"wp-block-paragraph\">Kirjeet oli l\u00e4hetetty vanhaan osoitteeseemme ja palautettu avaamattomina.<\/p>\n\n\n\n<p class=\"wp-block-paragraph\">Evelyn oli etsinyt meit\u00e4 useita vuosia, mutta h\u00e4n tiesi vain vanhan ty\u00f6paikkani ja rakennuksen, jossa olimme aikoinaan asuneet. Siihen menness\u00e4 kun Miriam l\u00f6ysi Miriamin, Miriam oli my\u00f6s muuttanut ja menett\u00e4nyt yhteyden kaikkiin rakennuksessa oleviin.<\/p>\n\n\n\n<p class=\"wp-block-paragraph\">Lakimiehen toimisto j\u00e4ljitti meid\u00e4t lopulta trust-asiakirjojen kautta, kun Jonahin kahdeksastoista syntym\u00e4p\u00e4iv\u00e4 l\u00e4hestyi.<\/p>\n\n\n\n<p class=\"wp-block-paragraph\">Jonah soitti Evelynille seuraavana iltap\u00e4iv\u00e4n\u00e4.<\/p>\n\n\n\n<p class=\"wp-block-paragraph\">Heid\u00e4n ensimm\u00e4inen keskustelunsa kesti l\u00e4hes tunnin.<\/p>\n\n\n\n<p class=\"wp-block-paragraph\">H\u00e4n kysyi Lillianin lapsuudesta, t\u00e4m\u00e4n lempiruoasta ja siit\u00e4, oliko t\u00e4m\u00e4 puhunut h\u00e4nest\u00e4.<\/p>\n\n\n\n<p class=\"wp-block-paragraph\">&#171;Joka p\u00e4iv\u00e4&#187;, Evelyn sanoi kyynelten l\u00e4pi. &#171;H\u00e4n piti sairaalakuvaasi s\u00e4ngyn vieress\u00e4 loppuun asti.&#187;<\/p>\n\n\n\n<p class=\"wp-block-paragraph\">Muutamia kuukausia my\u00f6hemmin k\u00e4vimme Lillianin haudalla.<\/p>\n\n\n\n<p class=\"wp-block-paragraph\">Miriam asetti valkoisia kukkia hautakiven alle. Evelyn seisoi Jonahin vieress\u00e4 pit\u00e4en h\u00e4nen k\u00e4dest\u00e4\u00e4n.<\/p>\n\n\n\n<p class=\"wp-block-paragraph\">Jonah laski kirjeen kopion kukkien l\u00e4helle.<\/p>\n\n\n\n<p class=\"wp-block-paragraph\">&#171;Olen iloinen, ett\u00e4 rakastit minua&#187;, h\u00e4n sanoi. &#171;Mutta toivoisin, ett\u00e4 olisit antanut meid\u00e4n rakastaa sinua takaisin.&#187;<\/p>\n\n\n\n<p class=\"wp-block-paragraph\">Sitten polvistuin haudan viereen.<\/p>\n\n\n\n<p class=\"wp-block-paragraph\">&#171;Vihasin sinua&#187;, kuiskasin. &#171;Vihasin sinua, koska se oli helpompaa kuin my\u00f6nt\u00e4\u00e4, etten koskaan lakannut rakastamasta sinua.&#187;<\/p>\n\n\n\n<p class=\"wp-block-paragraph\">En antanut Lillianille anteeksi sill\u00e4 hetkell\u00e4.<\/p>\n\n\n\n<p class=\"wp-block-paragraph\">Eik\u00e4 Jonahkaan.<\/p>\n\n\n\n<p class=\"wp-block-paragraph\">H\u00e4nen pelkonsa ymm\u00e4rt\u00e4minen ei poistanut h\u00e4nen valintansa aiheuttamaa vahinkoa.<\/p>\n\n\n\n<p class=\"wp-block-paragraph\">Jonah kamppaili kuukausia. Joinakin p\u00e4ivin\u00e4 h\u00e4n halusi tiet\u00e4\u00e4 h\u00e4nest\u00e4 kaiken. Toisina p\u00e4ivin\u00e4 h\u00e4n kielt\u00e4ytyi sanomasta h\u00e4nen nime\u00e4\u00e4n. K\u00e4vimme yhdess\u00e4 terapiassa ja k\u00e4vimme keskusteluja, jotka usein p\u00e4\u00e4ttyiv\u00e4t vihaan tai kyyneliin.<\/p>\n\n\n\n<p class=\"wp-block-paragraph\">V\u00e4hitellen Evelynist\u00e4 tuli osa el\u00e4m\u00e4\u00e4mme. H\u00e4n toi valokuvia ja tarinoita, osallistui Jonahin valmistujaisiin ja liittyi seuraamme sunnuntaip\u00e4iv\u00e4llisille.<\/p>\n\n\n\n<p class=\"wp-block-paragraph\">Miriam pysyi iso\u00e4iti Miriamin.<\/p>\n\n\n\n<p class=\"wp-block-paragraph\">Mit\u00e4 tulee Lillianiin, en en\u00e4\u00e4 muista h\u00e4nt\u00e4 vain naisena, joka k\u00e4veli pois vastasyntyneen poikansa luota.<\/p>\n\n\n\n<p class=\"wp-block-paragraph\">H\u00e4n oli peloissaan oleva nuori \u00e4iti, joka uskoi, ett\u00e4 muuttuminen roistoksi suojelisi rakkaitaan.<\/p>\n\n\n\n<p class=\"wp-block-paragraph\">H\u00e4n oli v\u00e4\u00e4r\u00e4ss\u00e4.<\/p>\n\n\n\n<p class=\"wp-block-paragraph\">H\u00e4n vei meilt\u00e4 valintamme ja j\u00e4tti meille haavan, jota emme voineet ymm\u00e4rt\u00e4\u00e4.<\/p>\n\n\n\n<p class=\"wp-block-paragraph\">Mutta h\u00e4n ei koskaan hyl\u00e4nnyt Jonahia.<\/p>\n\n\n\n<p class=\"wp-block-paragraph\">H\u00e4n rakasti h\u00e4nt\u00e4.<\/p>\n\n\n\n<p class=\"wp-block-paragraph\">H\u00e4n rakasti meit\u00e4 molempia.<\/p>\n\n\n\n<p class=\"wp-block-paragraph\">Kahdeksantoista vuoden j\u00e4lkeen tiesimme vihdoin tarpeeksi surraksemme oikeaa naista sen sijaan, ett\u00e4 vihaisimme sit\u00e4, jonka olimme kuvitelleet.<\/p>\n\n\n\n<p class=\"wp-block-paragraph\"><\/p>\n","protected":false},"excerpt":{"rendered":"18 vuotta sitten vaimoni j\u00e4tti vastasyntyneen poikamme, ja uskoin, ett\u00e4 syyn\u00e4 oli h\u00e4nen Downin syndroomansa. Poikamme Jonah oli syntynyt kolme viikkoa etuajassa sen \n<a class=\"moretag\" href=\"https:\/\/filan.am\/?p=4102\"> [...]<\/a>","protected":false},"author":1,"featured_media":4103,"comment_status":"open","ping_status":"open","sticky":false,"template":"","format":"standard","meta":{"footnotes":""},"categories":[1],"tags":[],"class_list":["post-4102","post","type-post","status-publish","format-standard","has-post-thumbnail","hentry","category-news"],"yoast_head":"<!-- This site is optimized with the Yoast SEO plugin v28.4 - https:\/\/yoast.com\/product\/yoast-seo-wordpress\/ -->\n<title>Vaimoni l\u00e4hti saatuaan tiet\u00e4\u00e4 vastasyntyneell\u00e4 pojallamme olevan Downin syndrooma \u2013 Vihasin h\u00e4nt\u00e4 18 vuotta, kunnes sain tiet\u00e4\u00e4 totuuden eilen illalla -<\/title>\n<meta name=\"robots\" content=\"index, follow, max-snippet:-1, max-image-preview:large, max-video-preview:-1\" \/>\n<link rel=\"canonical\" href=\"https:\/\/filan.am\/?p=4102\" \/>\n<meta property=\"og:locale\" content=\"ru_RU\" \/>\n<meta property=\"og:type\" content=\"article\" \/>\n<meta property=\"og:title\" content=\"Vaimoni l\u00e4hti saatuaan tiet\u00e4\u00e4 vastasyntyneell\u00e4 pojallamme olevan Downin syndrooma \u2013 Vihasin h\u00e4nt\u00e4 18 vuotta, kunnes sain tiet\u00e4\u00e4 totuuden eilen illalla -\" \/>\n<meta property=\"og:description\" content=\"18 vuotta sitten vaimoni j\u00e4tti vastasyntyneen poikamme, ja uskoin, ett\u00e4 syyn\u00e4 oli h\u00e4nen Downin syndroomansa. Poikamme Jonah oli syntynyt kolme viikkoa etuajassa sen\" \/>\n<meta property=\"og:url\" content=\"https:\/\/filan.am\/?p=4102\" \/>\n<meta property=\"article:published_time\" content=\"2026-09-03T14:06:23+00:00\" \/>\n<meta property=\"article:modified_time\" content=\"2026-09-03T14:06:24+00:00\" \/>\n<meta property=\"og:image\" content=\"https:\/\/filan.am\/wp-content\/uploads\/2026\/09\/00000000022222222222.jpeg\" \/>\n\t<meta property=\"og:image:width\" content=\"896\" \/>\n\t<meta property=\"og:image:height\" content=\"1200\" \/>\n\t<meta property=\"og:image:type\" content=\"image\/jpeg\" \/>\n<meta name=\"author\" content=\"filanam\" \/>\n<meta name=\"twitter:card\" content=\"summary_large_image\" \/>\n<meta name=\"twitter:label1\" content=\"\u041d\u0430\u043f\u0438\u0441\u0430\u043d\u043e \u0430\u0432\u0442\u043e\u0440\u043e\u043c\" \/>\n\t<meta name=\"twitter:data1\" content=\"filanam\" \/>\n\t<meta name=\"twitter:label2\" content=\"\u041f\u0440\u0438\u043c\u0435\u0440\u043d\u043e\u0435 \u0432\u0440\u0435\u043c\u044f \u0434\u043b\u044f \u0447\u0442\u0435\u043d\u0438\u044f\" \/>\n\t<meta name=\"twitter:data2\" content=\"10 \u043c\u0438\u043d\u0443\u0442\" \/>\n<script type=\"application\/ld+json\" class=\"yoast-schema-graph\">{\"@context\":\"https:\\\/\\\/schema.org\",\"@graph\":[{\"@type\":\"Article\",\"@id\":\"https:\\\/\\\/filan.am\\\/?p=4102#article\",\"isPartOf\":{\"@id\":\"https:\\\/\\\/filan.am\\\/?p=4102\"},\"author\":{\"name\":\"filanam\",\"@id\":\"https:\\\/\\\/filan.am\\\/#\\\/schema\\\/person\\\/b51c4ec26a4fec8a4f9b3ae0356b8f23\"},\"headline\":\"Vaimoni l\u00e4hti saatuaan tiet\u00e4\u00e4 vastasyntyneell\u00e4 pojallamme olevan Downin syndrooma \u2013 Vihasin h\u00e4nt\u00e4 18 vuotta, kunnes sain tiet\u00e4\u00e4 totuuden eilen illalla\",\"datePublished\":\"2026-09-03T14:06:23+00:00\",\"dateModified\":\"2026-09-03T14:06:24+00:00\",\"mainEntityOfPage\":{\"@id\":\"https:\\\/\\\/filan.am\\\/?p=4102\"},\"wordCount\":2243,\"commentCount\":0,\"image\":{\"@id\":\"https:\\\/\\\/filan.am\\\/?p=4102#primaryimage\"},\"thumbnailUrl\":\"https:\\\/\\\/filan.am\\\/wp-content\\\/uploads\\\/2026\\\/09\\\/00000000022222222222.jpeg\",\"articleSection\":[\"NEWS\"],\"inLanguage\":\"ru-RU\",\"potentialAction\":[{\"@type\":\"CommentAction\",\"name\":\"Comment\",\"target\":[\"https:\\\/\\\/filan.am\\\/?p=4102#respond\"]}]},{\"@type\":\"WebPage\",\"@id\":\"https:\\\/\\\/filan.am\\\/?p=4102\",\"url\":\"https:\\\/\\\/filan.am\\\/?p=4102\",\"name\":\"Vaimoni l\u00e4hti saatuaan tiet\u00e4\u00e4 vastasyntyneell\u00e4 pojallamme olevan Downin syndrooma \u2013 Vihasin h\u00e4nt\u00e4 18 vuotta, kunnes sain tiet\u00e4\u00e4 totuuden eilen illalla -\",\"isPartOf\":{\"@id\":\"https:\\\/\\\/filan.am\\\/#website\"},\"primaryImageOfPage\":{\"@id\":\"https:\\\/\\\/filan.am\\\/?p=4102#primaryimage\"},\"image\":{\"@id\":\"https:\\\/\\\/filan.am\\\/?p=4102#primaryimage\"},\"thumbnailUrl\":\"https:\\\/\\\/filan.am\\\/wp-content\\\/uploads\\\/2026\\\/09\\\/00000000022222222222.jpeg\",\"datePublished\":\"2026-09-03T14:06:23+00:00\",\"dateModified\":\"2026-09-03T14:06:24+00:00\",\"author\":{\"@id\":\"https:\\\/\\\/filan.am\\\/#\\\/schema\\\/person\\\/b51c4ec26a4fec8a4f9b3ae0356b8f23\"},\"breadcrumb\":{\"@id\":\"https:\\\/\\\/filan.am\\\/?p=4102#breadcrumb\"},\"inLanguage\":\"ru-RU\",\"potentialAction\":[{\"@type\":\"ReadAction\",\"target\":[\"https:\\\/\\\/filan.am\\\/?p=4102\"]}]},{\"@type\":\"ImageObject\",\"inLanguage\":\"ru-RU\",\"@id\":\"https:\\\/\\\/filan.am\\\/?p=4102#primaryimage\",\"url\":\"https:\\\/\\\/filan.am\\\/wp-content\\\/uploads\\\/2026\\\/09\\\/00000000022222222222.jpeg\",\"contentUrl\":\"https:\\\/\\\/filan.am\\\/wp-content\\\/uploads\\\/2026\\\/09\\\/00000000022222222222.jpeg\",\"width\":896,\"height\":1200},{\"@type\":\"BreadcrumbList\",\"@id\":\"https:\\\/\\\/filan.am\\\/?p=4102#breadcrumb\",\"itemListElement\":[{\"@type\":\"ListItem\",\"position\":1,\"name\":\"\u0413\u043b\u0430\u0432\u043d\u0430\u044f \u0441\u0442\u0440\u0430\u043d\u0438\u0446\u0430\",\"item\":\"https:\\\/\\\/filan.am\\\/\"},{\"@type\":\"ListItem\",\"position\":2,\"name\":\"Vaimoni l\u00e4hti saatuaan tiet\u00e4\u00e4 vastasyntyneell\u00e4 pojallamme olevan Downin syndrooma \u2013 Vihasin h\u00e4nt\u00e4 18 vuotta, kunnes sain tiet\u00e4\u00e4 totuuden eilen illalla\"}]},{\"@type\":\"WebSite\",\"@id\":\"https:\\\/\\\/filan.am\\\/#website\",\"url\":\"https:\\\/\\\/filan.am\\\/\",\"name\":\"\",\"description\":\"\",\"potentialAction\":[{\"@type\":\"SearchAction\",\"target\":{\"@type\":\"EntryPoint\",\"urlTemplate\":\"https:\\\/\\\/filan.am\\\/?s={search_term_string}\"},\"query-input\":{\"@type\":\"PropertyValueSpecification\",\"valueRequired\":true,\"valueName\":\"search_term_string\"}}],\"inLanguage\":\"ru-RU\"},{\"@type\":\"Person\",\"@id\":\"https:\\\/\\\/filan.am\\\/#\\\/schema\\\/person\\\/b51c4ec26a4fec8a4f9b3ae0356b8f23\",\"name\":\"filanam\",\"image\":{\"@type\":\"ImageObject\",\"inLanguage\":\"ru-RU\",\"@id\":\"https:\\\/\\\/secure.gravatar.com\\\/avatar\\\/a24f4ac3a683f3c87303db525abc00db51ea26ccedee11dfaf1cc0f9a481a5d2?s=96&d=mm&r=g\",\"url\":\"https:\\\/\\\/secure.gravatar.com\\\/avatar\\\/a24f4ac3a683f3c87303db525abc00db51ea26ccedee11dfaf1cc0f9a481a5d2?s=96&d=mm&r=g\",\"contentUrl\":\"https:\\\/\\\/secure.gravatar.com\\\/avatar\\\/a24f4ac3a683f3c87303db525abc00db51ea26ccedee11dfaf1cc0f9a481a5d2?s=96&d=mm&r=g\",\"caption\":\"filanam\"},\"sameAs\":[\"http:\\\/\\\/filan.am\"],\"url\":\"https:\\\/\\\/filan.am\\\/?author=1\"}]}<\/script>\n<!-- \/ Yoast SEO plugin. -->","yoast_head_json":{"title":"Vaimoni l\u00e4hti saatuaan tiet\u00e4\u00e4 vastasyntyneell\u00e4 pojallamme olevan Downin syndrooma \u2013 Vihasin h\u00e4nt\u00e4 18 vuotta, kunnes sain tiet\u00e4\u00e4 totuuden eilen illalla -","robots":{"index":"index","follow":"follow","max-snippet":"max-snippet:-1","max-image-preview":"max-image-preview:large","max-video-preview":"max-video-preview:-1"},"canonical":"https:\/\/filan.am\/?p=4102","og_locale":"ru_RU","og_type":"article","og_title":"Vaimoni l\u00e4hti saatuaan tiet\u00e4\u00e4 vastasyntyneell\u00e4 pojallamme olevan Downin syndrooma \u2013 Vihasin h\u00e4nt\u00e4 18 vuotta, kunnes sain tiet\u00e4\u00e4 totuuden eilen illalla -","og_description":"18 vuotta sitten vaimoni j\u00e4tti vastasyntyneen poikamme, ja uskoin, ett\u00e4 syyn\u00e4 oli h\u00e4nen Downin syndroomansa. Poikamme Jonah oli syntynyt kolme viikkoa etuajassa sen","og_url":"https:\/\/filan.am\/?p=4102","article_published_time":"2026-09-03T14:06:23+00:00","article_modified_time":"2026-09-03T14:06:24+00:00","og_image":[{"width":896,"height":1200,"url":"https:\/\/filan.am\/wp-content\/uploads\/2026\/09\/00000000022222222222.jpeg","type":"image\/jpeg"}],"author":"filanam","twitter_card":"summary_large_image","twitter_misc":{"\u041d\u0430\u043f\u0438\u0441\u0430\u043d\u043e \u0430\u0432\u0442\u043e\u0440\u043e\u043c":"filanam","\u041f\u0440\u0438\u043c\u0435\u0440\u043d\u043e\u0435 \u0432\u0440\u0435\u043c\u044f \u0434\u043b\u044f \u0447\u0442\u0435\u043d\u0438\u044f":"10 \u043c\u0438\u043d\u0443\u0442"},"schema":{"@context":"https:\/\/schema.org","@graph":[{"@type":"Article","@id":"https:\/\/filan.am\/?p=4102#article","isPartOf":{"@id":"https:\/\/filan.am\/?p=4102"},"author":{"name":"filanam","@id":"https:\/\/filan.am\/#\/schema\/person\/b51c4ec26a4fec8a4f9b3ae0356b8f23"},"headline":"Vaimoni l\u00e4hti saatuaan tiet\u00e4\u00e4 vastasyntyneell\u00e4 pojallamme olevan Downin syndrooma \u2013 Vihasin h\u00e4nt\u00e4 18 vuotta, kunnes sain tiet\u00e4\u00e4 totuuden eilen illalla","datePublished":"2026-09-03T14:06:23+00:00","dateModified":"2026-09-03T14:06:24+00:00","mainEntityOfPage":{"@id":"https:\/\/filan.am\/?p=4102"},"wordCount":2243,"commentCount":0,"image":{"@id":"https:\/\/filan.am\/?p=4102#primaryimage"},"thumbnailUrl":"https:\/\/filan.am\/wp-content\/uploads\/2026\/09\/00000000022222222222.jpeg","articleSection":["NEWS"],"inLanguage":"ru-RU","potentialAction":[{"@type":"CommentAction","name":"Comment","target":["https:\/\/filan.am\/?p=4102#respond"]}]},{"@type":"WebPage","@id":"https:\/\/filan.am\/?p=4102","url":"https:\/\/filan.am\/?p=4102","name":"Vaimoni l\u00e4hti saatuaan tiet\u00e4\u00e4 vastasyntyneell\u00e4 pojallamme olevan Downin syndrooma \u2013 Vihasin h\u00e4nt\u00e4 18 vuotta, kunnes sain tiet\u00e4\u00e4 totuuden eilen illalla -","isPartOf":{"@id":"https:\/\/filan.am\/#website"},"primaryImageOfPage":{"@id":"https:\/\/filan.am\/?p=4102#primaryimage"},"image":{"@id":"https:\/\/filan.am\/?p=4102#primaryimage"},"thumbnailUrl":"https:\/\/filan.am\/wp-content\/uploads\/2026\/09\/00000000022222222222.jpeg","datePublished":"2026-09-03T14:06:23+00:00","dateModified":"2026-09-03T14:06:24+00:00","author":{"@id":"https:\/\/filan.am\/#\/schema\/person\/b51c4ec26a4fec8a4f9b3ae0356b8f23"},"breadcrumb":{"@id":"https:\/\/filan.am\/?p=4102#breadcrumb"},"inLanguage":"ru-RU","potentialAction":[{"@type":"ReadAction","target":["https:\/\/filan.am\/?p=4102"]}]},{"@type":"ImageObject","inLanguage":"ru-RU","@id":"https:\/\/filan.am\/?p=4102#primaryimage","url":"https:\/\/filan.am\/wp-content\/uploads\/2026\/09\/00000000022222222222.jpeg","contentUrl":"https:\/\/filan.am\/wp-content\/uploads\/2026\/09\/00000000022222222222.jpeg","width":896,"height":1200},{"@type":"BreadcrumbList","@id":"https:\/\/filan.am\/?p=4102#breadcrumb","itemListElement":[{"@type":"ListItem","position":1,"name":"\u0413\u043b\u0430\u0432\u043d\u0430\u044f \u0441\u0442\u0440\u0430\u043d\u0438\u0446\u0430","item":"https:\/\/filan.am\/"},{"@type":"ListItem","position":2,"name":"Vaimoni l\u00e4hti saatuaan tiet\u00e4\u00e4 vastasyntyneell\u00e4 pojallamme olevan Downin syndrooma \u2013 Vihasin h\u00e4nt\u00e4 18 vuotta, kunnes sain tiet\u00e4\u00e4 totuuden eilen illalla"}]},{"@type":"WebSite","@id":"https:\/\/filan.am\/#website","url":"https:\/\/filan.am\/","name":"","description":"","potentialAction":[{"@type":"SearchAction","target":{"@type":"EntryPoint","urlTemplate":"https:\/\/filan.am\/?s={search_term_string}"},"query-input":{"@type":"PropertyValueSpecification","valueRequired":true,"valueName":"search_term_string"}}],"inLanguage":"ru-RU"},{"@type":"Person","@id":"https:\/\/filan.am\/#\/schema\/person\/b51c4ec26a4fec8a4f9b3ae0356b8f23","name":"filanam","image":{"@type":"ImageObject","inLanguage":"ru-RU","@id":"https:\/\/secure.gravatar.com\/avatar\/a24f4ac3a683f3c87303db525abc00db51ea26ccedee11dfaf1cc0f9a481a5d2?s=96&d=mm&r=g","url":"https:\/\/secure.gravatar.com\/avatar\/a24f4ac3a683f3c87303db525abc00db51ea26ccedee11dfaf1cc0f9a481a5d2?s=96&d=mm&r=g","contentUrl":"https:\/\/secure.gravatar.com\/avatar\/a24f4ac3a683f3c87303db525abc00db51ea26ccedee11dfaf1cc0f9a481a5d2?s=96&d=mm&r=g","caption":"filanam"},"sameAs":["http:\/\/filan.am"],"url":"https:\/\/filan.am\/?author=1"}]}},"_links":{"self":[{"href":"https:\/\/filan.am\/index.php?rest_route=\/wp\/v2\/posts\/4102","targetHints":{"allow":["GET"]}}],"collection":[{"href":"https:\/\/filan.am\/index.php?rest_route=\/wp\/v2\/posts"}],"about":[{"href":"https:\/\/filan.am\/index.php?rest_route=\/wp\/v2\/types\/post"}],"author":[{"embeddable":true,"href":"https:\/\/filan.am\/index.php?rest_route=\/wp\/v2\/users\/1"}],"replies":[{"embeddable":true,"href":"https:\/\/filan.am\/index.php?rest_route=%2Fwp%2Fv2%2Fcomments&post=4102"}],"version-history":[{"count":1,"href":"https:\/\/filan.am\/index.php?rest_route=\/wp\/v2\/posts\/4102\/revisions"}],"predecessor-version":[{"id":4104,"href":"https:\/\/filan.am\/index.php?rest_route=\/wp\/v2\/posts\/4102\/revisions\/4104"}],"wp:featuredmedia":[{"embeddable":true,"href":"https:\/\/filan.am\/index.php?rest_route=\/wp\/v2\/media\/4103"}],"wp:attachment":[{"href":"https:\/\/filan.am\/index.php?rest_route=%2Fwp%2Fv2%2Fmedia&parent=4102"}],"wp:term":[{"taxonomy":"category","embeddable":true,"href":"https:\/\/filan.am\/index.php?rest_route=%2Fwp%2Fv2%2Fcategories&post=4102"},{"taxonomy":"post_tag","embeddable":true,"href":"https:\/\/filan.am\/index.php?rest_route=%2Fwp%2Fv2%2Ftags&post=4102"}],"curies":[{"name":"wp","href":"https:\/\/api.w.org\/{rel}","templated":true}]}}