{"id":4093,"date":"2026-09-02T20:59:49","date_gmt":"2026-09-02T17:59:49","guid":{"rendered":"https:\/\/filan.am\/?p=4093"},"modified":"2026-09-02T20:59:50","modified_gmt":"2026-09-02T17:59:50","slug":"se-yo-ei-ollut-vahinko-kaikki-mita-tiesin-oli-taytta-valhetta-adoptoimme-naapurin-ainoan-lapsen-joka-selvisi-tulipalosta-yksitoista-vuotta-myohemmin-han-loysi-totuuden","status":"publish","type":"post","link":"https:\/\/filan.am\/?p=4093","title":{"rendered":"\u201dSe y\u00f6 ei ollut vahinko. Kaikki mit\u00e4 tiesin, oli t\u00e4ytt\u00e4 valhetta.\u201d Adoptoimme naapurin ainoan lapsen, joka selvisi tulipalosta \u2013 Yksitoista vuotta my\u00f6hemmin h\u00e4n l\u00f6ysi totuuden ommeltuna lapsuudenkaninsa sis\u00e4\u00e4n."},"content":{"rendered":"\n<p class=\"wp-block-paragraph\">Haju saavutti makuuhuoneemme ennen sireenien soittoa.<\/p>\n\n\n\n<p class=\"wp-block-paragraph\">Thomas veti verhon auki. H\u00e4n n\u00e4ki oranssin hehkun lepattavan naapurin yl\u00e4kerran ikkunan takana, ja siihen menness\u00e4, kun olimme pukeneet vaatteet p\u00e4\u00e4llemme ja kompuroineet ulos etupihalle, paloautot olivat jo kirkumassa kadullamme.<\/p>\n\n\n\n<p class=\"wp-block-paragraph\">Y\u00f6, jolloin kaikki muuttui<br>Naapureillamme oli kaksi tyt\u00e4rt\u00e4. Elise oli kuusivuotias. Nora oli kolmevuotias. L\u00e4hes kahden vuoden ajan olimme viett\u00e4neet l\u00e4hes jokaisen viikonlopun tuon perheen kanssa, l\u00e4heisin\u00e4 tavalla, jollaiseksi harvat naapurit koskaan tulevat.<\/p>\n\n\n\n<figure class=\"wp-block-image size-full\"><img loading=\"lazy\" decoding=\"async\" width=\"483\" height=\"641\" src=\"https:\/\/filan.am\/wp-content\/uploads\/2026\/09\/20202002222222.png\" alt=\"\" class=\"wp-image-4094\" srcset=\"https:\/\/filan.am\/wp-content\/uploads\/2026\/09\/20202002222222.png 483w, https:\/\/filan.am\/wp-content\/uploads\/2026\/09\/20202002222222-226x300.png 226w\" sizes=\"auto, (max-width: 483px) 100vw, 483px\" \/><\/figure>\n\n\n\n<p class=\"wp-block-paragraph\">Seisoin ulkona takki p\u00e4\u00e4ll\u00e4 tuijottaen heid\u00e4n palavaa taloaan y\u00f6taivasta vasten, enk\u00e4 ole koskaan el\u00e4m\u00e4ss\u00e4ni tuntenut oloani avuttomammaksi.<\/p>\n\n\n\n<p class=\"wp-block-paragraph\">Palomiehet onnistuivat tuomaan yhden lapsen ulos.<\/p>\n\n\n\n<p class=\"wp-block-paragraph\">Elise.<\/p>\n\n\n\n<p class=\"wp-block-paragraph\">H\u00e4n oli k\u00e4\u00e4riytynyt peittoon, puristaen pient\u00e4 harmaata kania, jonka toinen korva oli k\u00e4rventynyt, ja katseli ep\u00e4toivoisesti ymp\u00e4rilleen, ik\u00e4\u00e4n kuin muun perheenj\u00e4senen olisi vain oltava jossain l\u00e4hell\u00e4 odottamassa l\u00f6yt\u00e4mist\u00e4\u00e4n.<\/p>\n\n\n\n<p class=\"wp-block-paragraph\">&#171;H\u00e4n selvisi ihmeen kaupalla&#187;, yksi palomies kertoi meille. En tiennyt, miten vastata, joten ny\u00f6kk\u00e4sin vain.<\/p>\n\n\n\n<p class=\"wp-block-paragraph\">Ei ollut sukulaisia, jotka olisivat halunneet ottaa Elisen luokseen. Ei isovanhempia, t\u00e4tej\u00e4 tai seti\u00e4, joista kukaan ei tiennyt. Sosiaality\u00f6ntekij\u00e4 oli yst\u00e4v\u00e4llinen, mutta selv\u00e4sti h\u00e4mmentynyt, ja h\u00e4n selitti, ett\u00e4 Elisen t\u00e4ytyisi menn\u00e4 sijaishuoltoon, kun he etsiv\u00e4t muita vaihtoehtoja.<\/p>\n\n\n\n<p class=\"wp-block-paragraph\">Thomas ja min\u00e4 katsoimme toisiamme huoneen toiselta puolelta. Olimme molemmat 45-vuotiaita. Meill\u00e4 ei ollut koskaan ollut omia lapsia.<\/p>\n\n\n\n<p class=\"wp-block-paragraph\">Joten teimme p\u00e4\u00e4t\u00f6ksen. Adoptoisimme Elisen.<\/p>\n\n\n\n<p class=\"wp-block-paragraph\">Kahdeksan kuukautta odotusta<br>Prosessi kesti kahdeksan kuukautta. K\u00e4vimme h\u00e4nen luonaan joka ikinen viikonloppu tuona aikana. H\u00e4nell\u00e4 oli aina pieni pupu mukanaan, ja h\u00e4n kertoi meille, ett\u00e4 sen nimi oli Penny. Joka kerta kun l\u00e4hdimme, h\u00e4n kysyi, milloin h\u00e4n voisi vihdoin tulla kotiin kanssamme.<\/p>\n\n\n\n<p class=\"wp-block-paragraph\">&#171;Pian&#187;, sanoin h\u00e4nelle aina. &#171;Hyvin pian.&#187;<\/p>\n\n\n\n<p class=\"wp-block-paragraph\">Sin\u00e4 p\u00e4iv\u00e4n\u00e4, kun h\u00e4n vihdoin k\u00e4veli sis\u00e4\u00e4n etuovesta tytt\u00e4ren\u00e4mme, Elise pys\u00e4htyi olohuoneen keskelle ja katseli ymp\u00e4rilleen hitaasti, huolellisesti, ik\u00e4\u00e4n kuin h\u00e4n olisi painanut mieleens\u00e4 jokaisen yksityiskohdan silt\u00e4 varalta, ett\u00e4 se katoaisi.<\/p>\n\n\n\n<p class=\"wp-block-paragraph\">Sitten h\u00e4n sanoi: &#171;Penny pit\u00e4\u00e4 t\u00e4\u00e4ll\u00e4.&#187;<\/p>\n\n\n\n<p class=\"wp-block-paragraph\">Sek\u00e4 Thomas ett\u00e4 min\u00e4 purskahdimme nauruun. Se oli ensimm\u00e4inen kerta kahdeksaan kuukauteen, kun kumpikaan meist\u00e4 nauroi, ja muistan sen selke\u00e4mmin kuin melkein mink\u00e4\u00e4n muun koko tuolta vuodelta.<\/p>\n\n\n\n<p class=\"wp-block-paragraph\">Tytt\u00f6, joksi h\u00e4nest\u00e4 kasvoi<br>Yksitoista vuotta kului.<\/p>\n\n\n\n<p class=\"wp-block-paragraph\">Elisest\u00e4 kasvoi joku, josta Thomas ja min\u00e4 olimme todella, hiljaa ylpeit\u00e4. Utelias. Ajattelevainen. Sellainen teini-ik\u00e4inen, joka huomasi jonkun vaikeuksissa ennen kuin t\u00e4m\u00e4 oli sanonut siit\u00e4 sanaakaan, ja joka aina l\u00f6ysi lempe\u00e4n tavan auttaa ilman, ett\u00e4 h\u00e4n koskaan tunsi olevansa alttiina.<\/p>\n\n\n\n<p class=\"wp-block-paragraph\">Mutta jotkut palaset tuosta y\u00f6st\u00e4 eiv\u00e4t koskaan t\u00e4ysin j\u00e4tt\u00e4neet h\u00e4nt\u00e4 mieleens\u00e4.<\/p>\n\n\n\n<p class=\"wp-block-paragraph\">Aina silloin t\u00e4ll\u00f6in h\u00e4n kysyi tulipalosta, ja min\u00e4 kerroin h\u00e4nelle kaiken, mit\u00e4 tiesin, kuinka nopeasti se oli levinnyt, kuinka kovasti palomiehet olivat ty\u00f6skennelleet. H\u00e4n kuunteli tarkkaavaisesti ja ny\u00f6kk\u00e4si, Penny lep\u00e4si h\u00e4nen syliss\u00e4ns\u00e4 koko ajan. Joskus se riitti, hetkeksi. Toisinaan samat kysymykset palasivat kuukausia my\u00f6hemmin, hieman eri n\u00e4k\u00f6kulmasta, ik\u00e4\u00e4n kuin h\u00e4n olisi yritt\u00e4nyt ymm\u00e4rt\u00e4\u00e4 samaa totuutta uudesta n\u00e4k\u00f6kulmasta.<\/p>\n\n\n\n<p class=\"wp-block-paragraph\">Puhuimme h\u00e4nen vanhemmistaan \u200b\u200baina kun h\u00e4n halusi. Pidimme heid\u00e4n valokuviaan k\u00e4yt\u00e4v\u00e4ll\u00e4, enimm\u00e4kseen aurinkoisina p\u00e4ivin\u00e4, piknikein\u00e4, nauru pys\u00e4htyneen\u00e4 keskelle kuvaa. Joka vuosi, h\u00e4nen syntym\u00e4p\u00e4iv\u00e4n\u00e4\u00e4n ja tulipalon vuosip\u00e4iv\u00e4n\u00e4, k\u00e4vimme heid\u00e4n haudoillaan yhdess\u00e4.<\/p>\n\n\n\n<p class=\"wp-block-paragraph\">Siihen menness\u00e4, kun Elise t\u00e4ytti seitsem\u00e4ntoista, uskoin todella, ett\u00e4 olimme selvinneet vaikeimman osan yli.<\/p>\n\n\n\n<p class=\"wp-block-paragraph\">Olin v\u00e4\u00e4r\u00e4ss\u00e4.<\/p>\n\n\n\n<p class=\"wp-block-paragraph\">Mit\u00e4 Pennyn sis\u00e4ll\u00e4 oli piilossa<br>Oli tavallinen maanantai-iltap\u00e4iv\u00e4. Olin keitti\u00f6ss\u00e4 tekem\u00e4ss\u00e4 lounasta, kun Elise k\u00e4veli sis\u00e4\u00e4n pit\u00e4en Penny\u00e4 molemmista k\u00e4sist\u00e4, h\u00e4nen kasvonsa olivat jotenkin erilaiset. J\u00e4rkyttyneen\u00e4 tavalla, jota en ollut n\u00e4hnyt vuosiin.<\/p>\n\n\n\n<p class=\"wp-block-paragraph\">&#171;\u00c4iti, l\u00f6ysin jotain.&#187;<\/p>\n\n\n\n<p class=\"wp-block-paragraph\">H\u00e4n laski kanin varovasti tiskille v\u00e4liimme.<\/p>\n\n\n\n<p class=\"wp-block-paragraph\">&#171;L\u00f6ysin kirjeen t\u00e4m\u00e4n kanin sis\u00e4lt\u00e4, \u00e4iti. Tikit irtosivat hieman, ja n\u00e4in jotain t\u00f6rr\u00f6tt\u00e4v\u00e4n sis\u00e4lt\u00e4.&#187;<\/p>\n\n\n\n<p class=\"wp-block-paragraph\">Nojasin l\u00e4hemm\u00e4s. Pennyn sel\u00e4n sauma oli l\u00f6ystynyt juuri sen verran, ett\u00e4 se paljasti sis\u00e4ll\u00e4 olevan taitetun paperinpalan, jonka toinen kulma oli hieman palanut ja koko paperi pehmennyt ja kulunut ajan my\u00f6t\u00e4.<\/p>\n\n\n\n<p class=\"wp-block-paragraph\">&#171;Mik\u00e4 tuo on?&#187; kysyin ja kurotin jo k\u00e4teni sit\u00e4 kohti.<\/p>\n\n\n\n<p class=\"wp-block-paragraph\">Elise alkoi itke\u00e4 ennen kuin olin edes avannut sen.<\/p>\n\n\n\n<p class=\"wp-block-paragraph\">&#171;\u00c4iti. Se y\u00f6 ei ollut vahinko. Kaikki mit\u00e4 tiesin, oli t\u00e4ytt\u00e4 valhetta.&#187;<\/p>\n\n\n\n<p class=\"wp-block-paragraph\">Kirje<br>Paperi oli revitty irti muistikirjasta. Viesti oli kirjoitettu sinisell\u00e4 musteella, k\u00e4siala vakaa yl\u00e4osassa, mutta pieneni ja tiivistyi rivin edetess\u00e4, aivan kuin kirjoittajan aika olisi loppunut rivin edetess\u00e4.<\/p>\n\n\n\n<p class=\"wp-block-paragraph\">Syd\u00e4meni alkoi hakata lukiessani.<\/p>\n\n\n\n<p class=\"wp-block-paragraph\">&#171;Elise, jos l\u00f6yd\u00e4t t\u00e4m\u00e4n, minun t\u00e4ytyy sinun ymm\u00e4rt\u00e4\u00e4 er\u00e4s asia. T\u00e4m\u00e4 on minun vikani. Tiesin johdotuksesta. Minun olisi pit\u00e4nyt korjata se. Olen pahoillani, kulta. Anna anteeksi is\u00e4lle, jos en selvi\u00e4 t\u00e4st\u00e4&#8230;&#187;<\/p>\n\n\n\n<p class=\"wp-block-paragraph\">Minun piti painaa molemmat k\u00e4teni litte\u00e4sti p\u00f6yt\u00e4\u00e4 vasten tasapainottaakseni itseni ennen kuin sain sen luettua.<\/p>\n\n\n\n<p class=\"wp-block-paragraph\">Elise katsoi minua lukemassa, h\u00e4nen \u00e4\u00e4nens\u00e4 murtui. &#171;Is\u00e4ni aiheutti sen. H\u00e4n tiesi, eik\u00e4 h\u00e4n korjannut sit\u00e4. Nora ja \u00e4itini ovat poissa h\u00e4nen takiaan.&#187;<\/p>\n\n\n\n<p class=\"wp-block-paragraph\">Vedin h\u00e4net syliini, eik\u00e4 h\u00e4n pystynyt lopettamaan itkemist\u00e4.<\/p>\n\n\n\n<p class=\"wp-block-paragraph\">Mit\u00e4 Thomas luki sin\u00e4 iltana<br>Sin\u00e4 iltana Thomas luki kirjeen keitti\u00f6n p\u00f6yd\u00e4n \u00e4\u00e4ress\u00e4. Elisen is\u00e4 oli huomannut ongelman keitti\u00f6n katon johdotuksessa viikkoa ennen tulipaloa. H\u00e4n oli aikonut soittaa s\u00e4hk\u00f6asentajalle. H\u00e4n oli lyk\u00e4nnyt sit\u00e4. Ja sitten koitti tuo kamala y\u00f6, ja tuli levisi nopeammin kuin kukaan olisi voinut kuvitella mahdolliseksi.<\/p>\n\n\n\n<p class=\"wp-block-paragraph\">H\u00e4n oli kirjoittanut kirjeen minuuteissa ennen kuin palasi sis\u00e4lle.<\/p>\n\n\n\n<p class=\"wp-block-paragraph\">Viimeiset rivit kuuluivat:<\/p>\n\n\n\n<p class=\"wp-block-paragraph\">&#171;Jokaiselle, joka l\u00f6yt\u00e4\u00e4 tytt\u00e4reni. Elisen ei pid\u00e4 koskaan uskoa, ett\u00e4 t\u00e4m\u00e4 johtui h\u00e4nest\u00e4. Sain h\u00e4net ensin ikkunalle. Tulipalo on jo k\u00e4yt\u00e4v\u00e4ll\u00e4. En tied\u00e4, onko minulla aikaa, mutta menen takaisin hakemaan Noraa. Kerro Eliselle, ett\u00e4 pidin lupaukseni. En l\u00e4htenyt.&#187;<\/p>\n\n\n\n<p class=\"wp-block-paragraph\">Thomas laski kirjeen alas ja peitti silm\u00e4ns\u00e4 toisella k\u00e4dell\u00e4.<\/p>\n\n\n\n<p class=\"wp-block-paragraph\">Elise istui meit\u00e4 vastap\u00e4\u00e4t\u00e4, k\u00e4det tiukasti kietoutuneina itsens\u00e4 ymp\u00e4rille. &#171;H\u00e4n odotti&#187;, h\u00e4n sanoi. &#171;Ja Nora maksoi sen.&#187;<\/p>\n\n\n\n<p class=\"wp-block-paragraph\">&#171;Se on yksi osa siit\u00e4, mit\u00e4 h\u00e4n kirjoitti, kulta&#187;, sanoin lempe\u00e4sti. &#171;Se ei ole kaikki. Me aiomme l\u00f6yt\u00e4\u00e4 Frankin.&#187;<\/p>\n\n\n\n<p class=\"wp-block-paragraph\">Thomas katsoi yl\u00f6s. &#171;Frank?&#187;<\/p>\n\n\n\n<p class=\"wp-block-paragraph\">&#171;Palomies, joka kantoi Elisen ulos&#187;, sanoin. \u2013 Min\u00e4 menen etsim\u00e4\u00e4n h\u00e4net. Meid\u00e4n t\u00e4ytyy tiet\u00e4\u00e4 tarkalleen, mit\u00e4 sin\u00e4 y\u00f6n\u00e4 tapahtui.<\/p>\n\n\n\n<p class=\"wp-block-paragraph\">\u2013 Ent\u00e4 jos en halua tiet\u00e4\u00e4? Elise kysyi tuskin kuiskaten.<\/p>\n\n\n\n<p class=\"wp-block-paragraph\">\u2013 Sitten sinun ei tarvitse tulla, sanoin h\u00e4nelle pehme\u00e4sti. \u2013 Mutta min\u00e4 menen.<\/p>\n\n\n\n<p class=\"wp-block-paragraph\">Frankin l\u00f6yt\u00e4minen<br>Kesti kolme p\u00e4iv\u00e4\u00e4 l\u00f6yt\u00e4\u00e4 h\u00e4net palokunnan tietojen kautta. H\u00e4n oli el\u00e4kkeell\u00e4 ja asui kahden kaupungin p\u00e4\u00e4ss\u00e4. Kun soitin h\u00e4nelle, linjassa oli pitk\u00e4 hiljaisuus, ennen kuin h\u00e4n lopulta puhui. H\u00e4n sanoi muistavansa tuon y\u00f6n t\u00e4ysin selke\u00e4sti ja miettineens\u00e4 usein vuosien varrella, mit\u00e4 pienelle tyt\u00f6lle oli tapahtunut.<\/p>\n\n\n\n<p class=\"wp-block-paragraph\">Ajoimme ulos lauantaiaamuna. Elise istui takapenkill\u00e4 pidellen Pennyst\u00e4 tiukasti kiinni. H\u00e4n oli v\u00e4itt\u00e4nyt, ettei halunnut tulla mukaan. H\u00e4n oli my\u00f6s ensimm\u00e4inen, joka oli kiinnitt\u00e4nyt turvavy\u00f6ns\u00e4 autoon.<\/p>\n\n\n\n<p class=\"wp-block-paragraph\">Frank avasi oven kahvimuki k\u00e4dess\u00e4\u00e4n. H\u00e4n katsoi minua, Thomasia ja sitten Elist\u00e4. H\u00e4nen katseensa pys\u00e4htyi Elisen syliss\u00e4 olevaan j\u00e4niksiin ja pysyi siin\u00e4.<\/p>\n\n\n\n<p class=\"wp-block-paragraph\">&#171;Sin\u00e4 olet se pieni tytt\u00f6 siit\u00e4 y\u00f6st\u00e4. Kannoin sinut pois tulesta. Olet kasvanut aikuiseksi.&#187;<\/p>\n\n\n\n<p class=\"wp-block-paragraph\">H\u00e4n kutsui meid\u00e4t keitti\u00f6\u00f6ns\u00e4 ja istuutui meit\u00e4 vastap\u00e4\u00e4t\u00e4 ja kertoi hitaasti, mit\u00e4 muisti. Elisen is\u00e4, Bill, oli jo saanut h\u00e4net ikkunalle, kun Frank p\u00e4\u00e4si toiseen kerrokseen. Bill yski, mutta oli rauhallinen ja hallinnassa. H\u00e4n ohitti Elisen ikkunan l\u00e4pi ja k\u00e4\u00e4ntyi sitten suoraan takaisin k\u00e4yt\u00e4v\u00e4\u00e4 kohti.<\/p>\n\n\n\n<p class=\"wp-block-paragraph\">\u201dH\u00e4n toisteli Elisen nime\u00e4\u201d, Frank sanoi. \u201dSe pikkuinen. Nora. Sanoi, ett\u00e4 h\u00e4n oli takahuoneessa \u00e4itins\u00e4 kanssa.\u201d<\/p>\n\n\n\n<p class=\"wp-block-paragraph\">Elise tuijotti k\u00e4si\u00e4\u00e4n, kyyneleet valuivat hiljaa silmiss\u00e4\u00e4n.<\/p>\n\n\n\n<p class=\"wp-block-paragraph\">\u201dSanoin h\u00e4nelle, ettei h\u00e4n saisi menn\u00e4 takaisin\u201d, Frank jatkoi. \u201dH\u00e4n meni joka tapauksessa. Useammin kuin kerran.\u201d<\/p>\n\n\n\n<p class=\"wp-block-paragraph\">Elisen ote Pennyst\u00e4 kiristyi. \u201dMenik\u00f6 is\u00e4 takaisin useammin kuin kerran?\u201d<\/p>\n\n\n\n<p class=\"wp-block-paragraph\">\u201dKolme kertaa\u201d, Frank sanoi hiljaa. \u201dKolmannella kerralla katto romahti.\u201d<\/p>\n\n\n\n<p class=\"wp-block-paragraph\">Keitti\u00f6 hiljeni t\u00e4ysin.<\/p>\n\n\n\n<p class=\"wp-block-paragraph\">\u201dH\u00e4n ei j\u00e4\u00e4tynyt\u201d, Frank lis\u00e4si, melkein itsekseen. \u201dH\u00e4n ei ep\u00e4r\u00f6inyt kertaakaan. H\u00e4n meni takaisin sis\u00e4\u00e4n, kunnes ei en\u00e4\u00e4 fyysisesti pystynyt. Olen ajatellut sit\u00e4 miest\u00e4 paljon vuosien varrella. H\u00e4n teki kaiken, mit\u00e4 ihminen voi tehd\u00e4. Mutta\u2026\u201d<\/p>\n\n\n\n<p class=\"wp-block-paragraph\">Elise ei antanut h\u00e4nen viimeistell\u00e4 lausettaan. H\u00e4n nojasi minuun ja piti tiukasti kiinni.<\/p>\n\n\n\n<p class=\"wp-block-paragraph\">\u201dHaluan vain menn\u00e4 kotiin, \u00e4iti. Ole kiltti.\u201d<\/p>\n\n\n\n<p class=\"wp-block-paragraph\">Paloraportti<br>Sin\u00e4 iltana, takaisin oman keitti\u00f6np\u00f6yt\u00e4mme \u00e4\u00e4ress\u00e4, levitin virallisen paloraportin. Olin pyyt\u00e4nyt sit\u00e4 aiemmin samalla viikolla, ja se oli saapunut kaksi p\u00e4iv\u00e4\u00e4 aiemmin, vaikka en ollut viel\u00e4 n\u00e4ytt\u00e4nyt sit\u00e4 Eliselle. Avasin sen kohdasta, jonka olin jo korostanut.<\/p>\n\n\n\n<p class=\"wp-block-paragraph\">Palon syy: viallinen kytkent\u00e4rasia, keitti\u00f6n katto.<\/p>\n\n\n\n<p class=\"wp-block-paragraph\">Palon levi\u00e4minen: ep\u00e4tavallisen nopea rakenteellisten olosuhteiden vuoksi.<\/p>\n\n\n\n<p class=\"wp-block-paragraph\">Ja edelleen, tylyll\u00e4, kliinisell\u00e4 kielell\u00e4, joka jotenkin kertoi kaiken: Koehenkil\u00f6 yritti useita kertoja paikantaa toista lasta. Kolme dokumentoitua paluuyrityst\u00e4.<\/p>\n\n\n\n<p class=\"wp-block-paragraph\">Napautin rivi\u00e4 kevyesti. &#171;T\u00e4m\u00e4 ei ole arvaus&#187;, sanoin h\u00e4nelle. &#171;T\u00e4m\u00e4 ei ole vain Frankin muistikuva. T\u00e4m\u00e4 on se, mit\u00e4 he tallensivat sin\u00e4 y\u00f6n\u00e4, niin kuin se tapahtui.&#187;<\/p>\n\n\n\n<p class=\"wp-block-paragraph\">K\u00e4\u00e4nsin raportin h\u00e4nt\u00e4 kohti.<\/p>\n\n\n\n<p class=\"wp-block-paragraph\">&#171;Is\u00e4 tiesi johdotuksesta, ja h\u00e4n silti viivytteli&#187;, Elise sanoi itkien. &#171;Se osa on totta.&#187;<\/p>\n\n\n\n<p class=\"wp-block-paragraph\">&#171;Kyll\u00e4, kulta, se osa on totta&#187;, sanoin. \u2013 Mutta juuri silloin, kun sill\u00e4 oli eniten merkityst\u00e4, is\u00e4si palasi. Kolme kertaa. Kunnes h\u00e4n ei en\u00e4\u00e4 fyysisesti pystynyt palaamaan.<\/p>\n\n\n\n<p class=\"wp-block-paragraph\">\u2013 H\u00e4n ei voinut pelastaa heit\u00e4. \u00c4iti\u00e4ni. Noraa.<\/p>\n\n\n\n<p class=\"wp-block-paragraph\">\u2013 Virhe ei m\u00e4\u00e4ritellyt h\u00e4nt\u00e4, Elise, sanoin vet\u00e4en h\u00e4net l\u00e4helleni. \u2013 Se, mit\u00e4 h\u00e4n teki sen j\u00e4lkeen, m\u00e4\u00e4ritteli.<\/p>\n\n\n\n<p class=\"wp-block-paragraph\">Elise oli hiljaa pitk\u00e4\u00e4n. Sitten h\u00e4n kysyi kysymyksen, jota olin odottanut koko ajan.<\/p>\n\n\n\n<p class=\"wp-block-paragraph\">\u2013 Miksi h\u00e4n otti minut ensin? Miksi ei Noraa?<\/p>\n\n\n\n<p class=\"wp-block-paragraph\">Vastasin niin huolellisesti ja rehellisesti kuin osasin. \u2013 Ehk\u00e4 siksi, ett\u00e4 olit l\u00e4hemp\u00e4n\u00e4. Ehk\u00e4 h\u00e4nell\u00e4 oli sekunteja, ei minuutteja. Ehk\u00e4 h\u00e4n uskoi kaikella j\u00e4ljell\u00e4 olevalla voimallaan, ett\u00e4 h\u00e4n voisi viel\u00e4 palata heid\u00e4n luokseen. Pidin h\u00e4nen katseensa vakaana. \u2013 Ja h\u00e4n oli oikeassa siin\u00e4, ett\u00e4 h\u00e4n voisi yritt\u00e4\u00e4. H\u00e4nen aikansa vain loppui kesken.<\/p>\n\n\n\n<p class=\"wp-block-paragraph\">\u2013 Eik\u00f6 h\u00e4n valinnut minun ja heid\u00e4n v\u00e4lill\u00e4\u00e4n? h\u00e4n kysyi pehme\u00e4sti.<\/p>\n\n\n\n<p class=\"wp-block-paragraph\">\u2013 Ei, kulta, sanoin. \u2013 H\u00e4n yritti pelastaa kaikki. Tuli teki valinnan. H\u00e4n ei tehnyt niin.<\/p>\n\n\n\n<p class=\"wp-block-paragraph\">Elise katsoi raporttia viel\u00e4 kerran. Sitten h\u00e4n nosti Pennyn takaisin p\u00f6yd\u00e4lt\u00e4.<\/p>\n\n\n\n<p class=\"wp-block-paragraph\">\u201dIs\u00e4 piti lupauksensa. H\u00e4n ei l\u00e4htenyt.\u201d<\/p>\n\n\n\n<p class=\"wp-block-paragraph\">\u201dKyll\u00e4\u201d, sanoin lempe\u00e4sti. \u201dH\u00e4n ei l\u00e4htenyt.\u201d<\/p>\n\n\n\n<p class=\"wp-block-paragraph\">Mit\u00e4 ompelin takaisin sis\u00e4\u00e4n<br>Sin\u00e4 iltana istuin keitti\u00f6np\u00f6yd\u00e4n \u00e4\u00e4ress\u00e4 ompeluv\u00e4line k\u00e4dess\u00e4 ja korjasin huolellisesti Pennyn sel\u00e4n sauman. Liu&#8217;utin kirjeen ensin suojataskuun ja sujautin sen sitten sis\u00e4\u00e4n ennen kuin suljin ompeleet.<\/p>\n\n\n\n<p class=\"wp-block-paragraph\">En piilottanut sit\u00e4.<\/p>\n\n\n\n<p class=\"wp-block-paragraph\">S\u00e4ilytin sit\u00e4.<\/p>\n\n\n\n<p class=\"wp-block-paragraph\">Is\u00e4n viimeinen yhteys tytt\u00e4reens\u00e4, turvassa sen ainoan esineen sis\u00e4ll\u00e4, joka oli selvinnyt tulipalosta h\u00e4nen rinnallaan.<\/p>\n\n\n\n<p class=\"wp-block-paragraph\">Hautausmaa<br>Seuraavana aamuna Elise kysyi, voisimmeko k\u00e4yd\u00e4 hautausmaalla. H\u00e4n polvistui ensin Noran hautakiven \u00e4\u00e4reen ja lepuutti k\u00e4mment\u00e4\u00e4n kylm\u00e4\u00e4 kive\u00e4 vasten hiljaisuudessa pitk\u00e4n hetken. Sitten h\u00e4n siirtyi vanhempiensa haudoille ja seisoi siell\u00e4 t\u00e4ysin liikkumatta.<\/p>\n\n\n\n<p class=\"wp-block-paragraph\">Hetken kuluttua h\u00e4n kuiskasi: &#171;Et l\u00e4htenyt.&#187;<\/p>\n\n\n\n<p class=\"wp-block-paragraph\">Seisoin aivan h\u00e4nen takanaan, tarpeeksi l\u00e4hell\u00e4 ollakseni siell\u00e4, antaen h\u00e4nelle tilaa, jota h\u00e4n tarvitsi viett\u00e4\u00e4kseen t\u00e4m\u00e4n hetken yksin. J\u00e4imme, kunnes valo alkoi himmenty\u00e4 kivirivien yll\u00e4.<\/p>\n\n\n\n<p class=\"wp-block-paragraph\">Ajomatkalla kotiin Elise piti Penny\u00e4 syliss\u00e4ns\u00e4. Jossain vaiheessa valtatiet\u00e4 h\u00e4n k\u00e4\u00e4ntyi minua kohti.<\/p>\n\n\n\n<p class=\"wp-block-paragraph\">&#171;Miksi otit minut luoksesi? Sinut ja Thomasin. Sinun ei olisi tarvinnut.&#187;<\/p>\n\n\n\n<p class=\"wp-block-paragraph\">Pidin katseeni tiess\u00e4 hetken ennen kuin vastasin.<\/p>\n\n\n\n<p class=\"wp-block-paragraph\">&#171;Koska jotenkin meid\u00e4n oli aina tarkoitus l\u00f6yt\u00e4\u00e4 toisemme.&#187;<\/p>\n\n\n\n<p class=\"wp-block-paragraph\">H\u00e4n katsoi takaisin ikkunasta. Hetken kuluttua h\u00e4n sanoi hiljaa: &#171;Tied\u00e4n.&#187;<\/p>\n\n\n\n<p class=\"wp-block-paragraph\">Sin\u00e4 iltana h\u00e4n laski Pennyn tyynyns\u00e4 keskelle, korjattu sauma yl\u00f6sp\u00e4in. H\u00e4n seisoi siin\u00e4 hetken ja katsoi sit\u00e4 ennen kuin sammutti valon.<\/p>\n\n\n\n<p class=\"wp-block-paragraph\">Katselin ovelta.<\/p>\n\n\n\n<p class=\"wp-block-paragraph\">Kirje oli yh\u00e4 sis\u00e4ll\u00e4.<\/p>\n\n\n\n<p class=\"wp-block-paragraph\">Totuus oli yh\u00e4 sis\u00e4ll\u00e4.<\/p>\n\n\n\n<p class=\"wp-block-paragraph\">Mutta kumpikaan heist\u00e4 ei ollut en\u00e4\u00e4 pelottava.<\/p>\n\n\n\n<p class=\"wp-block-paragraph\"><\/p>\n","protected":false},"excerpt":{"rendered":"Haju saavutti makuuhuoneemme ennen sireenien soittoa. Thomas veti verhon auki. H\u00e4n n\u00e4ki oranssin hehkun lepattavan naapurin yl\u00e4kerran ikkunan takana, ja siihen menness\u00e4, kun \n<a class=\"moretag\" href=\"https:\/\/filan.am\/?p=4093\"> [...]<\/a>","protected":false},"author":1,"featured_media":4094,"comment_status":"open","ping_status":"open","sticky":false,"template":"","format":"standard","meta":{"footnotes":""},"categories":[1],"tags":[],"class_list":["post-4093","post","type-post","status-publish","format-standard","has-post-thumbnail","hentry","category-news"],"yoast_head":"<!-- This site is optimized with the Yoast SEO plugin v28.4 - https:\/\/yoast.com\/product\/yoast-seo-wordpress\/ -->\n<title>\u201dSe y\u00f6 ei ollut vahinko. Kaikki mit\u00e4 tiesin, oli t\u00e4ytt\u00e4 valhetta.\u201d Adoptoimme naapurin ainoan lapsen, joka selvisi tulipalosta \u2013 Yksitoista vuotta my\u00f6hemmin h\u00e4n l\u00f6ysi totuuden ommeltuna lapsuudenkaninsa sis\u00e4\u00e4n. -<\/title>\n<meta name=\"robots\" content=\"index, follow, max-snippet:-1, max-image-preview:large, max-video-preview:-1\" \/>\n<link rel=\"canonical\" href=\"https:\/\/filan.am\/?p=4093\" \/>\n<meta property=\"og:locale\" content=\"ru_RU\" \/>\n<meta property=\"og:type\" content=\"article\" \/>\n<meta property=\"og:title\" content=\"\u201dSe y\u00f6 ei ollut vahinko. Kaikki mit\u00e4 tiesin, oli t\u00e4ytt\u00e4 valhetta.\u201d Adoptoimme naapurin ainoan lapsen, joka selvisi tulipalosta \u2013 Yksitoista vuotta my\u00f6hemmin h\u00e4n l\u00f6ysi totuuden ommeltuna lapsuudenkaninsa sis\u00e4\u00e4n. -\" \/>\n<meta property=\"og:description\" content=\"Haju saavutti makuuhuoneemme ennen sireenien soittoa. Thomas veti verhon auki. H\u00e4n n\u00e4ki oranssin hehkun lepattavan naapurin yl\u00e4kerran ikkunan takana, ja siihen menness\u00e4, kun\" \/>\n<meta property=\"og:url\" content=\"https:\/\/filan.am\/?p=4093\" \/>\n<meta property=\"article:published_time\" content=\"2026-09-02T17:59:49+00:00\" \/>\n<meta property=\"article:modified_time\" content=\"2026-09-02T17:59:50+00:00\" \/>\n<meta property=\"og:image\" content=\"https:\/\/filan.am\/wp-content\/uploads\/2026\/09\/20202002222222.png\" \/>\n\t<meta property=\"og:image:width\" content=\"483\" \/>\n\t<meta property=\"og:image:height\" content=\"641\" \/>\n\t<meta property=\"og:image:type\" content=\"image\/png\" \/>\n<meta name=\"author\" content=\"filanam\" \/>\n<meta name=\"twitter:card\" content=\"summary_large_image\" \/>\n<meta name=\"twitter:label1\" content=\"\u041d\u0430\u043f\u0438\u0441\u0430\u043d\u043e \u0430\u0432\u0442\u043e\u0440\u043e\u043c\" \/>\n\t<meta name=\"twitter:data1\" content=\"filanam\" \/>\n\t<meta name=\"twitter:label2\" content=\"\u041f\u0440\u0438\u043c\u0435\u0440\u043d\u043e\u0435 \u0432\u0440\u0435\u043c\u044f \u0434\u043b\u044f \u0447\u0442\u0435\u043d\u0438\u044f\" \/>\n\t<meta name=\"twitter:data2\" content=\"10 \u043c\u0438\u043d\u0443\u0442\" \/>\n<script type=\"application\/ld+json\" class=\"yoast-schema-graph\">{\"@context\":\"https:\\\/\\\/schema.org\",\"@graph\":[{\"@type\":\"Article\",\"@id\":\"https:\\\/\\\/filan.am\\\/?p=4093#article\",\"isPartOf\":{\"@id\":\"https:\\\/\\\/filan.am\\\/?p=4093\"},\"author\":{\"name\":\"filanam\",\"@id\":\"https:\\\/\\\/filan.am\\\/#\\\/schema\\\/person\\\/b51c4ec26a4fec8a4f9b3ae0356b8f23\"},\"headline\":\"\u201dSe y\u00f6 ei ollut vahinko. Kaikki mit\u00e4 tiesin, oli t\u00e4ytt\u00e4 valhetta.\u201d Adoptoimme naapurin ainoan lapsen, joka selvisi tulipalosta \u2013 Yksitoista vuotta my\u00f6hemmin h\u00e4n l\u00f6ysi totuuden ommeltuna lapsuudenkaninsa sis\u00e4\u00e4n.\",\"datePublished\":\"2026-09-02T17:59:49+00:00\",\"dateModified\":\"2026-09-02T17:59:50+00:00\",\"mainEntityOfPage\":{\"@id\":\"https:\\\/\\\/filan.am\\\/?p=4093\"},\"wordCount\":2035,\"commentCount\":0,\"image\":{\"@id\":\"https:\\\/\\\/filan.am\\\/?p=4093#primaryimage\"},\"thumbnailUrl\":\"https:\\\/\\\/filan.am\\\/wp-content\\\/uploads\\\/2026\\\/09\\\/20202002222222.png\",\"articleSection\":[\"NEWS\"],\"inLanguage\":\"ru-RU\",\"potentialAction\":[{\"@type\":\"CommentAction\",\"name\":\"Comment\",\"target\":[\"https:\\\/\\\/filan.am\\\/?p=4093#respond\"]}]},{\"@type\":\"WebPage\",\"@id\":\"https:\\\/\\\/filan.am\\\/?p=4093\",\"url\":\"https:\\\/\\\/filan.am\\\/?p=4093\",\"name\":\"\u201dSe y\u00f6 ei ollut vahinko. Kaikki mit\u00e4 tiesin, oli t\u00e4ytt\u00e4 valhetta.\u201d Adoptoimme naapurin ainoan lapsen, joka selvisi tulipalosta \u2013 Yksitoista vuotta my\u00f6hemmin h\u00e4n l\u00f6ysi totuuden ommeltuna lapsuudenkaninsa sis\u00e4\u00e4n. -\",\"isPartOf\":{\"@id\":\"https:\\\/\\\/filan.am\\\/#website\"},\"primaryImageOfPage\":{\"@id\":\"https:\\\/\\\/filan.am\\\/?p=4093#primaryimage\"},\"image\":{\"@id\":\"https:\\\/\\\/filan.am\\\/?p=4093#primaryimage\"},\"thumbnailUrl\":\"https:\\\/\\\/filan.am\\\/wp-content\\\/uploads\\\/2026\\\/09\\\/20202002222222.png\",\"datePublished\":\"2026-09-02T17:59:49+00:00\",\"dateModified\":\"2026-09-02T17:59:50+00:00\",\"author\":{\"@id\":\"https:\\\/\\\/filan.am\\\/#\\\/schema\\\/person\\\/b51c4ec26a4fec8a4f9b3ae0356b8f23\"},\"breadcrumb\":{\"@id\":\"https:\\\/\\\/filan.am\\\/?p=4093#breadcrumb\"},\"inLanguage\":\"ru-RU\",\"potentialAction\":[{\"@type\":\"ReadAction\",\"target\":[\"https:\\\/\\\/filan.am\\\/?p=4093\"]}]},{\"@type\":\"ImageObject\",\"inLanguage\":\"ru-RU\",\"@id\":\"https:\\\/\\\/filan.am\\\/?p=4093#primaryimage\",\"url\":\"https:\\\/\\\/filan.am\\\/wp-content\\\/uploads\\\/2026\\\/09\\\/20202002222222.png\",\"contentUrl\":\"https:\\\/\\\/filan.am\\\/wp-content\\\/uploads\\\/2026\\\/09\\\/20202002222222.png\",\"width\":483,\"height\":641},{\"@type\":\"BreadcrumbList\",\"@id\":\"https:\\\/\\\/filan.am\\\/?p=4093#breadcrumb\",\"itemListElement\":[{\"@type\":\"ListItem\",\"position\":1,\"name\":\"\u0413\u043b\u0430\u0432\u043d\u0430\u044f \u0441\u0442\u0440\u0430\u043d\u0438\u0446\u0430\",\"item\":\"https:\\\/\\\/filan.am\\\/\"},{\"@type\":\"ListItem\",\"position\":2,\"name\":\"\u201dSe y\u00f6 ei ollut vahinko. Kaikki mit\u00e4 tiesin, oli t\u00e4ytt\u00e4 valhetta.\u201d Adoptoimme naapurin ainoan lapsen, joka selvisi tulipalosta \u2013 Yksitoista vuotta my\u00f6hemmin h\u00e4n l\u00f6ysi totuuden ommeltuna lapsuudenkaninsa sis\u00e4\u00e4n.\"}]},{\"@type\":\"WebSite\",\"@id\":\"https:\\\/\\\/filan.am\\\/#website\",\"url\":\"https:\\\/\\\/filan.am\\\/\",\"name\":\"\",\"description\":\"\",\"potentialAction\":[{\"@type\":\"SearchAction\",\"target\":{\"@type\":\"EntryPoint\",\"urlTemplate\":\"https:\\\/\\\/filan.am\\\/?s={search_term_string}\"},\"query-input\":{\"@type\":\"PropertyValueSpecification\",\"valueRequired\":true,\"valueName\":\"search_term_string\"}}],\"inLanguage\":\"ru-RU\"},{\"@type\":\"Person\",\"@id\":\"https:\\\/\\\/filan.am\\\/#\\\/schema\\\/person\\\/b51c4ec26a4fec8a4f9b3ae0356b8f23\",\"name\":\"filanam\",\"image\":{\"@type\":\"ImageObject\",\"inLanguage\":\"ru-RU\",\"@id\":\"https:\\\/\\\/secure.gravatar.com\\\/avatar\\\/a24f4ac3a683f3c87303db525abc00db51ea26ccedee11dfaf1cc0f9a481a5d2?s=96&d=mm&r=g\",\"url\":\"https:\\\/\\\/secure.gravatar.com\\\/avatar\\\/a24f4ac3a683f3c87303db525abc00db51ea26ccedee11dfaf1cc0f9a481a5d2?s=96&d=mm&r=g\",\"contentUrl\":\"https:\\\/\\\/secure.gravatar.com\\\/avatar\\\/a24f4ac3a683f3c87303db525abc00db51ea26ccedee11dfaf1cc0f9a481a5d2?s=96&d=mm&r=g\",\"caption\":\"filanam\"},\"sameAs\":[\"http:\\\/\\\/filan.am\"],\"url\":\"https:\\\/\\\/filan.am\\\/?author=1\"}]}<\/script>\n<!-- \/ Yoast SEO plugin. -->","yoast_head_json":{"title":"\u201dSe y\u00f6 ei ollut vahinko. Kaikki mit\u00e4 tiesin, oli t\u00e4ytt\u00e4 valhetta.\u201d Adoptoimme naapurin ainoan lapsen, joka selvisi tulipalosta \u2013 Yksitoista vuotta my\u00f6hemmin h\u00e4n l\u00f6ysi totuuden ommeltuna lapsuudenkaninsa sis\u00e4\u00e4n. -","robots":{"index":"index","follow":"follow","max-snippet":"max-snippet:-1","max-image-preview":"max-image-preview:large","max-video-preview":"max-video-preview:-1"},"canonical":"https:\/\/filan.am\/?p=4093","og_locale":"ru_RU","og_type":"article","og_title":"\u201dSe y\u00f6 ei ollut vahinko. Kaikki mit\u00e4 tiesin, oli t\u00e4ytt\u00e4 valhetta.\u201d Adoptoimme naapurin ainoan lapsen, joka selvisi tulipalosta \u2013 Yksitoista vuotta my\u00f6hemmin h\u00e4n l\u00f6ysi totuuden ommeltuna lapsuudenkaninsa sis\u00e4\u00e4n. -","og_description":"Haju saavutti makuuhuoneemme ennen sireenien soittoa. Thomas veti verhon auki. H\u00e4n n\u00e4ki oranssin hehkun lepattavan naapurin yl\u00e4kerran ikkunan takana, ja siihen menness\u00e4, kun","og_url":"https:\/\/filan.am\/?p=4093","article_published_time":"2026-09-02T17:59:49+00:00","article_modified_time":"2026-09-02T17:59:50+00:00","og_image":[{"width":483,"height":641,"url":"https:\/\/filan.am\/wp-content\/uploads\/2026\/09\/20202002222222.png","type":"image\/png"}],"author":"filanam","twitter_card":"summary_large_image","twitter_misc":{"\u041d\u0430\u043f\u0438\u0441\u0430\u043d\u043e \u0430\u0432\u0442\u043e\u0440\u043e\u043c":"filanam","\u041f\u0440\u0438\u043c\u0435\u0440\u043d\u043e\u0435 \u0432\u0440\u0435\u043c\u044f \u0434\u043b\u044f \u0447\u0442\u0435\u043d\u0438\u044f":"10 \u043c\u0438\u043d\u0443\u0442"},"schema":{"@context":"https:\/\/schema.org","@graph":[{"@type":"Article","@id":"https:\/\/filan.am\/?p=4093#article","isPartOf":{"@id":"https:\/\/filan.am\/?p=4093"},"author":{"name":"filanam","@id":"https:\/\/filan.am\/#\/schema\/person\/b51c4ec26a4fec8a4f9b3ae0356b8f23"},"headline":"\u201dSe y\u00f6 ei ollut vahinko. Kaikki mit\u00e4 tiesin, oli t\u00e4ytt\u00e4 valhetta.\u201d Adoptoimme naapurin ainoan lapsen, joka selvisi tulipalosta \u2013 Yksitoista vuotta my\u00f6hemmin h\u00e4n l\u00f6ysi totuuden ommeltuna lapsuudenkaninsa sis\u00e4\u00e4n.","datePublished":"2026-09-02T17:59:49+00:00","dateModified":"2026-09-02T17:59:50+00:00","mainEntityOfPage":{"@id":"https:\/\/filan.am\/?p=4093"},"wordCount":2035,"commentCount":0,"image":{"@id":"https:\/\/filan.am\/?p=4093#primaryimage"},"thumbnailUrl":"https:\/\/filan.am\/wp-content\/uploads\/2026\/09\/20202002222222.png","articleSection":["NEWS"],"inLanguage":"ru-RU","potentialAction":[{"@type":"CommentAction","name":"Comment","target":["https:\/\/filan.am\/?p=4093#respond"]}]},{"@type":"WebPage","@id":"https:\/\/filan.am\/?p=4093","url":"https:\/\/filan.am\/?p=4093","name":"\u201dSe y\u00f6 ei ollut vahinko. Kaikki mit\u00e4 tiesin, oli t\u00e4ytt\u00e4 valhetta.\u201d Adoptoimme naapurin ainoan lapsen, joka selvisi tulipalosta \u2013 Yksitoista vuotta my\u00f6hemmin h\u00e4n l\u00f6ysi totuuden ommeltuna lapsuudenkaninsa sis\u00e4\u00e4n. -","isPartOf":{"@id":"https:\/\/filan.am\/#website"},"primaryImageOfPage":{"@id":"https:\/\/filan.am\/?p=4093#primaryimage"},"image":{"@id":"https:\/\/filan.am\/?p=4093#primaryimage"},"thumbnailUrl":"https:\/\/filan.am\/wp-content\/uploads\/2026\/09\/20202002222222.png","datePublished":"2026-09-02T17:59:49+00:00","dateModified":"2026-09-02T17:59:50+00:00","author":{"@id":"https:\/\/filan.am\/#\/schema\/person\/b51c4ec26a4fec8a4f9b3ae0356b8f23"},"breadcrumb":{"@id":"https:\/\/filan.am\/?p=4093#breadcrumb"},"inLanguage":"ru-RU","potentialAction":[{"@type":"ReadAction","target":["https:\/\/filan.am\/?p=4093"]}]},{"@type":"ImageObject","inLanguage":"ru-RU","@id":"https:\/\/filan.am\/?p=4093#primaryimage","url":"https:\/\/filan.am\/wp-content\/uploads\/2026\/09\/20202002222222.png","contentUrl":"https:\/\/filan.am\/wp-content\/uploads\/2026\/09\/20202002222222.png","width":483,"height":641},{"@type":"BreadcrumbList","@id":"https:\/\/filan.am\/?p=4093#breadcrumb","itemListElement":[{"@type":"ListItem","position":1,"name":"\u0413\u043b\u0430\u0432\u043d\u0430\u044f \u0441\u0442\u0440\u0430\u043d\u0438\u0446\u0430","item":"https:\/\/filan.am\/"},{"@type":"ListItem","position":2,"name":"\u201dSe y\u00f6 ei ollut vahinko. Kaikki mit\u00e4 tiesin, oli t\u00e4ytt\u00e4 valhetta.\u201d Adoptoimme naapurin ainoan lapsen, joka selvisi tulipalosta \u2013 Yksitoista vuotta my\u00f6hemmin h\u00e4n l\u00f6ysi totuuden ommeltuna lapsuudenkaninsa sis\u00e4\u00e4n."}]},{"@type":"WebSite","@id":"https:\/\/filan.am\/#website","url":"https:\/\/filan.am\/","name":"","description":"","potentialAction":[{"@type":"SearchAction","target":{"@type":"EntryPoint","urlTemplate":"https:\/\/filan.am\/?s={search_term_string}"},"query-input":{"@type":"PropertyValueSpecification","valueRequired":true,"valueName":"search_term_string"}}],"inLanguage":"ru-RU"},{"@type":"Person","@id":"https:\/\/filan.am\/#\/schema\/person\/b51c4ec26a4fec8a4f9b3ae0356b8f23","name":"filanam","image":{"@type":"ImageObject","inLanguage":"ru-RU","@id":"https:\/\/secure.gravatar.com\/avatar\/a24f4ac3a683f3c87303db525abc00db51ea26ccedee11dfaf1cc0f9a481a5d2?s=96&d=mm&r=g","url":"https:\/\/secure.gravatar.com\/avatar\/a24f4ac3a683f3c87303db525abc00db51ea26ccedee11dfaf1cc0f9a481a5d2?s=96&d=mm&r=g","contentUrl":"https:\/\/secure.gravatar.com\/avatar\/a24f4ac3a683f3c87303db525abc00db51ea26ccedee11dfaf1cc0f9a481a5d2?s=96&d=mm&r=g","caption":"filanam"},"sameAs":["http:\/\/filan.am"],"url":"https:\/\/filan.am\/?author=1"}]}},"_links":{"self":[{"href":"https:\/\/filan.am\/index.php?rest_route=\/wp\/v2\/posts\/4093","targetHints":{"allow":["GET"]}}],"collection":[{"href":"https:\/\/filan.am\/index.php?rest_route=\/wp\/v2\/posts"}],"about":[{"href":"https:\/\/filan.am\/index.php?rest_route=\/wp\/v2\/types\/post"}],"author":[{"embeddable":true,"href":"https:\/\/filan.am\/index.php?rest_route=\/wp\/v2\/users\/1"}],"replies":[{"embeddable":true,"href":"https:\/\/filan.am\/index.php?rest_route=%2Fwp%2Fv2%2Fcomments&post=4093"}],"version-history":[{"count":1,"href":"https:\/\/filan.am\/index.php?rest_route=\/wp\/v2\/posts\/4093\/revisions"}],"predecessor-version":[{"id":4095,"href":"https:\/\/filan.am\/index.php?rest_route=\/wp\/v2\/posts\/4093\/revisions\/4095"}],"wp:featuredmedia":[{"embeddable":true,"href":"https:\/\/filan.am\/index.php?rest_route=\/wp\/v2\/media\/4094"}],"wp:attachment":[{"href":"https:\/\/filan.am\/index.php?rest_route=%2Fwp%2Fv2%2Fmedia&parent=4093"}],"wp:term":[{"taxonomy":"category","embeddable":true,"href":"https:\/\/filan.am\/index.php?rest_route=%2Fwp%2Fv2%2Fcategories&post=4093"},{"taxonomy":"post_tag","embeddable":true,"href":"https:\/\/filan.am\/index.php?rest_route=%2Fwp%2Fv2%2Ftags&post=4093"}],"curies":[{"name":"wp","href":"https:\/\/api.w.org\/{rel}","templated":true}]}}