{"id":4077,"date":"2026-09-02T19:45:10","date_gmt":"2026-09-02T16:45:10","guid":{"rendered":"https:\/\/filan.am\/?p=4077"},"modified":"2026-09-02T19:45:11","modified_gmt":"2026-09-02T16:45:11","slug":"han-omisti-elamansa-viidelle-lapselle-jotka-eivat-olleet-hanen-omiaan-mutta-hautajaisten-jalkeen-kirje-paljasti-salaisuuden-jota-han-oli-pitanyt-vuosia","status":"publish","type":"post","link":"https:\/\/filan.am\/?p=4077","title":{"rendered":"H\u00e4n omisti el\u00e4m\u00e4ns\u00e4 viidelle lapselle, jotka eiv\u00e4t olleet h\u00e4nen omiaan, mutta hautajaisten j\u00e4lkeen kirje paljasti salaisuuden, jota h\u00e4n oli pit\u00e4nyt vuosia."},"content":{"rendered":"\n<p class=\"wp-block-paragraph\">Is\u00e4puoleni kasvatti viisi lasta, jotka eiv\u00e4t olleet h\u00e4nen biologisia j\u00e4lkel\u00e4isi\u00e4\u00e4n.<\/p>\n\n\n\n<p class=\"wp-block-paragraph\">Hautajaisten j\u00e4lkeen asianajaja lukitsi oven, asetti viisi kirjett\u00e4 p\u00f6yd\u00e4lle ja sanoi:<\/p>\n\n\n\n<p class=\"wp-block-paragraph\">&#171;Is\u00e4nne halusi teid\u00e4n jokaisen lukevan kirjeenne yksin.&#187;<\/p>\n\n\n\n<p class=\"wp-block-paragraph\">Avasin kirjekuoren, jossa oli nimeni.<\/p>\n\n\n\n<figure class=\"wp-block-image size-full\"><img loading=\"lazy\" decoding=\"async\" width=\"514\" height=\"639\" src=\"https:\/\/filan.am\/wp-content\/uploads\/2026\/09\/202002222222.png\" alt=\"\" class=\"wp-image-4078\" srcset=\"https:\/\/filan.am\/wp-content\/uploads\/2026\/09\/202002222222.png 514w, https:\/\/filan.am\/wp-content\/uploads\/2026\/09\/202002222222-241x300.png 241w\" sizes=\"auto, (max-width: 514px) 100vw, 514px\" \/><\/figure>\n\n\n\n<p class=\"wp-block-paragraph\">Ja ensimm\u00e4isest\u00e4 rivist\u00e4 l\u00e4htien ymm\u00e4rsin, miksi nuorempi sisareni oli paennut vuosia miest\u00e4, jota kutsuimme is\u00e4ksi&#8230;<\/p>\n\n\n\n<p class=\"wp-block-paragraph\">Thomas tuli el\u00e4m\u00e4\u00e4ni, kun olin vasta viisivuotias.<\/p>\n\n\n\n<p class=\"wp-block-paragraph\">H\u00e4n ei ollut biologinen is\u00e4ni.<\/p>\n\n\n\n<p class=\"wp-block-paragraph\">Mutta kaksi vuotta my\u00f6hemmin \u00e4itini kuoli odottamatta, j\u00e4tt\u00e4en h\u00e4net ainoaksi henkil\u00f6ksi, joka voisi olla perheeni.<\/p>\n\n\n\n<p class=\"wp-block-paragraph\">Kaikki luulivat, ett\u00e4 h\u00e4n antaisi minut isovanhemmilleni.<\/p>\n\n\n\n<p class=\"wp-block-paragraph\">Olinhan h\u00e4nelle vieras.<\/p>\n\n\n\n<p class=\"wp-block-paragraph\">Mutta kun aikuiset v\u00e4itteliv\u00e4t siit\u00e4, miss\u00e4 minun pit\u00e4isi nyt asua, Thomas katsoi minua \u2013 peloissaan olevaa seitsem\u00e4nvuotiasta tytt\u00f6\u00e4, joka puristaa vanhaa nallekarhua \u2013 ja sanoi vain nelj\u00e4 sanaa:<\/p>\n\n\n\n<p class=\"wp-block-paragraph\">&#171;H\u00e4n on tytt\u00e4reni.&#187;<\/p>\n\n\n\n<p class=\"wp-block-paragraph\">Ja siin\u00e4 keskustelu p\u00e4\u00e4ttyi. H\u00e4n kasvatti minut.<\/p>\n\n\n\n<p class=\"wp-block-paragraph\">H\u00e4n opetti minulle, miten letitt\u00e4\u00e4 hiukseni kirjaston kirjalla. H\u00e4n sujautti minulle muistiinpanoja lounaani sekaan. H\u00e4n ty\u00f6skenteli ahkerasti, mutta h\u00e4n l\u00f6ysi aina keinon olla l\u00e4sn\u00e4, kun tarvitsin h\u00e4nt\u00e4.<\/p>\n\n\n\n<p class=\"wp-block-paragraph\">Ja sitten perheemme kasvoi entisest\u00e4\u00e4n.<\/p>\n\n\n\n<p class=\"wp-block-paragraph\">H\u00e4n adoptoi kaksoset Michaelin ja Maran.<\/p>\n\n\n\n<p class=\"wp-block-paragraph\">My\u00f6hemmin Noah ja Susan liittyiv\u00e4t perheeseemme.<\/p>\n\n\n\n<p class=\"wp-block-paragraph\">Viisi lasta.<\/p>\n\n\n\n<p class=\"wp-block-paragraph\">Kukaan meist\u00e4 ei ollut h\u00e4nen biologinen lapsensa.<\/p>\n\n\n\n<p class=\"wp-block-paragraph\">Emme olleet sukua.<\/p>\n\n\n\n<p class=\"wp-block-paragraph\">Mutta Thomas ei koskaan saanut meit\u00e4 tuntemaan oloamme v\u00e4liaikaisiksi vuokralaisiksi talossaan.<\/p>\n\n\n\n<p class=\"wp-block-paragraph\">Talomme oli pieni, meluisa ja kaoottinen. Kylpyhuone oli aina pieni.<\/p>\n\n\n\n<p class=\"wp-block-paragraph\">Mutta se oli kotimme.<\/p>\n\n\n\n<p class=\"wp-block-paragraph\">Kasvoimme.<\/p>\n\n\n\n<p class=\"wp-block-paragraph\">Jokaisella meist\u00e4 oli oma el\u00e4m\u00e4ns\u00e4.<\/p>\n\n\n\n<p class=\"wp-block-paragraph\">Ja sitten Susan vain katosi er\u00e4\u00e4n\u00e4 p\u00e4iv\u00e4n\u00e4.<\/p>\n\n\n\n<p class=\"wp-block-paragraph\">Viikkoa kahdeksantoista t\u00e4ytt\u00e4misen j\u00e4lkeen h\u00e4n pakkasi tavaransa ja l\u00e4hti.<\/p>\n\n\n\n<p class=\"wp-block-paragraph\">Thomas soitti h\u00e4nelle.<\/p>\n\n\n\n<p class=\"wp-block-paragraph\">H\u00e4n kirjoitti h\u00e4nelle kirjeit\u00e4.<\/p>\n\n\n\n<p class=\"wp-block-paragraph\">H\u00e4n l\u00e4hetti h\u00e4nelle postikortteja.<\/p>\n\n\n\n<p class=\"wp-block-paragraph\">H\u00e4n j\u00e4tti h\u00e4nelle vastaajaan viestej\u00e4.<\/p>\n\n\n\n<p class=\"wp-block-paragraph\">H\u00e4n ei vastannut.<\/p>\n\n\n\n<p class=\"wp-block-paragraph\">H\u00e4n oli raivoissaan.<\/p>\n\n\n\n<p class=\"wp-block-paragraph\">Er\u00e4\u00e4n\u00e4 p\u00e4iv\u00e4n\u00e4 kysyin h\u00e4nelt\u00e4:<\/p>\n\n\n\n<p class=\"wp-block-paragraph\">&#171;Kuinka voit tehd\u00e4 n\u00e4in jollekulle, joka on ollut kanssamme koko el\u00e4m\u00e4mme?&#187;<\/p>\n\n\n\n<p class=\"wp-block-paragraph\">Susan katsoi minua ja sanoi:<\/p>\n\n\n\n<p class=\"wp-block-paragraph\">&#171;Et tunne Thomasia niin kuin min\u00e4.&#187;<\/p>\n\n\n\n<p class=\"wp-block-paragraph\">Ja h\u00e4n l\u00f6i luurin kiinni.<\/p>\n\n\n\n<p class=\"wp-block-paragraph\">H\u00e4n ei selitt\u00e4nyt mit\u00e4\u00e4n muuta.<\/p>\n\n\n\n<p class=\"wp-block-paragraph\">Ja Thomas vastasi aina kysymyksiini samalla tavalla:<\/p>\n\n\n\n<p class=\"wp-block-paragraph\">&#171;Se ei ole minun tarinani kerrottavaksi.&#187;<\/p>\n\n\n\n<p class=\"wp-block-paragraph\">Vuosien ajan yritin selvitt\u00e4\u00e4, mit\u00e4 Susan tiesi h\u00e4nest\u00e4 sellaista, mit\u00e4 me emme tienneet.<\/p>\n\n\n\n<p class=\"wp-block-paragraph\">Ja sitten Thomas kuoli yll\u00e4tt\u00e4en.<\/p>\n\n\n\n<p class=\"wp-block-paragraph\">H\u00e4n oli 56-vuotias.<\/p>\n\n\n\n<p class=\"wp-block-paragraph\">Susan tuli hautajaisiin.<\/p>\n\n\n\n<p class=\"wp-block-paragraph\">H\u00e4n seisoi yksin sateessa ja katseli hiljaa, kun he laskivat maan alle miehen, jonka kanssa h\u00e4n oli kielt\u00e4ytynyt puhumasta vuosien ajan.<\/p>\n\n\n\n<p class=\"wp-block-paragraph\">Hautajaisten j\u00e4lkeen Thomasin asianajaja pyysi meit\u00e4 viitt\u00e4 menem\u00e4\u00e4n toimistoonsa.<\/p>\n\n\n\n<p class=\"wp-block-paragraph\">P\u00f6yd\u00e4ll\u00e4 oli lukittu puinen laatikko.<\/p>\n\n\n\n<p class=\"wp-block-paragraph\">H\u00e4n avasi sen.<\/p>\n\n\n\n<p class=\"wp-block-paragraph\">Sis\u00e4ll\u00e4 oli viisi kirjekuorta.<\/p>\n\n\n\n<p class=\"wp-block-paragraph\">Yksi jokaiselle meist\u00e4.<\/p>\n\n\n\n<p class=\"wp-block-paragraph\">Jokaiseen oli kirjoitettu nimi.<\/p>\n\n\n\n<p class=\"wp-block-paragraph\">Avasin omani.<\/p>\n\n\n\n<p class=\"wp-block-paragraph\">K\u00e4teni t\u00e4risiv\u00e4t.<\/p>\n\n\n\n<p class=\"wp-block-paragraph\">Avasin kirjeen.<\/p>\n\n\n\n<p class=\"wp-block-paragraph\">Ja luin ensimm\u00e4isen rivin:<\/p>\n\n\n\n<p class=\"wp-block-paragraph\">&#171;Rakas tytt\u00e4reni. Susan l\u00e4hti, koska h\u00e4n l\u00f6ysi minusta jotain, mit\u00e4 te kaikki ette tienneet&#8230;&#187;<\/p>\n\n\n\n<p class=\"wp-block-paragraph\">Luin nuo sanat uudelleen.<\/p>\n\n\n\n<p class=\"wp-block-paragraph\">Ja sitten ymm\u00e4rsin&#8230;<\/p>\n\n\n\n<p class=\"wp-block-paragraph\">Salaisuus, jonka Thomas oli pit\u00e4nyt meilt\u00e4 vuosia, liittyi jokaiseen h\u00e4nen viidest\u00e4 lapsestaan.<\/p>\n\n\n\n<p class=\"wp-block-paragraph\">Jumalanpalveluksen j\u00e4lkeen tummanharmaaseen takkiin pukeutunut mies l\u00e4hestyi meit\u00e4.<\/p>\n\n\n\n<p class=\"wp-block-paragraph\">&#171;Thomasin lapset?&#187;<\/p>\n\n\n\n<p class=\"wp-block-paragraph\">H\u00e4n esitteli itsens\u00e4 herra Ellwoodiksi, Thomasin asianajajaksi.<\/p>\n\n\n\n<p class=\"wp-block-paragraph\">&#171;H\u00e4n j\u00e4tti yksityiskohtaiset ohjeet. H\u00e4n halusi teid\u00e4n kaikkien viiden tulevan toimistooni. Teid\u00e4n t\u00e4ytyy vastaanottaa jotakin yhdess\u00e4.&#187;<\/p>\n\n\n\n<p class=\"wp-block-paragraph\">&#171;Mit\u00e4?&#187; Michael kysyi.<\/p>\n\n\n\n<p class=\"wp-block-paragraph\">&#171;Laatikko.&#187;<\/p>\n\n\n\n<p class=\"wp-block-paragraph\">Tunnin kuluttua istuimme h\u00e4nen ty\u00f6p\u00f6yt\u00e4ns\u00e4 ymp\u00e4rill\u00e4.<\/p>\n\n\n\n<p class=\"wp-block-paragraph\">Keskell\u00e4 oli pieni puinen laatikko, jossa oli messinkilukko.<\/p>\n\n\n\n<p class=\"wp-block-paragraph\">Herra Ellwood ojensi minulle avaimen.<\/p>\n\n\n\n<p class=\"wp-block-paragraph\">&#171;Thomas pyysi Christinaa avaamaan sen.&#187;<\/p>\n\n\n\n<p class=\"wp-block-paragraph\">Sis\u00e4ll\u00e4 oli viisi kirjekuorta.<\/p>\n\n\n\n<p class=\"wp-block-paragraph\">Yksi kummallekin meist\u00e4.<\/p>\n\n\n\n<p class=\"wp-block-paragraph\">Avasin omani.<\/p>\n\n\n\n<p class=\"wp-block-paragraph\">Ensimm\u00e4inen lause salpasi hengitykseni.<\/p>\n\n\n\n<p class=\"wp-block-paragraph\">&#171;Rakas tytt\u00e4reni, sinun pit\u00e4isi tiet\u00e4\u00e4 Susanista. H\u00e4n l\u00e4hti, koska l\u00f6ysi menneisyydest\u00e4ni osan, josta kukaan teist\u00e4 ei tiennyt.&#187;<\/p>\n\n\n\n<p class=\"wp-block-paragraph\">Thomas selitti, ett\u00e4 Susan oli l\u00f6yt\u00e4nyt h\u00e4nen ty\u00f6p\u00f6yd\u00e4lt\u00e4\u00e4n antiikkisen syd\u00e4menmuotoisen medaljongin.<\/p>\n\n\n\n<p class=\"wp-block-paragraph\">Sis\u00e4ll\u00e4 oli valokuva Thomasista nuoren naisen kanssa.<\/p>\n\n\n\n<p class=\"wp-block-paragraph\">Susan tunnisti h\u00e4net.<\/p>\n\n\n\n<p class=\"wp-block-paragraph\">Se oli h\u00e4nen \u00e4itins\u00e4.<\/p>\n\n\n\n<p class=\"wp-block-paragraph\">Mutta h\u00e4n ei ollut h\u00e4nen rakastajansa.<\/p>\n\n\n\n<p class=\"wp-block-paragraph\">H\u00e4n oli h\u00e4nen pikkusiskonsa.<\/p>\n\n\n\n<p class=\"wp-block-paragraph\">H\u00e4nen nimens\u00e4 oli Eliza.<\/p>\n\n\n\n<p class=\"wp-block-paragraph\">Noah puhkesi kyyneliin huoneen poikki.<\/p>\n\n\n\n<p class=\"wp-block-paragraph\">Mara peitti suunsa k\u00e4dell\u00e4\u00e4n.<\/p>\n\n\n\n<p class=\"wp-block-paragraph\">Susan kalpeni.<\/p>\n\n\n\n<p class=\"wp-block-paragraph\">Sitten h\u00e4n nousi seisomaan ja juoksi ulos toimistosta.<\/p>\n\n\n\n<p class=\"wp-block-paragraph\">Juoksin h\u00e4nen per\u00e4\u00e4ns\u00e4.<\/p>\n\n\n\n<p class=\"wp-block-paragraph\">Osa 5 \u2013 Totuus, jota Susan ei koskaan tiennyt<\/p>\n\n\n\n<p class=\"wp-block-paragraph\">L\u00f6ysin Susanin suuren tammen alta. H\u00e4n nyyhkytti.<\/p>\n\n\n\n<p class=\"wp-block-paragraph\">H\u00e4n ojensi minulle Thomasin kirjeen.<\/p>\n\n\n\n<p class=\"wp-block-paragraph\">&#171;Ole hyv\u00e4&#187;, h\u00e4n kuiskasi. &#171;Lue se. En voi.&#187;<\/p>\n\n\n\n<p class=\"wp-block-paragraph\">Avasin paperin.<\/p>\n\n\n\n<p class=\"wp-block-paragraph\">Nainen Thomasin medaljongissa oli itse asiassa Susanin ja Noahin \u00e4iti.<\/p>\n\n\n\n<p class=\"wp-block-paragraph\">Mutta h\u00e4n ei ollut h\u00e4nen rakastajansa.<\/p>\n\n\n\n<p class=\"wp-block-paragraph\">H\u00e4n oli h\u00e4nen pikkusiskonsa.<\/p>\n\n\n\n<p class=\"wp-block-paragraph\">H\u00e4nen nimens\u00e4 oli Eliza.<\/p>\n\n\n\n<p class=\"wp-block-paragraph\">Thomas kirjoitti siit\u00e4, kuinka l\u00e4heisi\u00e4 he olivat olleet ennen kuin Eliza karkasi kotoa teini-ik\u00e4isen\u00e4.<\/p>\n\n\n\n<p class=\"wp-block-paragraph\">Monta vuotta my\u00f6hemmin h\u00e4n sai tiet\u00e4\u00e4, ett\u00e4 Eliza oli vakavasti sairas ja ett\u00e4 h\u00e4nell\u00e4 oli kaksi lasta sijaishuollossa.<\/p>\n\n\n\n<p class=\"wp-block-paragraph\">H\u00e4n meni etsim\u00e4\u00e4n h\u00e4nt\u00e4.<\/p>\n\n\n\n<p class=\"wp-block-paragraph\">Mutta h\u00e4n saapui liian my\u00f6h\u00e4\u00e4n.<\/p>\n\n\n\n<p class=\"wp-block-paragraph\">Eliza oli kuollut, ja h\u00e4nen lapsensa oli sijoitettu sijaishuoltoon.<\/p>\n\n\n\n<p class=\"wp-block-paragraph\">Thomas alkoi heti ty\u00f6skennell\u00e4 saadakseen Noahin ja Susanin asumaan luokseen.<\/p>\n\n\n\n<p class=\"wp-block-paragraph\">H\u00e4n ei koskaan kertonut heille koko tarinaa, koska h\u00e4n halusi heid\u00e4n tutustuvan \u00e4itiins\u00e4 omaan tahtiinsa.<\/p>\n\n\n\n<p class=\"wp-block-paragraph\">Mutta Susan l\u00f6ysi valokuvan ensin.<\/p>\n\n\n\n<p class=\"wp-block-paragraph\">H\u00e4n tulkitsi kaiken v\u00e4\u00e4rin.<\/p>\n\n\n\n<p class=\"wp-block-paragraph\">H\u00e4n p\u00e4\u00e4tti, ett\u00e4 Thomasilla oli ollut suhde Elizan kanssa ja ett\u00e4 h\u00e4n oli hyl\u00e4nnyt h\u00e4net.<\/p>\n\n\n\n<p class=\"wp-block-paragraph\">Kun Eliza otti h\u00e4net puheeksi, Thomas yritti selitt\u00e4\u00e4.<\/p>\n\n\n\n<p class=\"wp-block-paragraph\">Mutta Susan oli kahdeksantoista. H\u00e4n oli raivoissaan ja vakuuttunut siit\u00e4, ett\u00e4 oli paljastanut kauhean salaisuuden.<\/p>\n\n\n\n<p class=\"wp-block-paragraph\">H\u00e4n l\u00e4hti.<\/p>\n\n\n\n<p class=\"wp-block-paragraph\">Thomas soitteli jatkuvasti.<\/p>\n\n\n\n<p class=\"wp-block-paragraph\">H\u00e4n l\u00e4hetti kirjeit\u00e4.<\/p>\n\n\n\n<p class=\"wp-block-paragraph\">H\u00e4n ei koskaan lakannut toivomasta.<\/p>\n\n\n\n<p class=\"wp-block-paragraph\">Susan katsoi Noahia.<\/p>\n\n\n\n<p class=\"wp-block-paragraph\">&#171;H\u00e4n ei hyl\u00e4nnyt \u00e4iti\u00e4.&#187;<\/p>\n\n\n\n<p class=\"wp-block-paragraph\">&#171;Ei.&#187;<\/p>\n\n\n\n<p class=\"wp-block-paragraph\">\u2013 H\u00e4n oli h\u00e4nen veljens\u00e4.<\/p>\n\n\n\n<p class=\"wp-block-paragraph\">\u2013 Kyll\u00e4.<\/p>\n\n\n\n<p class=\"wp-block-paragraph\">\u2013 H\u00e4n oli set\u00e4mme.<\/p>\n\n\n\n<p class=\"wp-block-paragraph\">Noah ny\u00f6kk\u00e4si.<\/p>\n\n\n\n<p class=\"wp-block-paragraph\">\u2013 Ja h\u00e4n tuli meid\u00e4n takiamme.<\/p>\n\n\n\n<p class=\"wp-block-paragraph\">Se musersi h\u00e4net.<\/p>\n\n\n\n<p class=\"wp-block-paragraph\">Thomas ei ollut ottanut heit\u00e4 luokseen syyllisyyden tunteesta.<\/p>\n\n\n\n<p class=\"wp-block-paragraph\">H\u00e4n otti heid\u00e4t luokseen, koska he olivat perhett\u00e4.<\/p>\n\n\n\n<p class=\"wp-block-paragraph\">Koska he olivat Elizan lapsia.<\/p>\n\n\n\n<p class=\"wp-block-paragraph\">Koska kun Thomas rakasti jotakuta, h\u00e4n j\u00e4i.<\/p>\n\n\n\n<p class=\"wp-block-paragraph\">Takaisin kotiin<\/p>\n\n\n\n<p class=\"wp-block-paragraph\">\u2013 Tule kotiin kanssamme, sanoin Susanille.<\/p>\n\n\n\n<p class=\"wp-block-paragraph\">\u2013 En tied\u00e4, pystynk\u00f6.<\/p>\n\n\n\n<p class=\"wp-block-paragraph\">Noah pyyhki kyyneleens\u00e4.<\/p>\n\n\n\n<p class=\"wp-block-paragraph\">\u2013 Is\u00e4 olisi raivoissaan, jos saisimme selville perhesalaisuuden ja sitten menisimme omille teillemme asianajajan toimiston parkkipaikan vastakkaisille puolille.<\/p>\n\n\n\n<p class=\"wp-block-paragraph\">Michael nauroi kyynelten l\u00e4pi.<\/p>\n\n\n\n<p class=\"wp-block-paragraph\">Jopa Susan hymyili.<\/p>\n\n\n\n<p class=\"wp-block-paragraph\">\u2013 Vie minut kotiin, h\u00e4n kuiskasi.<\/p>\n\n\n\n<p class=\"wp-block-paragraph\">Sin\u00e4 iltana Thomasin viisi lasta k\u00e4veli saman oven l\u00e4pi yhdess\u00e4 ensimm\u00e4ist\u00e4 kertaa kahteen vuoteen.<\/p>\n\n\n\n<p class=\"wp-block-paragraph\">Susan pys\u00e4htyi kuistille.<\/p>\n\n\n\n<p class=\"wp-block-paragraph\">Valo oli viel\u00e4 p\u00e4\u00e4ll\u00e4.<\/p>\n\n\n\n<p class=\"wp-block-paragraph\">Thomas oli pit\u00e4nyt sit\u00e4 p\u00e4\u00e4ll\u00e4 joka y\u00f6 h\u00e4nen katoamisestaan \u200b\u200bl\u00e4htien.<\/p>\n\n\n\n<p class=\"wp-block-paragraph\">Viel\u00e4 viimeisen\u00e4 elinviikkonaan h\u00e4n muistutti minua:<\/p>\n\n\n\n<p class=\"wp-block-paragraph\">&#171;Kuistinvalo, kulta.&#187;<\/p>\n\n\n\n<p class=\"wp-block-paragraph\">&#171;\u00c4l\u00e4 unohda.&#187;<\/p>\n\n\n\n<p class=\"wp-block-paragraph\">&#171;En unohda.&#187;<\/p>\n\n\n\n<p class=\"wp-block-paragraph\">&#171;Varmuuden vuoksi.&#187;<\/p>\n\n\n\n<p class=\"wp-block-paragraph\">Nyt Susan tuijotti pient\u00e4 keltaista lamppua.<\/p>\n\n\n\n<p class=\"wp-block-paragraph\">H\u00e4nen kasvonsa v\u00e4\u00e4ntyiv\u00e4t tuskasta.<\/p>\n\n\n\n<p class=\"wp-block-paragraph\">Sis\u00e4ll\u00e4 talossa tuoksui edelleen Thomas: kahvi, setripuu, pyykinpesuaine ja piparminttu-kanelikarkit.<\/p>\n\n\n\n<p class=\"wp-block-paragraph\">Kokoonnuimme vanhojen valokuva-albumien ymp\u00e4rille.<\/p>\n\n\n\n<p class=\"wp-block-paragraph\">Siin\u00e4 me olimme, samanlaisissa joulupyjama-asuissa, nauramassa kuvalle, jota Thomas itsepintaisesti kutsui &#171;yksinoikeudella eurooppalaiseksi y\u00f6asuksi&#187;.<\/p>\n\n\n\n<p class=\"wp-block-paragraph\">Muistimme h\u00e4nt\u00e4 tuntikausia.<\/p>\n\n\n\n<p class=\"wp-block-paragraph\">Mies, joka poltti pannukakut.<\/p>\n\n\n\n<p class=\"wp-block-paragraph\">Mies, joka nukahti elokuvien aikana ja kielsi kuorsauksen.<\/p>\n\n\n\n<p class=\"wp-block-paragraph\">Mies, joka k\u00e4vi jokaisessa koulun esityksess\u00e4.<\/p>\n\n\n\n<p class=\"wp-block-paragraph\">Mies, joka piti varak\u00e4sineit\u00e4 autossaan.<\/p>\n\n\n\n<p class=\"wp-block-paragraph\">Mies, joka sai viisi lasta t\u00e4ysin erilaisista taustoista uskomaan, ett\u00e4 he olivat aina olleet yhdess\u00e4.<\/p>\n\n\n\n<p class=\"wp-block-paragraph\">Lopulta Susan kysyi hiljaa:<\/p>\n\n\n\n<p class=\"wp-block-paragraph\">&#171;Luuletko h\u00e4nen tiet\u00e4v\u00e4n, ett\u00e4 rakastin h\u00e4nt\u00e4 yh\u00e4?&#187;<\/p>\n\n\n\n<p class=\"wp-block-paragraph\">&#171;Kyll\u00e4.&#187;<\/p>\n\n\n\n<p class=\"wp-block-paragraph\">&#171;Mist\u00e4?&#187;<\/p>\n\n\n\n<p class=\"wp-block-paragraph\">&#171;Koska h\u00e4n tunsi sinut.&#187;<\/p>\n\n\n\n<p class=\"wp-block-paragraph\">&#171;Luuletko, ett\u00e4 h\u00e4n antaisi minulle anteeksi?&#187;<\/p>\n\n\n\n<p class=\"wp-block-paragraph\">Katsoin kuistin valoa.<\/p>\n\n\n\n<p class=\"wp-block-paragraph\">&#171;H\u00e4n antoi sinulle anteeksi jo ennen kuin k\u00e4velit ulos ovesta.&#187;<\/p>\n\n\n\n<p class=\"wp-block-paragraph\">Michael tuli sis\u00e4\u00e4n teekuppien kanssa.<\/p>\n\n\n\n<p class=\"wp-block-paragraph\">&#171;Totta kai h\u00e4n antaisi sinulle anteeksi. Thomas antaisi anteeksi autonsa varastamisen, jos he palauttaisivat sen vilpitt\u00f6m\u00e4n anteeksipyynn\u00f6n ja t\u00e4yden tankillisen kera.&#187;<\/p>\n\n\n\n<p class=\"wp-block-paragraph\">Susan nauroi.<\/p>\n\n\n\n<p class=\"wp-block-paragraph\">Se oli ensimm\u00e4inen oikea nauru, jonka kuulin h\u00e4nelt\u00e4 koko p\u00e4iv\u00e4n\u00e4. Viimeinen valo<\/p>\n\n\n\n<p class=\"wp-block-paragraph\">Kolme p\u00e4iv\u00e4\u00e4 my\u00f6hemmin palasimme Thomasin haudalle.<\/p>\n\n\n\n<p class=\"wp-block-paragraph\">T\u00e4ll\u00e4 kertaa ei satanut.<\/p>\n\n\n\n<p class=\"wp-block-paragraph\">Susan oli ensimm\u00e4inen, joka polvistui ja asetti k\u00e4tens\u00e4 nimens\u00e4 p\u00e4\u00e4lle.<\/p>\n\n\n\n<p class=\"wp-block-paragraph\">&#171;Olen pahoillani&#187;, h\u00e4n kuiskasi. &#171;Olen pahoillani, is\u00e4.&#187;<\/p>\n\n\n\n<p class=\"wp-block-paragraph\">Toin pienen paristok\u00e4ytt\u00f6isen taskulampun.<\/p>\n\n\n\n<p class=\"wp-block-paragraph\">Laitoin sen lampun viereen.Pyysin sit\u00e4 ja laitoin sen p\u00e4\u00e4lle.<\/p>\n\n\n\n<p class=\"wp-block-paragraph\">L\u00e4mmin, kultainen valo ilmestyi.<\/p>\n\n\n\n<p class=\"wp-block-paragraph\">Kuistin valo.<\/p>\n\n\n\n<p class=\"wp-block-paragraph\">Susan alkoi itke\u00e4 uudelleen.<\/p>\n\n\n\n<p class=\"wp-block-paragraph\">Yksi kerrallaan polvistuimme h\u00e4nen viereens\u00e4.<\/p>\n\n\n\n<p class=\"wp-block-paragraph\">Ja siell\u00e4, Thomasin haudalla, ymm\u00e4rsin vihdoin, mit\u00e4 h\u00e4n oli opettanut meille koko el\u00e4m\u00e4mme.<\/p>\n\n\n\n<p class=\"wp-block-paragraph\">Perhett\u00e4 ei luoda samoilla nimill\u00e4 syntym\u00e4todistuksissa.<\/p>\n\n\n\n<p class=\"wp-block-paragraph\">Sit\u00e4 ei takaa DNA.<\/p>\n\n\n\n<p class=\"wp-block-paragraph\">Veri voi kertoa, mist\u00e4 olet kotoisin.<\/p>\n\n\n\n<p class=\"wp-block-paragraph\">Mutta se ei voi aina kertoa, minne kuulut.<\/p>\n\n\n\n<p class=\"wp-block-paragraph\">Thomas kasvatti viisi lasta, jotka eiv\u00e4t olleet h\u00e4nen biologisia lapsiaan.<\/p>\n\n\n\n<p class=\"wp-block-paragraph\">Yksi oli h\u00e4nen tyt\u00e4rpuolensa.<\/p>\n\n\n\n<p class=\"wp-block-paragraph\">Kaksi tuli h\u00e4nelle adoption kautta.<\/p>\n\n\n\n<p class=\"wp-block-paragraph\">Kaksi oli h\u00e4nen edesmenneen sisarensa lapsia.<\/p>\n\n\n\n<p class=\"wp-block-paragraph\">Mutta h\u00e4n ei koskaan jakanut syd\u00e4nt\u00e4\u00e4n noiden nimikkeiden mukaan.<\/p>\n\n\n\n<p class=\"wp-block-paragraph\">H\u00e4n pakkasi viisi lounasta.<\/p>\n\n\n\n<p class=\"wp-block-paragraph\">H\u00e4n osallistui viiteen vanhempainiltoon.<\/p>\n\n\n\n<p class=\"wp-block-paragraph\">H\u00e4n juhli viitt\u00e4 valmistujaista.<\/p>\n\n\n\n<p class=\"wp-block-paragraph\">Susan piti viitt\u00e4 valokuvaa lompakossaan.<\/p>\n\n\n\n<p class=\"wp-block-paragraph\">Ja kun yksi h\u00e4nen pojistaan \u200b\u200bl\u00e4hti uskoen pahinta h\u00e4nest\u00e4, h\u00e4n ei sammuttanut valoa.<\/p>\n\n\n\n<p class=\"wp-block-paragraph\">H\u00e4n j\u00e4tti sen palamaan.<\/p>\n\n\n\n<p class=\"wp-block-paragraph\">Y\u00f6 y\u00f6n j\u00e4lkeen.<\/p>\n\n\n\n<p class=\"wp-block-paragraph\">Vuosi vuoden j\u00e4lkeen.<\/p>\n\n\n\n<p class=\"wp-block-paragraph\">Joskus h\u00e4n tulisi kotiin.<\/p>\n\n\n\n<p class=\"wp-block-paragraph\">Susan otti k\u00e4dest\u00e4ni kiinni.<\/p>\n\n\n\n<p class=\"wp-block-paragraph\">Noah otti omansa.<\/p>\n\n\n\n<p class=\"wp-block-paragraph\">Michael laittoi k\u00e4tens\u00e4 Maran olkap\u00e4\u00e4lle.<\/p>\n\n\n\n<p class=\"wp-block-paragraph\">Ensimm\u00e4ist\u00e4 kertaa kahteen vuoteen k\u00e4velimme kaikki yhdess\u00e4 autolle.<\/p>\n\n\n\n<p class=\"wp-block-paragraph\">Kukaan ei mennyt edell\u00e4.<\/p>\n\n\n\n<p class=\"wp-block-paragraph\">Kukaan ei j\u00e4\u00e4nyt j\u00e4lkeen.<\/p>\n\n\n\n<p class=\"wp-block-paragraph\">Meit\u00e4 oli taas viisi sisarusta.<\/p>\n\n\n\n<p class=\"wp-block-paragraph\">Juuri niin kuin Thomas oli meid\u00e4t kasvattanut.<\/p>\n\n\n\n<p class=\"wp-block-paragraph\">Ennen autoon nousua Susan katsoi uudelleen pient\u00e4 lyhty\u00e4 hautansa vieress\u00e4.<\/p>\n\n\n\n<p class=\"wp-block-paragraph\">Ja kuvittelin Thomasin sanovan sen, mit\u00e4 valo oli sanonut joka ilta h\u00e4nen l\u00e4ht\u00f6ns\u00e4 j\u00e4lkeen:<\/p>\n\n\n\n<p class=\"wp-block-paragraph\">Saatat olla vihainen.<\/p>\n\n\n\n<p class=\"wp-block-paragraph\">Saatat olla eksyksiss\u00e4.<\/p>\n\n\n\n<p class=\"wp-block-paragraph\">Saatat olla poissa pidemp\u00e4\u00e4n kuin odotit.<\/p>\n\n\n\n<p class=\"wp-block-paragraph\">Mutta tied\u00e4t silti tien kotiin.<\/p>\n\n\n\n<p class=\"wp-block-paragraph\">Koska rakkautta ei m\u00e4\u00e4rittele veri.<\/p>\n\n\n\n<p class=\"wp-block-paragraph\">Joskus rakkaus on yksinkertaisesti joku, joka valitsee sinut.<\/p>\n\n\n\n<p class=\"wp-block-paragraph\">Joku, joka j\u00e4\u00e4.<\/p>\n\n\n\n<p class=\"wp-block-paragraph\">Ja joku, joka pit\u00e4\u00e4 valon p\u00e4\u00e4ll\u00e4, kunnes l\u00f6yt\u00e4\u00e4 tiens\u00e4 takaisin.<\/p>\n\n\n\n<p class=\"wp-block-paragraph\"><\/p>\n","protected":false},"excerpt":{"rendered":"Is\u00e4puoleni kasvatti viisi lasta, jotka eiv\u00e4t olleet h\u00e4nen biologisia j\u00e4lkel\u00e4isi\u00e4\u00e4n. Hautajaisten j\u00e4lkeen asianajaja lukitsi oven, asetti viisi kirjett\u00e4 p\u00f6yd\u00e4lle ja sanoi: &#171;Is\u00e4nne halusi \n<a class=\"moretag\" href=\"https:\/\/filan.am\/?p=4077\"> [...]<\/a>","protected":false},"author":1,"featured_media":4078,"comment_status":"open","ping_status":"open","sticky":false,"template":"","format":"standard","meta":{"footnotes":""},"categories":[1],"tags":[],"class_list":["post-4077","post","type-post","status-publish","format-standard","has-post-thumbnail","hentry","category-news"],"yoast_head":"<!-- This site is optimized with the Yoast SEO plugin v28.4 - https:\/\/yoast.com\/product\/yoast-seo-wordpress\/ -->\n<title>H\u00e4n omisti el\u00e4m\u00e4ns\u00e4 viidelle lapselle, jotka eiv\u00e4t olleet h\u00e4nen omiaan, mutta hautajaisten j\u00e4lkeen kirje paljasti salaisuuden, jota h\u00e4n oli pit\u00e4nyt vuosia. -<\/title>\n<meta name=\"robots\" content=\"index, follow, max-snippet:-1, max-image-preview:large, max-video-preview:-1\" \/>\n<link rel=\"canonical\" href=\"https:\/\/filan.am\/?p=4077\" \/>\n<meta property=\"og:locale\" content=\"ru_RU\" \/>\n<meta property=\"og:type\" content=\"article\" \/>\n<meta property=\"og:title\" content=\"H\u00e4n omisti el\u00e4m\u00e4ns\u00e4 viidelle lapselle, jotka eiv\u00e4t olleet h\u00e4nen omiaan, mutta hautajaisten j\u00e4lkeen kirje paljasti salaisuuden, jota h\u00e4n oli pit\u00e4nyt vuosia. -\" \/>\n<meta property=\"og:description\" content=\"Is\u00e4puoleni kasvatti viisi lasta, jotka eiv\u00e4t olleet h\u00e4nen biologisia j\u00e4lkel\u00e4isi\u00e4\u00e4n. Hautajaisten j\u00e4lkeen asianajaja lukitsi oven, asetti viisi kirjett\u00e4 p\u00f6yd\u00e4lle ja sanoi: &#171;Is\u00e4nne halusi\" \/>\n<meta property=\"og:url\" content=\"https:\/\/filan.am\/?p=4077\" \/>\n<meta property=\"article:published_time\" content=\"2026-09-02T16:45:10+00:00\" \/>\n<meta property=\"article:modified_time\" content=\"2026-09-02T16:45:11+00:00\" \/>\n<meta property=\"og:image\" content=\"https:\/\/filan.am\/wp-content\/uploads\/2026\/09\/202002222222.png\" \/>\n\t<meta property=\"og:image:width\" content=\"514\" \/>\n\t<meta property=\"og:image:height\" content=\"639\" \/>\n\t<meta property=\"og:image:type\" content=\"image\/png\" \/>\n<meta name=\"author\" content=\"filanam\" \/>\n<meta name=\"twitter:card\" content=\"summary_large_image\" \/>\n<meta name=\"twitter:label1\" content=\"\u041d\u0430\u043f\u0438\u0441\u0430\u043d\u043e \u0430\u0432\u0442\u043e\u0440\u043e\u043c\" \/>\n\t<meta name=\"twitter:data1\" content=\"filanam\" \/>\n\t<meta name=\"twitter:label2\" content=\"\u041f\u0440\u0438\u043c\u0435\u0440\u043d\u043e\u0435 \u0432\u0440\u0435\u043c\u044f \u0434\u043b\u044f \u0447\u0442\u0435\u043d\u0438\u044f\" \/>\n\t<meta name=\"twitter:data2\" content=\"8 \u043c\u0438\u043d\u0443\u0442\" \/>\n<script type=\"application\/ld+json\" class=\"yoast-schema-graph\">{\"@context\":\"https:\\\/\\\/schema.org\",\"@graph\":[{\"@type\":\"Article\",\"@id\":\"https:\\\/\\\/filan.am\\\/?p=4077#article\",\"isPartOf\":{\"@id\":\"https:\\\/\\\/filan.am\\\/?p=4077\"},\"author\":{\"name\":\"filanam\",\"@id\":\"https:\\\/\\\/filan.am\\\/#\\\/schema\\\/person\\\/b51c4ec26a4fec8a4f9b3ae0356b8f23\"},\"headline\":\"H\u00e4n omisti el\u00e4m\u00e4ns\u00e4 viidelle lapselle, jotka eiv\u00e4t olleet h\u00e4nen omiaan, mutta hautajaisten j\u00e4lkeen kirje paljasti salaisuuden, jota h\u00e4n oli pit\u00e4nyt vuosia.\",\"datePublished\":\"2026-09-02T16:45:10+00:00\",\"dateModified\":\"2026-09-02T16:45:11+00:00\",\"mainEntityOfPage\":{\"@id\":\"https:\\\/\\\/filan.am\\\/?p=4077\"},\"wordCount\":1654,\"commentCount\":0,\"image\":{\"@id\":\"https:\\\/\\\/filan.am\\\/?p=4077#primaryimage\"},\"thumbnailUrl\":\"https:\\\/\\\/filan.am\\\/wp-content\\\/uploads\\\/2026\\\/09\\\/202002222222.png\",\"articleSection\":[\"NEWS\"],\"inLanguage\":\"ru-RU\",\"potentialAction\":[{\"@type\":\"CommentAction\",\"name\":\"Comment\",\"target\":[\"https:\\\/\\\/filan.am\\\/?p=4077#respond\"]}]},{\"@type\":\"WebPage\",\"@id\":\"https:\\\/\\\/filan.am\\\/?p=4077\",\"url\":\"https:\\\/\\\/filan.am\\\/?p=4077\",\"name\":\"H\u00e4n omisti el\u00e4m\u00e4ns\u00e4 viidelle lapselle, jotka eiv\u00e4t olleet h\u00e4nen omiaan, mutta hautajaisten j\u00e4lkeen kirje paljasti salaisuuden, jota h\u00e4n oli pit\u00e4nyt vuosia. -\",\"isPartOf\":{\"@id\":\"https:\\\/\\\/filan.am\\\/#website\"},\"primaryImageOfPage\":{\"@id\":\"https:\\\/\\\/filan.am\\\/?p=4077#primaryimage\"},\"image\":{\"@id\":\"https:\\\/\\\/filan.am\\\/?p=4077#primaryimage\"},\"thumbnailUrl\":\"https:\\\/\\\/filan.am\\\/wp-content\\\/uploads\\\/2026\\\/09\\\/202002222222.png\",\"datePublished\":\"2026-09-02T16:45:10+00:00\",\"dateModified\":\"2026-09-02T16:45:11+00:00\",\"author\":{\"@id\":\"https:\\\/\\\/filan.am\\\/#\\\/schema\\\/person\\\/b51c4ec26a4fec8a4f9b3ae0356b8f23\"},\"breadcrumb\":{\"@id\":\"https:\\\/\\\/filan.am\\\/?p=4077#breadcrumb\"},\"inLanguage\":\"ru-RU\",\"potentialAction\":[{\"@type\":\"ReadAction\",\"target\":[\"https:\\\/\\\/filan.am\\\/?p=4077\"]}]},{\"@type\":\"ImageObject\",\"inLanguage\":\"ru-RU\",\"@id\":\"https:\\\/\\\/filan.am\\\/?p=4077#primaryimage\",\"url\":\"https:\\\/\\\/filan.am\\\/wp-content\\\/uploads\\\/2026\\\/09\\\/202002222222.png\",\"contentUrl\":\"https:\\\/\\\/filan.am\\\/wp-content\\\/uploads\\\/2026\\\/09\\\/202002222222.png\",\"width\":514,\"height\":639},{\"@type\":\"BreadcrumbList\",\"@id\":\"https:\\\/\\\/filan.am\\\/?p=4077#breadcrumb\",\"itemListElement\":[{\"@type\":\"ListItem\",\"position\":1,\"name\":\"\u0413\u043b\u0430\u0432\u043d\u0430\u044f \u0441\u0442\u0440\u0430\u043d\u0438\u0446\u0430\",\"item\":\"https:\\\/\\\/filan.am\\\/\"},{\"@type\":\"ListItem\",\"position\":2,\"name\":\"H\u00e4n omisti el\u00e4m\u00e4ns\u00e4 viidelle lapselle, jotka eiv\u00e4t olleet h\u00e4nen omiaan, mutta hautajaisten j\u00e4lkeen kirje paljasti salaisuuden, jota h\u00e4n oli pit\u00e4nyt vuosia.\"}]},{\"@type\":\"WebSite\",\"@id\":\"https:\\\/\\\/filan.am\\\/#website\",\"url\":\"https:\\\/\\\/filan.am\\\/\",\"name\":\"\",\"description\":\"\",\"potentialAction\":[{\"@type\":\"SearchAction\",\"target\":{\"@type\":\"EntryPoint\",\"urlTemplate\":\"https:\\\/\\\/filan.am\\\/?s={search_term_string}\"},\"query-input\":{\"@type\":\"PropertyValueSpecification\",\"valueRequired\":true,\"valueName\":\"search_term_string\"}}],\"inLanguage\":\"ru-RU\"},{\"@type\":\"Person\",\"@id\":\"https:\\\/\\\/filan.am\\\/#\\\/schema\\\/person\\\/b51c4ec26a4fec8a4f9b3ae0356b8f23\",\"name\":\"filanam\",\"image\":{\"@type\":\"ImageObject\",\"inLanguage\":\"ru-RU\",\"@id\":\"https:\\\/\\\/secure.gravatar.com\\\/avatar\\\/a24f4ac3a683f3c87303db525abc00db51ea26ccedee11dfaf1cc0f9a481a5d2?s=96&d=mm&r=g\",\"url\":\"https:\\\/\\\/secure.gravatar.com\\\/avatar\\\/a24f4ac3a683f3c87303db525abc00db51ea26ccedee11dfaf1cc0f9a481a5d2?s=96&d=mm&r=g\",\"contentUrl\":\"https:\\\/\\\/secure.gravatar.com\\\/avatar\\\/a24f4ac3a683f3c87303db525abc00db51ea26ccedee11dfaf1cc0f9a481a5d2?s=96&d=mm&r=g\",\"caption\":\"filanam\"},\"sameAs\":[\"http:\\\/\\\/filan.am\"],\"url\":\"https:\\\/\\\/filan.am\\\/?author=1\"}]}<\/script>\n<!-- \/ Yoast SEO plugin. -->","yoast_head_json":{"title":"H\u00e4n omisti el\u00e4m\u00e4ns\u00e4 viidelle lapselle, jotka eiv\u00e4t olleet h\u00e4nen omiaan, mutta hautajaisten j\u00e4lkeen kirje paljasti salaisuuden, jota h\u00e4n oli pit\u00e4nyt vuosia. -","robots":{"index":"index","follow":"follow","max-snippet":"max-snippet:-1","max-image-preview":"max-image-preview:large","max-video-preview":"max-video-preview:-1"},"canonical":"https:\/\/filan.am\/?p=4077","og_locale":"ru_RU","og_type":"article","og_title":"H\u00e4n omisti el\u00e4m\u00e4ns\u00e4 viidelle lapselle, jotka eiv\u00e4t olleet h\u00e4nen omiaan, mutta hautajaisten j\u00e4lkeen kirje paljasti salaisuuden, jota h\u00e4n oli pit\u00e4nyt vuosia. -","og_description":"Is\u00e4puoleni kasvatti viisi lasta, jotka eiv\u00e4t olleet h\u00e4nen biologisia j\u00e4lkel\u00e4isi\u00e4\u00e4n. Hautajaisten j\u00e4lkeen asianajaja lukitsi oven, asetti viisi kirjett\u00e4 p\u00f6yd\u00e4lle ja sanoi: &#171;Is\u00e4nne halusi","og_url":"https:\/\/filan.am\/?p=4077","article_published_time":"2026-09-02T16:45:10+00:00","article_modified_time":"2026-09-02T16:45:11+00:00","og_image":[{"width":514,"height":639,"url":"https:\/\/filan.am\/wp-content\/uploads\/2026\/09\/202002222222.png","type":"image\/png"}],"author":"filanam","twitter_card":"summary_large_image","twitter_misc":{"\u041d\u0430\u043f\u0438\u0441\u0430\u043d\u043e \u0430\u0432\u0442\u043e\u0440\u043e\u043c":"filanam","\u041f\u0440\u0438\u043c\u0435\u0440\u043d\u043e\u0435 \u0432\u0440\u0435\u043c\u044f \u0434\u043b\u044f \u0447\u0442\u0435\u043d\u0438\u044f":"8 \u043c\u0438\u043d\u0443\u0442"},"schema":{"@context":"https:\/\/schema.org","@graph":[{"@type":"Article","@id":"https:\/\/filan.am\/?p=4077#article","isPartOf":{"@id":"https:\/\/filan.am\/?p=4077"},"author":{"name":"filanam","@id":"https:\/\/filan.am\/#\/schema\/person\/b51c4ec26a4fec8a4f9b3ae0356b8f23"},"headline":"H\u00e4n omisti el\u00e4m\u00e4ns\u00e4 viidelle lapselle, jotka eiv\u00e4t olleet h\u00e4nen omiaan, mutta hautajaisten j\u00e4lkeen kirje paljasti salaisuuden, jota h\u00e4n oli pit\u00e4nyt vuosia.","datePublished":"2026-09-02T16:45:10+00:00","dateModified":"2026-09-02T16:45:11+00:00","mainEntityOfPage":{"@id":"https:\/\/filan.am\/?p=4077"},"wordCount":1654,"commentCount":0,"image":{"@id":"https:\/\/filan.am\/?p=4077#primaryimage"},"thumbnailUrl":"https:\/\/filan.am\/wp-content\/uploads\/2026\/09\/202002222222.png","articleSection":["NEWS"],"inLanguage":"ru-RU","potentialAction":[{"@type":"CommentAction","name":"Comment","target":["https:\/\/filan.am\/?p=4077#respond"]}]},{"@type":"WebPage","@id":"https:\/\/filan.am\/?p=4077","url":"https:\/\/filan.am\/?p=4077","name":"H\u00e4n omisti el\u00e4m\u00e4ns\u00e4 viidelle lapselle, jotka eiv\u00e4t olleet h\u00e4nen omiaan, mutta hautajaisten j\u00e4lkeen kirje paljasti salaisuuden, jota h\u00e4n oli pit\u00e4nyt vuosia. -","isPartOf":{"@id":"https:\/\/filan.am\/#website"},"primaryImageOfPage":{"@id":"https:\/\/filan.am\/?p=4077#primaryimage"},"image":{"@id":"https:\/\/filan.am\/?p=4077#primaryimage"},"thumbnailUrl":"https:\/\/filan.am\/wp-content\/uploads\/2026\/09\/202002222222.png","datePublished":"2026-09-02T16:45:10+00:00","dateModified":"2026-09-02T16:45:11+00:00","author":{"@id":"https:\/\/filan.am\/#\/schema\/person\/b51c4ec26a4fec8a4f9b3ae0356b8f23"},"breadcrumb":{"@id":"https:\/\/filan.am\/?p=4077#breadcrumb"},"inLanguage":"ru-RU","potentialAction":[{"@type":"ReadAction","target":["https:\/\/filan.am\/?p=4077"]}]},{"@type":"ImageObject","inLanguage":"ru-RU","@id":"https:\/\/filan.am\/?p=4077#primaryimage","url":"https:\/\/filan.am\/wp-content\/uploads\/2026\/09\/202002222222.png","contentUrl":"https:\/\/filan.am\/wp-content\/uploads\/2026\/09\/202002222222.png","width":514,"height":639},{"@type":"BreadcrumbList","@id":"https:\/\/filan.am\/?p=4077#breadcrumb","itemListElement":[{"@type":"ListItem","position":1,"name":"\u0413\u043b\u0430\u0432\u043d\u0430\u044f \u0441\u0442\u0440\u0430\u043d\u0438\u0446\u0430","item":"https:\/\/filan.am\/"},{"@type":"ListItem","position":2,"name":"H\u00e4n omisti el\u00e4m\u00e4ns\u00e4 viidelle lapselle, jotka eiv\u00e4t olleet h\u00e4nen omiaan, mutta hautajaisten j\u00e4lkeen kirje paljasti salaisuuden, jota h\u00e4n oli pit\u00e4nyt vuosia."}]},{"@type":"WebSite","@id":"https:\/\/filan.am\/#website","url":"https:\/\/filan.am\/","name":"","description":"","potentialAction":[{"@type":"SearchAction","target":{"@type":"EntryPoint","urlTemplate":"https:\/\/filan.am\/?s={search_term_string}"},"query-input":{"@type":"PropertyValueSpecification","valueRequired":true,"valueName":"search_term_string"}}],"inLanguage":"ru-RU"},{"@type":"Person","@id":"https:\/\/filan.am\/#\/schema\/person\/b51c4ec26a4fec8a4f9b3ae0356b8f23","name":"filanam","image":{"@type":"ImageObject","inLanguage":"ru-RU","@id":"https:\/\/secure.gravatar.com\/avatar\/a24f4ac3a683f3c87303db525abc00db51ea26ccedee11dfaf1cc0f9a481a5d2?s=96&d=mm&r=g","url":"https:\/\/secure.gravatar.com\/avatar\/a24f4ac3a683f3c87303db525abc00db51ea26ccedee11dfaf1cc0f9a481a5d2?s=96&d=mm&r=g","contentUrl":"https:\/\/secure.gravatar.com\/avatar\/a24f4ac3a683f3c87303db525abc00db51ea26ccedee11dfaf1cc0f9a481a5d2?s=96&d=mm&r=g","caption":"filanam"},"sameAs":["http:\/\/filan.am"],"url":"https:\/\/filan.am\/?author=1"}]}},"_links":{"self":[{"href":"https:\/\/filan.am\/index.php?rest_route=\/wp\/v2\/posts\/4077","targetHints":{"allow":["GET"]}}],"collection":[{"href":"https:\/\/filan.am\/index.php?rest_route=\/wp\/v2\/posts"}],"about":[{"href":"https:\/\/filan.am\/index.php?rest_route=\/wp\/v2\/types\/post"}],"author":[{"embeddable":true,"href":"https:\/\/filan.am\/index.php?rest_route=\/wp\/v2\/users\/1"}],"replies":[{"embeddable":true,"href":"https:\/\/filan.am\/index.php?rest_route=%2Fwp%2Fv2%2Fcomments&post=4077"}],"version-history":[{"count":1,"href":"https:\/\/filan.am\/index.php?rest_route=\/wp\/v2\/posts\/4077\/revisions"}],"predecessor-version":[{"id":4079,"href":"https:\/\/filan.am\/index.php?rest_route=\/wp\/v2\/posts\/4077\/revisions\/4079"}],"wp:featuredmedia":[{"embeddable":true,"href":"https:\/\/filan.am\/index.php?rest_route=\/wp\/v2\/media\/4078"}],"wp:attachment":[{"href":"https:\/\/filan.am\/index.php?rest_route=%2Fwp%2Fv2%2Fmedia&parent=4077"}],"wp:term":[{"taxonomy":"category","embeddable":true,"href":"https:\/\/filan.am\/index.php?rest_route=%2Fwp%2Fv2%2Fcategories&post=4077"},{"taxonomy":"post_tag","embeddable":true,"href":"https:\/\/filan.am\/index.php?rest_route=%2Fwp%2Fv2%2Ftags&post=4077"}],"curies":[{"name":"wp","href":"https:\/\/api.w.org\/{rel}","templated":true}]}}