{"id":4074,"date":"2026-09-02T17:18:07","date_gmt":"2026-09-02T14:18:07","guid":{"rendered":"https:\/\/filan.am\/?p=4074"},"modified":"2026-09-02T17:18:08","modified_gmt":"2026-09-02T14:18:08","slug":"kun-mieheni-sai-tietaa-etta-odotin-14-lastamme-han-pakkasi-laukkunsa-ja-jatti-minut-toisen-naisen-takia-jattaen-minut-yksin-lastemme-kanssa-vuosia-myohemmin-han-palasi-polvilleen-ja-aneli-min","status":"publish","type":"post","link":"https:\/\/filan.am\/?p=4074","title":{"rendered":"&#171;Kun mieheni sai tiet\u00e4\u00e4, ett\u00e4 odotin 14. lastamme, h\u00e4n pakkasi laukkunsa ja j\u00e4tti minut toisen naisen takia, j\u00e4tt\u00e4en minut yksin lastemme kanssa&#8230; Vuosia my\u00f6hemmin h\u00e4n palasi polvilleen ja aneli minua viem\u00e4\u00e4n h\u00e4net takaisin \u2013 mutta h\u00e4nell\u00e4 ei ollut aavistustakaan, mit\u00e4 olin odottanut vuosia kertoakseni h\u00e4nelle.&#187;"},"content":{"rendered":"\n<p class=\"wp-block-paragraph\">\u201dKun mieheni sai tiet\u00e4\u00e4, ett\u00e4 odotan 14. lastamme, h\u00e4n pakkasi laukkunsa ja j\u00e4tti minut toisen naisen vuoksi, j\u00e4tt\u00e4en minut kasvattamaan lapsemme yksin\u2026 Vuosia my\u00f6hemmin h\u00e4n ry\u00f6mi takaisin ja aneli minua viem\u00e4\u00e4n h\u00e4net takaisin \u2013 mutta h\u00e4nell\u00e4 ei ollut aavistustakaan, mit\u00e4 olin odottanut vuosia kertoakseni h\u00e4nelle.\u201d<\/p>\n\n\n\n<p class=\"wp-block-paragraph\">Sin\u00e4 iltana, kun kerroin miehelleni Danielille, ett\u00e4 odotan 14. lastamme, odotin h\u00e4nen panikoivan.<\/p>\n\n\n\n<p class=\"wp-block-paragraph\">Ehk\u00e4 h\u00e4n valittaisi rahasta.<\/p>\n\n\n\n<figure class=\"wp-block-image size-full\"><img loading=\"lazy\" decoding=\"async\" width=\"726\" height=\"480\" src=\"https:\/\/filan.am\/wp-content\/uploads\/2026\/09\/00000000002222222222.jpg\" alt=\"\" class=\"wp-image-4075\" srcset=\"https:\/\/filan.am\/wp-content\/uploads\/2026\/09\/00000000002222222222.jpg 726w, https:\/\/filan.am\/wp-content\/uploads\/2026\/09\/00000000002222222222-300x198.jpg 300w\" sizes=\"auto, (max-width: 726px) 100vw, 726px\" \/><\/figure>\n\n\n\n<p class=\"wp-block-paragraph\">Ehk\u00e4 h\u00e4n kysyisi, miten p\u00e4rj\u00e4isimme.<\/p>\n\n\n\n<p class=\"wp-block-paragraph\">En koskaan kuvitellut, ett\u00e4 h\u00e4n k\u00e4velisi yl\u00e4kertaan, pakaisi laukun ja hylk\u00e4isi koko perheemme.<\/p>\n\n\n\n<p class=\"wp-block-paragraph\">Ennen aamunkoittoa Daniel oli poissa.<\/p>\n\n\n\n<p class=\"wp-block-paragraph\">Kaksi viikkoa my\u00f6hemmin sain tiet\u00e4\u00e4 totuuden.<\/p>\n\n\n\n<p class=\"wp-block-paragraph\">Oli toinen nainen.<\/p>\n\n\n\n<p class=\"wp-block-paragraph\">Yht\u00e4kki\u00e4 olin raskaana, kauhuissani ja vastuussa 13 lapsesta, jotka kysyiv\u00e4t jatkuvasti samaa syd\u00e4nt\u00e4s\u00e4rkev\u00e4\u00e4 kysymyst\u00e4:<\/p>\n\n\n\n<p class=\"wp-block-paragraph\">\u201dMilloin is\u00e4 tulee kotiin?\u201d<\/p>\n\n\n\n<p class=\"wp-block-paragraph\">Muutamat ensimm\u00e4iset kuukaudet olivat raakoja.<\/p>\n\n\n\n<p class=\"wp-block-paragraph\">Laskin kolikoita keitti\u00f6n p\u00f6yd\u00e4ll\u00e4 kaikkien nukahdettua. J\u00e4tin aterioita v\u00e4liin, jotta lapset p\u00e4\u00e4sisiv\u00e4t sy\u00f6m\u00e4\u00e4n. Otin vastaan \u200b\u200bmink\u00e4 tahansa l\u00f6yt\u00e4m\u00e4ni ty\u00f6n ja otin vastaan \u200b\u200bapua ihmisilt\u00e4, \u200b\u200bjoilta olisin aiemmin ollut liian ylpe\u00e4 pyyt\u00e4\u00e4kseni mit\u00e4\u00e4n.<\/p>\n\n\n\n<p class=\"wp-block-paragraph\">Sitten nelj\u00e4stoista lapsemme syntyi.<\/p>\n\n\n\n<p class=\"wp-block-paragraph\">Ja pian sen j\u00e4lkeen tapahtui jotain.<\/p>\n\n\n\n<p class=\"wp-block-paragraph\">Jotain, mit\u00e4 Daniel ei koskaan tiennyt.<\/p>\n\n\n\n<p class=\"wp-block-paragraph\">Jotain, joka muutti kaiken.<\/p>\n\n\n\n<p class=\"wp-block-paragraph\">Siit\u00e4 hetkest\u00e4 l\u00e4htien el\u00e4m\u00e4mme alkoivat kulkea suuntaan, jota h\u00e4n ei olisi koskaan voinut kuvitellakaan sin\u00e4 y\u00f6n\u00e4, kun h\u00e4n j\u00e4tti meid\u00e4t.<\/p>\n\n\n\n<p class=\"wp-block-paragraph\">Mutta en koskaan soittanut h\u00e4nelle.<\/p>\n\n\n\n<p class=\"wp-block-paragraph\">En koskaan kertonut h\u00e4nelle, mit\u00e4 oli tapahtunut.<\/p>\n\n\n\n<p class=\"wp-block-paragraph\">Ja vuosien kuluessa tuo salaisuus kasvoi suuremmaksi, monimutkaisemmaksi ja vaikeammaksi selitt\u00e4\u00e4.<\/p>\n\n\n\n<p class=\"wp-block-paragraph\">Lapset kasvoivat.<\/p>\n\n\n\n<p class=\"wp-block-paragraph\">Olosuhteemme muuttuivat.<\/p>\n\n\n\n<p class=\"wp-block-paragraph\">Ja raskaana olevasta, kauhistuneesta naisesta, jonka Daniel oli j\u00e4tt\u00e4nyt j\u00e4lkeens\u00e4, tuli joku, jonka h\u00e4n tuskin olisi tunnistanut.<\/p>\n\n\n\n<p class=\"wp-block-paragraph\">Sitten, vuosia my\u00f6hemmin, sateisena y\u00f6n\u00e4, joku koputti ovelleni.<\/p>\n\n\n\n<p class=\"wp-block-paragraph\">Kun avasin sen, Daniel oli siell\u00e4.<\/p>\n\n\n\n<p class=\"wp-block-paragraph\">H\u00e4n n\u00e4ytti vanhemmalta, uupuneelta ja murtuneelta.<\/p>\n\n\n\n<p class=\"wp-block-paragraph\">Sitten, ilman varoitusta, h\u00e4n polvistui.<\/p>\n\n\n\n<p class=\"wp-block-paragraph\">&#171;Tein el\u00e4m\u00e4ni pahimman virheen&#187;, h\u00e4n kuiskasi. \u201dOle hyv\u00e4\u2026 anna minun tulla kotiin.\u201d<\/p>\n\n\n\n<p class=\"wp-block-paragraph\">Katsoin h\u00e4nt\u00e4 pitk\u00e4\u00e4n ennen kuin lopulta sanoin:<\/p>\n\n\n\n<p class=\"wp-block-paragraph\">\u201dEnnen kuin vastaan \u200b\u200bsinulle, Daniel\u2026 sinun t\u00e4ytyy tiet\u00e4\u00e4 jotakin siit\u00e4, miten onnistuin kasvattamaan nelj\u00e4toista lastamme sen j\u00e4lkeen, kun hylk\u00e4sit meid\u00e4t.\u201d<\/p>\n\n\n\n<p class=\"wp-block-paragraph\">H\u00e4nen ilmeens\u00e4 muuttui v\u00e4litt\u00f6m\u00e4sti.<\/p>\n\n\n\n<p class=\"wp-block-paragraph\">\u201dMit\u00e4 tarkoitat?\u201d<\/p>\n\n\n\n<p class=\"wp-block-paragraph\">Astuin sivuun ja avasin ovea hitaasti hieman leve\u00e4mm\u00e4lle.<\/p>\n\n\n\n<p class=\"wp-block-paragraph\">\u201dTule sis\u00e4\u00e4n\u201d, kuiskasin. \u201dOn aika, ett\u00e4 tied\u00e4t vihdoin totuuden.\u201d<\/p>\n\n\n\n<p class=\"wp-block-paragraph\">Daniel ep\u00e4r\u00f6i ja otti sitten askeleen kynnyksen yli.<\/p>\n\n\n\n<p class=\"wp-block-paragraph\">H\u00e4nen katseensa vilkaisi ohitseni huoneeseen.<\/p>\n\n\n\n<p class=\"wp-block-paragraph\">Ja yht\u00e4kki\u00e4 kaikki v\u00e4ri katosi h\u00e4nen kasvoiltaan.<\/p>\n\n\n\n<p class=\"wp-block-paragraph\">H\u00e4n j\u00e4hmettyi.<\/p>\n\n\n\n<p class=\"wp-block-paragraph\">Koska mit\u00e4 ikin\u00e4 olinkaan toivonut l\u00f6yt\u00e4v\u00e4ni kaikkien noiden vuosien j\u00e4lkeen\u2026<\/p>\n\n\n\n<p class=\"wp-block-paragraph\">Se ei ollut t\u00e4m\u00e4.<\/p>\n\n\n\n<p class=\"wp-block-paragraph\">Sin\u00e4 iltana, kun kerroin miehelleni Danielille odottavani nelj\u00e4tt\u00e4toista lastamme, odotin pelkoa.<\/p>\n\n\n\n<p class=\"wp-block-paragraph\">Ehk\u00e4 vihaa.<\/p>\n\n\n\n<p class=\"wp-block-paragraph\">Ehk\u00e4 taas yht\u00e4 unetonta keskustelua laskuista, ruoasta, kouluvaatteista ja siit\u00e4, miten meid\u00e4n piti venytt\u00e4\u00e4 yhden palkan verran el\u00e4tt\u00e4\u00e4ksemme niin suuren perheen.<\/p>\n\n\n\n<p class=\"wp-block-paragraph\">En koskaan odottanut h\u00e4nen l\u00e4htev\u00e4n.<\/p>\n\n\n\n<p class=\"wp-block-paragraph\">H\u00e4n tuijotti k\u00e4dess\u00e4ni olevaa raskaustesti\u00e4 ikuisuudelta tuntuvan ajan. Sitten h\u00e4n nousi keitti\u00f6np\u00f6yd\u00e4lt\u00e4, meni yl\u00e4kertaan ja alkoi pakata matkalaukkua.<\/p>\n\n\n\n<p class=\"wp-block-paragraph\">&#171;Daniel, mit\u00e4 sin\u00e4 teet?&#187; kysyin.<\/p>\n\n\n\n<p class=\"wp-block-paragraph\">Aluksi h\u00e4n ei vastannut.<\/p>\n\n\n\n<p class=\"wp-block-paragraph\">Sitten h\u00e4n katsoi minua ja sanoi hiljaa:<\/p>\n\n\n\n<p class=\"wp-block-paragraph\">&#171;En jaksa t\u00e4t\u00e4 en\u00e4\u00e4.&#187;<\/p>\n\n\n\n<p class=\"wp-block-paragraph\">Aamunkoitteessa h\u00e4n oli poissa.<\/p>\n\n\n\n<p class=\"wp-block-paragraph\">Kaksi viikkoa my\u00f6hemmin sain tiet\u00e4\u00e4, ett\u00e4 oli toinen nainen.<\/p>\n\n\n\n<p class=\"wp-block-paragraph\">Se oli se osa, joka mursi minut.<\/p>\n\n\n\n<p class=\"wp-block-paragraph\">H\u00e4n ei ollut l\u00e4htenyt, koska h\u00e4n pelk\u00e4si.<\/p>\n\n\n\n<p class=\"wp-block-paragraph\">H\u00e4n suunnitteli jo pakoaan.<\/p>\n\n\n\n<p class=\"wp-block-paragraph\">Yht\u00e4kki\u00e4 olin raskaana ja kasvatin kolmeatoista lasta yksin.<\/p>\n\n\n\n<p class=\"wp-block-paragraph\">Ensimm\u00e4iset kuukaudet olivat kauhistuttavia.<\/p>\n\n\n\n<p class=\"wp-block-paragraph\">Kun kaikki olivat menneet nukkumaan, istuin keitti\u00f6np\u00f6yd\u00e4n \u00e4\u00e4ress\u00e4 laskimassa kolikoita ja yritt\u00e4m\u00e4ss\u00e4 p\u00e4\u00e4tt\u00e4\u00e4, mik\u00e4 lasku voisi odottaa viel\u00e4 viikon.<\/p>\n\n\n\n<p class=\"wp-block-paragraph\">J\u00e4tin aterioita v\u00e4liin.<\/p>\n\n\n\n<p class=\"wp-block-paragraph\">Myin korujani.<\/p>\n\n\n\n<p class=\"wp-block-paragraph\">Siivoin taloja p\u00e4ivisin ja ompelin vaatteita \u00f6isin.<\/p>\n\n\n\n<p class=\"wp-block-paragraph\">Vanhemmat lapset huomasivat enemm\u00e4n kuin olisin halunnut.<\/p>\n\n\n\n<p class=\"wp-block-paragraph\">Er\u00e4\u00e4n\u00e4 iltana vanhin tytt\u00e4reni Grace l\u00f6ysi minut itkem\u00e4st\u00e4 ruokakomerosta.<\/p>\n\n\n\n<p class=\"wp-block-paragraph\">&#171;\u00c4iti&#187;, h\u00e4n kuiskasi, &#171;me voimme auttaa sinua.&#187;<\/p>\n\n\n\n<p class=\"wp-block-paragraph\">&#171;Ei&#187;, sanoin h\u00e4nelle. &#171;Sinun teht\u00e4v\u00e4si on olla lapsi.&#187;<\/p>\n\n\n\n<p class=\"wp-block-paragraph\">Mutta vaikeuksissa olevien perheiden lapset kasvavat joskus nopeammin kuin heid\u00e4n pit\u00e4isi.<\/p>\n\n\n\n<p class=\"wp-block-paragraph\">Grace oli aina rakastanut leipomista.<\/p>\n\n\n\n<p class=\"wp-block-paragraph\">Muutamaa p\u00e4iv\u00e4\u00e4 my\u00f6hemmin h\u00e4n leipoi kuusi banaanileip\u00e4\u00e4 k\u00e4ytt\u00e4m\u00e4ll\u00e4 keitti\u00f6ss\u00e4 jo olevia aineksia.<\/p>\n\n\n\n<p class=\"wp-block-paragraph\">Toiseksi vanhin poikani, Michael, vei ne naapureille.<\/p>\n\n\n\n<p class=\"wp-block-paragraph\">Iltaan menness\u00e4 kaikki leiv\u00e4t olivat loppuunmyytyj\u00e4.<\/p>\n\n\n\n<p class=\"wp-block-paragraph\">He palasivat kotiin muutaman siististi kirjekuoreen taitellun setelin kanssa.<\/p>\n\n\n\n<p class=\"wp-block-paragraph\">Se ei ollut paljon.<\/p>\n\n\n\n<p class=\"wp-block-paragraph\">Mutta sin\u00e4 iltana se tuntui omaisuudelta.<\/p>\n\n\n\n<p class=\"wp-block-paragraph\">Seuraavana viikonloppuna leivoimme taas.<\/p>\n\n\n\n<p class=\"wp-block-paragraph\">Banaanileivist\u00e4 tuli torttuja.<\/p>\n\n\n\n<p class=\"wp-block-paragraph\">Tortuista tuli kakkuja.<\/p>\n\n\n\n<p class=\"wp-block-paragraph\">Sitten naapurit alkoivat tilata pataruokia, juhlaruokia, keksej\u00e4 ja syntym\u00e4p\u00e4iv\u00e4j\u00e4lkiruokia.<\/p>\n\n\n\n<p class=\"wp-block-paragraph\">Melkein pys\u00e4ytin h\u00e4net useita kertoja.<\/p>\n\n\n\n<p class=\"wp-block-paragraph\">Vihasin ajatusta, ett\u00e4 lapseni tekiv\u00e4t t\u00f6it\u00e4, koska heid\u00e4n is\u00e4ns\u00e4 oli hyl\u00e4nnyt heid\u00e4t.<\/p>\n\n\n\n<p class=\"wp-block-paragraph\">Mutta jotain odottamatonta tapahtui.<\/p>\n\n\n\n<p class=\"wp-block-paragraph\">He rakastivat yhdess\u00e4 tekemist\u00e4.<\/p>\n\n\n\n<p class=\"wp-block-paragraph\">Grace leipoi.<\/p>\n\n\n\n<p class=\"wp-block-paragraph\">Michael hoiti toimitukset.<\/p>\n\n\n\n<p class=\"wp-block-paragraph\">Anna otti tilaukset vastaan.<\/p>\n\n\n\n<p class=\"wp-block-paragraph\">Luke suunnitteli yksinkertaisia \u200b\u200blentolehtisi\u00e4.<\/p>\n\n\n\n<p class=\"wp-block-paragraph\">Nuorimmat lapset taittelivat laatikoita, sitoivat nauhoja ja v\u00e4itteliv\u00e4t siit\u00e4, kuka sai nuolla sekoituslusikan.<\/p>\n\n\n\n<p class=\"wp-block-paragraph\">Ensimm\u00e4ist\u00e4 kertaa Danielin l\u00e4hd\u00f6n j\u00e4lkeen keitti\u00f6mme t\u00e4yttyi naurusta pelon sijaan.<\/p>\n\n\n\n<p class=\"wp-block-paragraph\">Sitten nelj\u00e4stoista lapsemme, Noah, syntyi.<\/p>\n\n\n\n<p class=\"wp-block-paragraph\">Muistan pit\u00e4neeni h\u00e4nt\u00e4 syliss\u00e4ni, katsoneeni h\u00e4nen kolmeatoista sisarustaan \u200b\u200bahdettuna sairaalahuoneeseen ja tajunneeni jotakin.<\/p>\n\n\n\n<p class=\"wp-block-paragraph\">Daniel oli j\u00e4tt\u00e4nyt meid\u00e4t uskomaan, ett\u00e4 nelj\u00e4toista lasta olivat taakka.<\/p>\n\n\n\n<p class=\"wp-block-paragraph\">Mutta siin\u00e4 hetkess\u00e4 ymm\u00e4rsin, ett\u00e4 he olivat voimani.<\/p>\n\n\n\n<p class=\"wp-block-paragraph\">Pieni pitopalveluyrityksemme jatkoi kasvuaan.<\/p>\n\n\n\n<p class=\"wp-block-paragraph\">Joku julkaisi kuvan yhdest\u00e4 Gracen kakusta verkossa.<\/p>\n\n\n\n<p class=\"wp-block-paragraph\">Tilaukset kaksinkertaistuivat.<\/p>\n\n\n\n<p class=\"wp-block-paragraph\">Sitten ne kolminkertaistuivat.<\/p>\n\n\n\n<p class=\"wp-block-paragraph\">Paikallinen kahvila kysyi, voisimmeko toimittaa heille j\u00e4lkiruokia kahdesti viikossa.<\/p>\n\n\n\n<p class=\"wp-block-paragraph\">Aluksi sanoin ei, koska ajattelin, ettemme pystyisi k\u00e4sittelem\u00e4\u00e4n sit\u00e4.<\/p>\n\n\n\n<p class=\"wp-block-paragraph\">Lapseni ajattelivat toisin.<\/p>\n\n\n\n<p class=\"wp-block-paragraph\">&#171;Olemme kokeneet pahempaakin&#187;, Michael kertoi minulle.<\/p>\n\n\n\n<p class=\"wp-block-paragraph\">H\u00e4n oli oikeassa.<\/p>\n\n\n\n<p class=\"wp-block-paragraph\">Nimesimme yrityksen Fourteen Hearts Kitcheniksi.<\/p>\n\n\n\n<p class=\"wp-block-paragraph\">Aluksi se oli vain k\u00e4sin kirjoitettu nimi etiketteihin.<\/p>\n\n\n\n<p class=\"wp-block-paragraph\">Viisi vuotta my\u00f6hemmin se maalattiin ensimm\u00e4isen pienen leipomomme julkisivuun.<\/p>\n\n\n\n<p class=\"wp-block-paragraph\">Kymmenen vuotta my\u00f6hemmin meill\u00e4 oli kolme toimipistett\u00e4.<\/p>\n\n\n\n<p class=\"wp-block-paragraph\">Grace meni kokkikouluun ja palasi p\u00e4\u00e4kondiittoriksi.<\/p>\n\n\n\n<p class=\"wp-block-paragraph\">Michael opiskeli liiketaloutta ja otti toiminnan haltuunsa.<\/p>\n\n\n\n<p class=\"wp-block-paragraph\">Anna hoiti markkinointia.<\/p>\n\n\n\n<p class=\"wp-block-paragraph\">My\u00f6s muut liittyiv\u00e4t mukaan eri tavoin yrityksen kasvaessa.<\/p>\n\n\n\n<p class=\"wp-block-paragraph\">Jotkut lopulta valitsivat uran, joka ei liittynyt yritykseen lainkaan, mutta kaikki pysyiv\u00e4t yhteydess\u00e4 siihen.<\/p>\n\n\n\n<p class=\"wp-block-paragraph\">Ja joka vuosi leipomon avaamisen vuosip\u00e4iv\u00e4n\u00e4 otimme perhekuvan.<\/p>\n\n\n\n<p class=\"wp-block-paragraph\">Nelj\u00e4toista lasta.<\/p>\n\n\n\n<p class=\"wp-block-paragraph\">Yksi \u00e4iti.<\/p>\n\n\n\n<p class=\"wp-block-paragraph\">Ilman Danielia.<\/p>\n\n\n\n<p class=\"wp-block-paragraph\">En koskaan ottanut h\u00e4neen yhteytt\u00e4.<\/p>\n\n\n\n<p class=\"wp-block-paragraph\">Kuulin silloin t\u00e4ll\u00f6in asioita.<\/p>\n\n\n\n<p class=\"wp-block-paragraph\">Nainen, jonka vuoksi h\u00e4n oli j\u00e4tt\u00e4nyt minut, lopulta j\u00e4tti h\u00e4net.<\/p>\n\n\n\n<p class=\"wp-block-paragraph\">H\u00e4nen ty\u00f6paikkansa muuttuivat ep\u00e4vakaiksi.<\/p>\n\n\n\n<p class=\"wp-block-paragraph\">H\u00e4n muutti kaupungista toiseen.<\/p>\n\n\n\n<p class=\"wp-block-paragraph\">Ilmeisesti h\u00e4n joskus kysyi vanhoilta yst\u00e4vilt\u00e4 meist\u00e4, mutta ei koskaan soittanut.<\/p>\n\n\n\n<p class=\"wp-block-paragraph\">Vuodet kuluivat.<\/p>\n\n\n\n<p class=\"wp-block-paragraph\">Sitten, yhten\u00e4 sateisena y\u00f6n\u00e4, joku koputti ovelleni.<\/p>\n\n\n\n<p class=\"wp-block-paragraph\">Kun avasin oven, tuskin tunnistin h\u00e4nt\u00e4.<\/p>\n\n\n\n<p class=\"wp-block-paragraph\">Daniel n\u00e4ytti vanhemmalta kuin h\u00e4n todellisuudessa oli.<\/p>\n\n\n\n<p class=\"wp-block-paragraph\">H\u00e4nell\u00e4 oli harmaat hiukset ohimoillaan, h\u00e4nen takkinsa oli l\u00e4pim\u00e4rk\u00e4 ja itsevarmuus, jota h\u00e4n kerran oli osoittanut, oli kadonnut.<\/p>\n\n\n\n<p class=\"wp-block-paragraph\">Useiden sekuntien ajan kumpikaan meist\u00e4 ei puhunut.<\/p>\n\n\n\n<p class=\"wp-block-paragraph\">Sitten h\u00e4n polvistui.<\/p>\n\n\n\n<p class=\"wp-block-paragraph\">&#171;Tein el\u00e4m\u00e4ni pahimman virheen&#187;, h\u00e4n sanoi.<\/p>\n\n\n\n<p class=\"wp-block-paragraph\">Katsoin h\u00e4nt\u00e4.<\/p>\n\n\n\n<p class=\"wp-block-paragraph\">&#171;Ole hyv\u00e4&#187;, h\u00e4n jatkoi. \u201dOlen ajatellut sinua ja lapsia joka ikinen p\u00e4iv\u00e4. Olin itsek\u00e4s. Olin tyhm\u00e4. Heitin pois kaiken, mill\u00e4 oli todella merkityst\u00e4.\u201d<\/p>\n\n\n\n<p class=\"wp-block-paragraph\">Tunsin jonkin v\u00e4\u00e4ntyv\u00e4n sis\u00e4ll\u00e4ni.<\/p>\n\n\n\n<p class=\"wp-block-paragraph\">Se ei ollut rakkautta.<\/p>\n\n\n\n<p class=\"wp-block-paragraph\">Ei en\u00e4\u00e4.<\/p>\n\n\n\n<p class=\"wp-block-paragraph\">Vain kaiku haavasta, joka oli vihdoin parantunut.<\/p>\n\n\n\n<p class=\"wp-block-paragraph\">\u201dP\u00e4\u00e4st\u00e4 minut kotiin, ole hyv\u00e4,\u201d h\u00e4n kuiskasi.<\/p>\n\n\n\n<p class=\"wp-block-paragraph\">Melkein nauroin sille sanalle.<\/p>\n\n\n\n<p class=\"wp-block-paragraph\">Koti.<\/p>\n\n\n\n<p class=\"wp-block-paragraph\">Danielilla ei en\u00e4\u00e4 ollut aavistustakaan, mit\u00e4 tuo sana tarkoitti.<\/p>\n\n\n\n<p class=\"wp-block-paragraph\">Astuin sivuun.<\/p>\n\n\n\n<p class=\"wp-block-paragraph\">\u201dEnnen kuin vastaan \u200b\u200bsinulle,\u201d sanoin, \u201dsinun t\u00e4ytyy n\u00e4hd\u00e4 jotakin.\u201d<\/p>\n\n\n\n<p class=\"wp-block-paragraph\">H\u00e4n nousi hitaasti seisomaan ja meni sis\u00e4\u00e4n.<\/p>\n\n\n\n<p class=\"wp-block-paragraph\">Ensimm\u00e4inen asia, jonka h\u00e4n huomasi, oli sein\u00e4ll\u00e4 roikkuva valtava perhevalokuva.<\/p>\n\n\n\n<p class=\"wp-block-paragraph\">Nelj\u00e4toista aikuista tai l\u00e4hes aikuista lasta ymp\u00e4r\u00f6i minua.<\/p>\n\n\n\n<p class=\"wp-block-paragraph\">Takanamme oli ensimm\u00e4inen leipomo.<\/p>\n\n\n\n<p class=\"wp-block-paragraph\">Valokuvan alapuolella oli pienempi\u00e4 kehystettyj\u00e4 kuvia, jotka esitteliv\u00e4t yrityksen jokaista vaihetta.<\/p>\n\n\n\n<p class=\"wp-block-paragraph\">Ensimm\u00e4inen k\u00e4sin kirjoitettu ruokalistamme.<\/p>\n\n\n\n<p class=\"wp-block-paragraph\">Ensimm\u00e4inen toimipisteemme.<\/p>\n\n\n\n<p class=\"wp-block-paragraph\">Ensimm\u00e4inen sanomalehtiartikkelimme.<\/p>\n\n\n\n<p class=\"wp-block-paragraph\">Ensimm\u00e4inen laajennuksemme.<\/p>\n\n\n\n<p class=\"wp-block-paragraph\">Sitten Daniel n\u00e4ki suuren kehystetyn logon vastakkaisella sein\u00e4ll\u00e4.<\/p>\n\n\n\n<p class=\"wp-block-paragraph\">NELJ\u00c4TOISTA SYD\u00c4NT\u00c4 KEITTI\u00d6<\/p>\n\n\n\n<p class=\"wp-block-paragraph\">H\u00e4n tuijotti sit\u00e4.<\/p>\n\n\n\n<p class=\"wp-block-paragraph\">&#171;Mik\u00e4 t\u00e4m\u00e4 on?&#187;<\/p>\n\n\n\n<p class=\"wp-block-paragraph\">Ristimme k\u00e4sivarteni.<\/p>\n\n\n\n<p class=\"wp-block-paragraph\">&#171;N\u00e4in kasvatin lapsemme l\u00e4ht\u00f6si j\u00e4lkeen.&#187;<\/p>\n\n\n\n<p class=\"wp-block-paragraph\">H\u00e4n katsoi minua h\u00e4mmentyneen\u00e4.<\/p>\n\n\n\n<p class=\"wp-block-paragraph\">Joten kerroin h\u00e4nelle kaiken.<\/p>\n\n\n\n<p class=\"wp-block-paragraph\">Gracen kuusi banaanileip\u00e4\u00e4.<\/p>\n\n\n\n<p class=\"wp-block-paragraph\">Kuinka Michael toimitti ne ovelta ovelle.<\/p>\n\n\n\n<p class=\"wp-block-paragraph\">Lapset taittelivat laatikoita keitti\u00f6n p\u00f6yd\u00e4n ymp\u00e4rill\u00e4.<\/p>\n\n\n\n<p class=\"wp-block-paragraph\">Kahvilan tilaus.<\/p>\n\n\n\n<p class=\"wp-block-paragraph\">Leipomo.<\/p>\n\n\n\n<p class=\"wp-block-paragraph\">Toinen paikka.<\/p>\n\n\n\n<p class=\"wp-block-paragraph\">Kolmas.<\/p>\n\n\n\n<p class=\"wp-block-paragraph\">Kun puhuin, h\u00e4nen kasvonsa muuttuivat hitaasti.<\/p>\n\n\n\n<p class=\"wp-block-paragraph\">&#171;Rakensitko sin\u00e4 kaiken t\u00e4m\u00e4n?&#187;<\/p>\n\n\n\n<p class=\"wp-block-paragraph\">&#171;Me rakensimme sen.&#187;<\/p>\n\n\n\n<p class=\"wp-block-paragraph\">H\u00e4n vilkaisi k\u00e4yt\u00e4v\u00e4\u00e4 pitkin juuri kun useat \u00e4\u00e4net t\u00e4yttiv\u00e4t talon.<\/p>\n\n\n\n<p class=\"wp-block-paragraph\">Jotkut lapsistamme olivat saapuneet illalliselle.<\/p>\n\n\n\n<p class=\"wp-block-paragraph\">Daniel j\u00e4hmettyi.<\/p>\n\n\n\n<p class=\"wp-block-paragraph\">Grace tuli sis\u00e4\u00e4n ensin.<\/p>\n\n\n\n<p class=\"wp-block-paragraph\">H\u00e4n tunnisti h\u00e4net heti.<\/p>\n\n\n\n<p class=\"wp-block-paragraph\">H\u00e4nen takanaan tulivat Michael, Anna, Luke ja useita muita.<\/p>\n\n\n\n<p class=\"wp-block-paragraph\">Kukaan ei rynt\u00e4nnyt halaamaan h\u00e4nt\u00e4.<\/p>\n\n\n\n<p class=\"wp-block-paragraph\">Kukaan ei huutanut.<\/p>\n\n\n\n<p class=\"wp-block-paragraph\">He vain tuijottivat miest\u00e4, joka oli kadonnut heid\u00e4n el\u00e4m\u00e4st\u00e4\u00e4n.<\/p>\n\n\n\n<p class=\"wp-block-paragraph\">Sitten Noah k\u00e4veli sis\u00e4\u00e4n.<\/p>\n\n\n\n<p class=\"wp-block-paragraph\">Danielin katse kiinnittyi h\u00e4neen.<\/p>\n\n\n\n<p class=\"wp-block-paragraph\">H\u00e4n ei ollut koskaan tavannut nuorinta poikaansa.<\/p>\n\n\n\n<p class=\"wp-block-paragraph\">&#171;Se on\u2026&#187;<\/p>\n\n\n\n<p class=\"wp-block-paragraph\">&#171;Kyll\u00e4&#187;, sanoin. &#171;Se on Noah.&#187;<\/p>\n\n\n\n<p class=\"wp-block-paragraph\">Daniel peitti suunsa k\u00e4dell\u00e4\u00e4n.<\/p>\n\n\n\n<p class=\"wp-block-paragraph\">Kyyneleet t\u00e4yttiv\u00e4t h\u00e4nen silm\u00e4ns\u00e4.<\/p>\n\n\n\n<p class=\"wp-block-paragraph\">&#171;Olen pahoillani&#187;, h\u00e4n kuiskasi.<\/p>\n\n\n\n<p class=\"wp-block-paragraph\">Noah katsoi h\u00e4nt\u00e4 rauhallisesti.<\/p>\n\n\n\n<p class=\"wp-block-paragraph\">&#171;Tied\u00e4n kuka olet.&#187;<\/p>\n\n\n\n<p class=\"wp-block-paragraph\">Nuo sanat tuntuivat loukkaavan Danielia enemm\u00e4n kuin mik\u00e4\u00e4n raivonhuuto olisi koskaan voinut.<\/p>\n\n\n\n<p class=\"wp-block-paragraph\">H\u00e4n k\u00e4\u00e4ntyi puoleeni.<\/p>\n\n\n\n<p class=\"wp-block-paragraph\">&#171;Ole hyv\u00e4&#187;, h\u00e4n sanoi. &#171;Anna minulle mahdollisuus. Voin korjata t\u00e4m\u00e4n.&#187;<\/p>\n\n\n\n<p class=\"wp-block-paragraph\">Pudistin p\u00e4\u00e4t\u00e4ni.<\/p>\n\n\n\n<p class=\"wp-block-paragraph\">&#171;Ei, Daniel.&#187;<\/p>\n\n\n\n<p class=\"wp-block-paragraph\">H\u00e4nen kasvonsa synkkeniv\u00e4t.<\/p>\n\n\n\n<p class=\"wp-block-paragraph\">&#171;Mutta min\u00e4 olen h\u00e4nen is\u00e4ns\u00e4.&#187;<\/p>\n\n\n\n<p class=\"wp-block-paragraph\">&#171;Sin\u00e4 olit h\u00e4nen is\u00e4ns\u00e4, kun he odottivat ikkunan \u00e4\u00e4ress\u00e4 sinun paluutasi.&#187;<\/p>\n\n\n\n<p class=\"wp-block-paragraph\">H\u00e4n katsoi alas.<\/p>\n\n\n\n<p class=\"wp-block-paragraph\">\u201dOlit h\u00e4nen is\u00e4ns\u00e4, kun he kysyiv\u00e4t minulta, miksi he eiv\u00e4t olleet riitt\u00e4neet pit\u00e4m\u00e4\u00e4n sinua t\u00e4\u00e4ll\u00e4.\u201d<\/p>\n\n\n\n<p class=\"wp-block-paragraph\">H\u00e4n alkoi itke\u00e4.<\/p>\n\n\n\n<p class=\"wp-block-paragraph\">\u201dOlit h\u00e4nen is\u00e4ns\u00e4, kun minun piti valita s\u00e4hk\u00f6laskun maksamisen ja ruoan ostamisen v\u00e4lill\u00e4.\u201d<\/p>\n\n\n\n<p class=\"wp-block-paragraph\">\u201dOle hyv\u00e4\u2026\u201d<\/p>\n\n\n\n<p class=\"wp-block-paragraph\">\u201dJa olit Nooan is\u00e4, kun h\u00e4n syntyi.\u201d<\/p>\n\n\n\n<p class=\"wp-block-paragraph\">Huone hiljeni.<\/p>\n\n\n\n<p class=\"wp-block-paragraph\">Liivuin l\u00e4hemm\u00e4s.<\/p>\n\n\n\n<p class=\"wp-block-paragraph\">\u201dAnnoin sinulle anteeksi vuosia sitten, Daniel. Mutta anteeksianto ei tarkoita sit\u00e4, ett\u00e4 hyv\u00e4ksyt sinut uudelleen.\u201d<\/p>\n\n\n\n<p class=\"wp-block-paragraph\">H\u00e4n tuijotti minua.<\/p>\n\n\n\n<p class=\"wp-block-paragraph\">\u201dSiin\u00e4 kaikki?\u201d<\/p>\n\n\n\n<p class=\"wp-block-paragraph\">\u201dEi.\u201d<\/p>\n\n\n\n<p class=\"wp-block-paragraph\">H\u00e4n n\u00e4ytti h\u00e4mmentyneelt\u00e4.<\/p>\n\n\n\n<p class=\"wp-block-paragraph\">\u201dVoit pyyt\u00e4\u00e4 lapsiltasi anteeksi. Voit yritt\u00e4\u00e4 tutustua heihin, jos he haluavat. Voit k\u00e4ytt\u00e4\u00e4 loppuel\u00e4m\u00e4si tullaksesi paremmaksi mieheksi.\u201d<\/p>\n\n\n\n<p class=\"wp-block-paragraph\">Pys\u00e4hdyin.<\/p>\n\n\n\n<p class=\"wp-block-paragraph\">\u201dMutta\u2026\u201d\u201dTai et tule t\u00e4nne takaisin miehen\u00e4ni.\u201d<\/p>\n\n\n\n<p class=\"wp-block-paragraph\">Daniel katsoi ymp\u00e4rilleen huoneessa viimeisen kerran.<\/p>\n\n\n\n<p class=\"wp-block-paragraph\">Valokuvat.<\/p>\n\n\n\n<p class=\"wp-block-paragraph\">Yrityksemme.<\/p>\n\n\n\n<p class=\"wp-block-paragraph\">Lapset, jotka h\u00e4n oli hyl\u00e4nnyt.<\/p>\n\n\n\n<p class=\"wp-block-paragraph\">Sitten h\u00e4n ny\u00f6kk\u00e4si hitaasti.<\/p>\n\n\n\n<p class=\"wp-block-paragraph\">Avasin etuoven.<\/p>\n\n\n\n<p class=\"wp-block-paragraph\">Ulkona satoi edelleen.<\/p>\n\n\n\n<p class=\"wp-block-paragraph\">H\u00e4n astui ulos kuistille ja k\u00e4\u00e4ntyi sitten minuun p\u00e4in.<\/p>\n\n\n\n<p class=\"wp-block-paragraph\">\u201dMenetin todella kaiken, eik\u00f6 niin?\u201d<\/p>\n\n\n\n<p class=\"wp-block-paragraph\">Katsoin lapsiani, jotka seisoivat yhdess\u00e4 takanani.<\/p>\n\n\n\n<p class=\"wp-block-paragraph\">\u201dEi, Daniel\u201d, sanoin hiljaa. \u201dSin\u00e4 valitsit k\u00e4vell\u00e4 pois kaikesta siit\u00e4.\u201d<\/p>\n\n\n\n<p class=\"wp-block-paragraph\">Sitten suljin oven.<\/p>\n\n\n\n<p class=\"wp-block-paragraph\"><\/p>\n","protected":false},"excerpt":{"rendered":"\u201dKun mieheni sai tiet\u00e4\u00e4, ett\u00e4 odotan 14. lastamme, h\u00e4n pakkasi laukkunsa ja j\u00e4tti minut toisen naisen vuoksi, j\u00e4tt\u00e4en minut kasvattamaan lapsemme yksin\u2026 Vuosia \n<a class=\"moretag\" href=\"https:\/\/filan.am\/?p=4074\"> [...]<\/a>","protected":false},"author":1,"featured_media":4075,"comment_status":"open","ping_status":"open","sticky":false,"template":"","format":"standard","meta":{"footnotes":""},"categories":[1],"tags":[],"class_list":["post-4074","post","type-post","status-publish","format-standard","has-post-thumbnail","hentry","category-news"],"yoast_head":"<!-- This site is optimized with the Yoast SEO plugin v28.4 - https:\/\/yoast.com\/product\/yoast-seo-wordpress\/ -->\n<title>&quot;Kun mieheni sai tiet\u00e4\u00e4, ett\u00e4 odotin 14. lastamme, h\u00e4n pakkasi laukkunsa ja j\u00e4tti minut toisen naisen takia, j\u00e4tt\u00e4en minut yksin lastemme kanssa... Vuosia my\u00f6hemmin h\u00e4n palasi polvilleen ja aneli minua viem\u00e4\u00e4n h\u00e4net takaisin \u2013 mutta h\u00e4nell\u00e4 ei ollut aavistustakaan, mit\u00e4 olin odottanut vuosia kertoakseni h\u00e4nelle.&quot; -<\/title>\n<meta name=\"robots\" content=\"index, follow, max-snippet:-1, max-image-preview:large, max-video-preview:-1\" \/>\n<link rel=\"canonical\" href=\"https:\/\/filan.am\/?p=4074\" \/>\n<meta property=\"og:locale\" content=\"ru_RU\" \/>\n<meta property=\"og:type\" content=\"article\" \/>\n<meta property=\"og:title\" content=\"&quot;Kun mieheni sai tiet\u00e4\u00e4, ett\u00e4 odotin 14. lastamme, h\u00e4n pakkasi laukkunsa ja j\u00e4tti minut toisen naisen takia, j\u00e4tt\u00e4en minut yksin lastemme kanssa... Vuosia my\u00f6hemmin h\u00e4n palasi polvilleen ja aneli minua viem\u00e4\u00e4n h\u00e4net takaisin \u2013 mutta h\u00e4nell\u00e4 ei ollut aavistustakaan, mit\u00e4 olin odottanut vuosia kertoakseni h\u00e4nelle.&quot; -\" \/>\n<meta property=\"og:description\" content=\"\u201dKun mieheni sai tiet\u00e4\u00e4, ett\u00e4 odotan 14. lastamme, h\u00e4n pakkasi laukkunsa ja j\u00e4tti minut toisen naisen vuoksi, j\u00e4tt\u00e4en minut kasvattamaan lapsemme yksin\u2026 Vuosia\" \/>\n<meta property=\"og:url\" content=\"https:\/\/filan.am\/?p=4074\" \/>\n<meta property=\"article:published_time\" content=\"2026-09-02T14:18:07+00:00\" \/>\n<meta property=\"article:modified_time\" content=\"2026-09-02T14:18:08+00:00\" \/>\n<meta property=\"og:image\" content=\"https:\/\/filan.am\/wp-content\/uploads\/2026\/09\/00000000002222222222.jpg\" \/>\n\t<meta property=\"og:image:width\" content=\"726\" \/>\n\t<meta property=\"og:image:height\" content=\"480\" \/>\n\t<meta property=\"og:image:type\" content=\"image\/jpeg\" \/>\n<meta name=\"author\" content=\"filanam\" \/>\n<meta name=\"twitter:card\" content=\"summary_large_image\" \/>\n<meta name=\"twitter:label1\" content=\"\u041d\u0430\u043f\u0438\u0441\u0430\u043d\u043e \u0430\u0432\u0442\u043e\u0440\u043e\u043c\" \/>\n\t<meta name=\"twitter:data1\" content=\"filanam\" \/>\n\t<meta name=\"twitter:label2\" content=\"\u041f\u0440\u0438\u043c\u0435\u0440\u043d\u043e\u0435 \u0432\u0440\u0435\u043c\u044f \u0434\u043b\u044f \u0447\u0442\u0435\u043d\u0438\u044f\" \/>\n\t<meta name=\"twitter:data2\" content=\"9 \u043c\u0438\u043d\u0443\u0442\" \/>\n<script type=\"application\/ld+json\" class=\"yoast-schema-graph\">{\"@context\":\"https:\\\/\\\/schema.org\",\"@graph\":[{\"@type\":\"Article\",\"@id\":\"https:\\\/\\\/filan.am\\\/?p=4074#article\",\"isPartOf\":{\"@id\":\"https:\\\/\\\/filan.am\\\/?p=4074\"},\"author\":{\"name\":\"filanam\",\"@id\":\"https:\\\/\\\/filan.am\\\/#\\\/schema\\\/person\\\/b51c4ec26a4fec8a4f9b3ae0356b8f23\"},\"headline\":\"&#171;Kun mieheni sai tiet\u00e4\u00e4, ett\u00e4 odotin 14. lastamme, h\u00e4n pakkasi laukkunsa ja j\u00e4tti minut toisen naisen takia, j\u00e4tt\u00e4en minut yksin lastemme kanssa&#8230; Vuosia my\u00f6hemmin h\u00e4n palasi polvilleen ja aneli minua viem\u00e4\u00e4n h\u00e4net takaisin \u2013 mutta h\u00e4nell\u00e4 ei ollut aavistustakaan, mit\u00e4 olin odottanut vuosia kertoakseni h\u00e4nelle.&#187;\",\"datePublished\":\"2026-09-02T14:18:07+00:00\",\"dateModified\":\"2026-09-02T14:18:08+00:00\",\"mainEntityOfPage\":{\"@id\":\"https:\\\/\\\/filan.am\\\/?p=4074\"},\"wordCount\":1819,\"commentCount\":0,\"image\":{\"@id\":\"https:\\\/\\\/filan.am\\\/?p=4074#primaryimage\"},\"thumbnailUrl\":\"https:\\\/\\\/filan.am\\\/wp-content\\\/uploads\\\/2026\\\/09\\\/00000000002222222222.jpg\",\"articleSection\":[\"NEWS\"],\"inLanguage\":\"ru-RU\",\"potentialAction\":[{\"@type\":\"CommentAction\",\"name\":\"Comment\",\"target\":[\"https:\\\/\\\/filan.am\\\/?p=4074#respond\"]}]},{\"@type\":\"WebPage\",\"@id\":\"https:\\\/\\\/filan.am\\\/?p=4074\",\"url\":\"https:\\\/\\\/filan.am\\\/?p=4074\",\"name\":\"\\\"Kun mieheni sai tiet\u00e4\u00e4, ett\u00e4 odotin 14. lastamme, h\u00e4n pakkasi laukkunsa ja j\u00e4tti minut toisen naisen takia, j\u00e4tt\u00e4en minut yksin lastemme kanssa... Vuosia my\u00f6hemmin h\u00e4n palasi polvilleen ja aneli minua viem\u00e4\u00e4n h\u00e4net takaisin \u2013 mutta h\u00e4nell\u00e4 ei ollut aavistustakaan, mit\u00e4 olin odottanut vuosia kertoakseni h\u00e4nelle.\\\" -\",\"isPartOf\":{\"@id\":\"https:\\\/\\\/filan.am\\\/#website\"},\"primaryImageOfPage\":{\"@id\":\"https:\\\/\\\/filan.am\\\/?p=4074#primaryimage\"},\"image\":{\"@id\":\"https:\\\/\\\/filan.am\\\/?p=4074#primaryimage\"},\"thumbnailUrl\":\"https:\\\/\\\/filan.am\\\/wp-content\\\/uploads\\\/2026\\\/09\\\/00000000002222222222.jpg\",\"datePublished\":\"2026-09-02T14:18:07+00:00\",\"dateModified\":\"2026-09-02T14:18:08+00:00\",\"author\":{\"@id\":\"https:\\\/\\\/filan.am\\\/#\\\/schema\\\/person\\\/b51c4ec26a4fec8a4f9b3ae0356b8f23\"},\"breadcrumb\":{\"@id\":\"https:\\\/\\\/filan.am\\\/?p=4074#breadcrumb\"},\"inLanguage\":\"ru-RU\",\"potentialAction\":[{\"@type\":\"ReadAction\",\"target\":[\"https:\\\/\\\/filan.am\\\/?p=4074\"]}]},{\"@type\":\"ImageObject\",\"inLanguage\":\"ru-RU\",\"@id\":\"https:\\\/\\\/filan.am\\\/?p=4074#primaryimage\",\"url\":\"https:\\\/\\\/filan.am\\\/wp-content\\\/uploads\\\/2026\\\/09\\\/00000000002222222222.jpg\",\"contentUrl\":\"https:\\\/\\\/filan.am\\\/wp-content\\\/uploads\\\/2026\\\/09\\\/00000000002222222222.jpg\",\"width\":726,\"height\":480},{\"@type\":\"BreadcrumbList\",\"@id\":\"https:\\\/\\\/filan.am\\\/?p=4074#breadcrumb\",\"itemListElement\":[{\"@type\":\"ListItem\",\"position\":1,\"name\":\"\u0413\u043b\u0430\u0432\u043d\u0430\u044f \u0441\u0442\u0440\u0430\u043d\u0438\u0446\u0430\",\"item\":\"https:\\\/\\\/filan.am\\\/\"},{\"@type\":\"ListItem\",\"position\":2,\"name\":\"&#171;Kun mieheni sai tiet\u00e4\u00e4, ett\u00e4 odotin 14. lastamme, h\u00e4n pakkasi laukkunsa ja j\u00e4tti minut toisen naisen takia, j\u00e4tt\u00e4en minut yksin lastemme kanssa&#8230; Vuosia my\u00f6hemmin h\u00e4n palasi polvilleen ja aneli minua viem\u00e4\u00e4n h\u00e4net takaisin \u2013 mutta h\u00e4nell\u00e4 ei ollut aavistustakaan, mit\u00e4 olin odottanut vuosia kertoakseni h\u00e4nelle.&#187;\"}]},{\"@type\":\"WebSite\",\"@id\":\"https:\\\/\\\/filan.am\\\/#website\",\"url\":\"https:\\\/\\\/filan.am\\\/\",\"name\":\"\",\"description\":\"\",\"potentialAction\":[{\"@type\":\"SearchAction\",\"target\":{\"@type\":\"EntryPoint\",\"urlTemplate\":\"https:\\\/\\\/filan.am\\\/?s={search_term_string}\"},\"query-input\":{\"@type\":\"PropertyValueSpecification\",\"valueRequired\":true,\"valueName\":\"search_term_string\"}}],\"inLanguage\":\"ru-RU\"},{\"@type\":\"Person\",\"@id\":\"https:\\\/\\\/filan.am\\\/#\\\/schema\\\/person\\\/b51c4ec26a4fec8a4f9b3ae0356b8f23\",\"name\":\"filanam\",\"image\":{\"@type\":\"ImageObject\",\"inLanguage\":\"ru-RU\",\"@id\":\"https:\\\/\\\/secure.gravatar.com\\\/avatar\\\/a24f4ac3a683f3c87303db525abc00db51ea26ccedee11dfaf1cc0f9a481a5d2?s=96&d=mm&r=g\",\"url\":\"https:\\\/\\\/secure.gravatar.com\\\/avatar\\\/a24f4ac3a683f3c87303db525abc00db51ea26ccedee11dfaf1cc0f9a481a5d2?s=96&d=mm&r=g\",\"contentUrl\":\"https:\\\/\\\/secure.gravatar.com\\\/avatar\\\/a24f4ac3a683f3c87303db525abc00db51ea26ccedee11dfaf1cc0f9a481a5d2?s=96&d=mm&r=g\",\"caption\":\"filanam\"},\"sameAs\":[\"http:\\\/\\\/filan.am\"],\"url\":\"https:\\\/\\\/filan.am\\\/?author=1\"}]}<\/script>\n<!-- \/ Yoast SEO plugin. -->","yoast_head_json":{"title":"\"Kun mieheni sai tiet\u00e4\u00e4, ett\u00e4 odotin 14. lastamme, h\u00e4n pakkasi laukkunsa ja j\u00e4tti minut toisen naisen takia, j\u00e4tt\u00e4en minut yksin lastemme kanssa... Vuosia my\u00f6hemmin h\u00e4n palasi polvilleen ja aneli minua viem\u00e4\u00e4n h\u00e4net takaisin \u2013 mutta h\u00e4nell\u00e4 ei ollut aavistustakaan, mit\u00e4 olin odottanut vuosia kertoakseni h\u00e4nelle.\" -","robots":{"index":"index","follow":"follow","max-snippet":"max-snippet:-1","max-image-preview":"max-image-preview:large","max-video-preview":"max-video-preview:-1"},"canonical":"https:\/\/filan.am\/?p=4074","og_locale":"ru_RU","og_type":"article","og_title":"\"Kun mieheni sai tiet\u00e4\u00e4, ett\u00e4 odotin 14. lastamme, h\u00e4n pakkasi laukkunsa ja j\u00e4tti minut toisen naisen takia, j\u00e4tt\u00e4en minut yksin lastemme kanssa... Vuosia my\u00f6hemmin h\u00e4n palasi polvilleen ja aneli minua viem\u00e4\u00e4n h\u00e4net takaisin \u2013 mutta h\u00e4nell\u00e4 ei ollut aavistustakaan, mit\u00e4 olin odottanut vuosia kertoakseni h\u00e4nelle.\" -","og_description":"\u201dKun mieheni sai tiet\u00e4\u00e4, ett\u00e4 odotan 14. lastamme, h\u00e4n pakkasi laukkunsa ja j\u00e4tti minut toisen naisen vuoksi, j\u00e4tt\u00e4en minut kasvattamaan lapsemme yksin\u2026 Vuosia","og_url":"https:\/\/filan.am\/?p=4074","article_published_time":"2026-09-02T14:18:07+00:00","article_modified_time":"2026-09-02T14:18:08+00:00","og_image":[{"width":726,"height":480,"url":"https:\/\/filan.am\/wp-content\/uploads\/2026\/09\/00000000002222222222.jpg","type":"image\/jpeg"}],"author":"filanam","twitter_card":"summary_large_image","twitter_misc":{"\u041d\u0430\u043f\u0438\u0441\u0430\u043d\u043e \u0430\u0432\u0442\u043e\u0440\u043e\u043c":"filanam","\u041f\u0440\u0438\u043c\u0435\u0440\u043d\u043e\u0435 \u0432\u0440\u0435\u043c\u044f \u0434\u043b\u044f \u0447\u0442\u0435\u043d\u0438\u044f":"9 \u043c\u0438\u043d\u0443\u0442"},"schema":{"@context":"https:\/\/schema.org","@graph":[{"@type":"Article","@id":"https:\/\/filan.am\/?p=4074#article","isPartOf":{"@id":"https:\/\/filan.am\/?p=4074"},"author":{"name":"filanam","@id":"https:\/\/filan.am\/#\/schema\/person\/b51c4ec26a4fec8a4f9b3ae0356b8f23"},"headline":"&#171;Kun mieheni sai tiet\u00e4\u00e4, ett\u00e4 odotin 14. lastamme, h\u00e4n pakkasi laukkunsa ja j\u00e4tti minut toisen naisen takia, j\u00e4tt\u00e4en minut yksin lastemme kanssa&#8230; Vuosia my\u00f6hemmin h\u00e4n palasi polvilleen ja aneli minua viem\u00e4\u00e4n h\u00e4net takaisin \u2013 mutta h\u00e4nell\u00e4 ei ollut aavistustakaan, mit\u00e4 olin odottanut vuosia kertoakseni h\u00e4nelle.&#187;","datePublished":"2026-09-02T14:18:07+00:00","dateModified":"2026-09-02T14:18:08+00:00","mainEntityOfPage":{"@id":"https:\/\/filan.am\/?p=4074"},"wordCount":1819,"commentCount":0,"image":{"@id":"https:\/\/filan.am\/?p=4074#primaryimage"},"thumbnailUrl":"https:\/\/filan.am\/wp-content\/uploads\/2026\/09\/00000000002222222222.jpg","articleSection":["NEWS"],"inLanguage":"ru-RU","potentialAction":[{"@type":"CommentAction","name":"Comment","target":["https:\/\/filan.am\/?p=4074#respond"]}]},{"@type":"WebPage","@id":"https:\/\/filan.am\/?p=4074","url":"https:\/\/filan.am\/?p=4074","name":"\"Kun mieheni sai tiet\u00e4\u00e4, ett\u00e4 odotin 14. lastamme, h\u00e4n pakkasi laukkunsa ja j\u00e4tti minut toisen naisen takia, j\u00e4tt\u00e4en minut yksin lastemme kanssa... Vuosia my\u00f6hemmin h\u00e4n palasi polvilleen ja aneli minua viem\u00e4\u00e4n h\u00e4net takaisin \u2013 mutta h\u00e4nell\u00e4 ei ollut aavistustakaan, mit\u00e4 olin odottanut vuosia kertoakseni h\u00e4nelle.\" -","isPartOf":{"@id":"https:\/\/filan.am\/#website"},"primaryImageOfPage":{"@id":"https:\/\/filan.am\/?p=4074#primaryimage"},"image":{"@id":"https:\/\/filan.am\/?p=4074#primaryimage"},"thumbnailUrl":"https:\/\/filan.am\/wp-content\/uploads\/2026\/09\/00000000002222222222.jpg","datePublished":"2026-09-02T14:18:07+00:00","dateModified":"2026-09-02T14:18:08+00:00","author":{"@id":"https:\/\/filan.am\/#\/schema\/person\/b51c4ec26a4fec8a4f9b3ae0356b8f23"},"breadcrumb":{"@id":"https:\/\/filan.am\/?p=4074#breadcrumb"},"inLanguage":"ru-RU","potentialAction":[{"@type":"ReadAction","target":["https:\/\/filan.am\/?p=4074"]}]},{"@type":"ImageObject","inLanguage":"ru-RU","@id":"https:\/\/filan.am\/?p=4074#primaryimage","url":"https:\/\/filan.am\/wp-content\/uploads\/2026\/09\/00000000002222222222.jpg","contentUrl":"https:\/\/filan.am\/wp-content\/uploads\/2026\/09\/00000000002222222222.jpg","width":726,"height":480},{"@type":"BreadcrumbList","@id":"https:\/\/filan.am\/?p=4074#breadcrumb","itemListElement":[{"@type":"ListItem","position":1,"name":"\u0413\u043b\u0430\u0432\u043d\u0430\u044f \u0441\u0442\u0440\u0430\u043d\u0438\u0446\u0430","item":"https:\/\/filan.am\/"},{"@type":"ListItem","position":2,"name":"&#171;Kun mieheni sai tiet\u00e4\u00e4, ett\u00e4 odotin 14. lastamme, h\u00e4n pakkasi laukkunsa ja j\u00e4tti minut toisen naisen takia, j\u00e4tt\u00e4en minut yksin lastemme kanssa&#8230; Vuosia my\u00f6hemmin h\u00e4n palasi polvilleen ja aneli minua viem\u00e4\u00e4n h\u00e4net takaisin \u2013 mutta h\u00e4nell\u00e4 ei ollut aavistustakaan, mit\u00e4 olin odottanut vuosia kertoakseni h\u00e4nelle.&#187;"}]},{"@type":"WebSite","@id":"https:\/\/filan.am\/#website","url":"https:\/\/filan.am\/","name":"","description":"","potentialAction":[{"@type":"SearchAction","target":{"@type":"EntryPoint","urlTemplate":"https:\/\/filan.am\/?s={search_term_string}"},"query-input":{"@type":"PropertyValueSpecification","valueRequired":true,"valueName":"search_term_string"}}],"inLanguage":"ru-RU"},{"@type":"Person","@id":"https:\/\/filan.am\/#\/schema\/person\/b51c4ec26a4fec8a4f9b3ae0356b8f23","name":"filanam","image":{"@type":"ImageObject","inLanguage":"ru-RU","@id":"https:\/\/secure.gravatar.com\/avatar\/a24f4ac3a683f3c87303db525abc00db51ea26ccedee11dfaf1cc0f9a481a5d2?s=96&d=mm&r=g","url":"https:\/\/secure.gravatar.com\/avatar\/a24f4ac3a683f3c87303db525abc00db51ea26ccedee11dfaf1cc0f9a481a5d2?s=96&d=mm&r=g","contentUrl":"https:\/\/secure.gravatar.com\/avatar\/a24f4ac3a683f3c87303db525abc00db51ea26ccedee11dfaf1cc0f9a481a5d2?s=96&d=mm&r=g","caption":"filanam"},"sameAs":["http:\/\/filan.am"],"url":"https:\/\/filan.am\/?author=1"}]}},"_links":{"self":[{"href":"https:\/\/filan.am\/index.php?rest_route=\/wp\/v2\/posts\/4074","targetHints":{"allow":["GET"]}}],"collection":[{"href":"https:\/\/filan.am\/index.php?rest_route=\/wp\/v2\/posts"}],"about":[{"href":"https:\/\/filan.am\/index.php?rest_route=\/wp\/v2\/types\/post"}],"author":[{"embeddable":true,"href":"https:\/\/filan.am\/index.php?rest_route=\/wp\/v2\/users\/1"}],"replies":[{"embeddable":true,"href":"https:\/\/filan.am\/index.php?rest_route=%2Fwp%2Fv2%2Fcomments&post=4074"}],"version-history":[{"count":1,"href":"https:\/\/filan.am\/index.php?rest_route=\/wp\/v2\/posts\/4074\/revisions"}],"predecessor-version":[{"id":4076,"href":"https:\/\/filan.am\/index.php?rest_route=\/wp\/v2\/posts\/4074\/revisions\/4076"}],"wp:featuredmedia":[{"embeddable":true,"href":"https:\/\/filan.am\/index.php?rest_route=\/wp\/v2\/media\/4075"}],"wp:attachment":[{"href":"https:\/\/filan.am\/index.php?rest_route=%2Fwp%2Fv2%2Fmedia&parent=4074"}],"wp:term":[{"taxonomy":"category","embeddable":true,"href":"https:\/\/filan.am\/index.php?rest_route=%2Fwp%2Fv2%2Fcategories&post=4074"},{"taxonomy":"post_tag","embeddable":true,"href":"https:\/\/filan.am\/index.php?rest_route=%2Fwp%2Fv2%2Ftags&post=4074"}],"curies":[{"name":"wp","href":"https:\/\/api.w.org\/{rel}","templated":true}]}}