{"id":4065,"date":"2026-09-01T21:26:36","date_gmt":"2026-09-01T18:26:36","guid":{"rendered":"https:\/\/filan.am\/?p=4065"},"modified":"2026-09-01T21:26:38","modified_gmt":"2026-09-01T18:26:38","slug":"adoptoimme-tyton-pyoratuolissa-mutta-hanen-ensimmaiset-sanansa-kellaristamme-jattivat-meidat-jaatyneiksi","status":"publish","type":"post","link":"https:\/\/filan.am\/?p=4065","title":{"rendered":"Adoptoimme tyt\u00f6n py\u00f6r\u00e4tuolissa \u2013 mutta h\u00e4nen ensimm\u00e4iset sanansa kellaristamme j\u00e4ttiv\u00e4t meid\u00e4t j\u00e4\u00e4tyneiksi"},"content":{"rendered":"\n<p class=\"wp-block-paragraph\">Osa 1 \u2013 Yksi huone, jonka h\u00e4n halusi n\u00e4hd\u00e4<br>L\u00e4hes kolmen vuoden ajan mieheni Daniel ja min\u00e4 olimme yritt\u00e4neet adoptoida lasta.<\/p>\n\n\n\n<p class=\"wp-block-paragraph\">Siihen menness\u00e4, kun Ava tuli el\u00e4m\u00e4\u00e4mme, olin oppinut, kuinka vaarallista toivo voi olla.<\/p>\n\n\n\n<p class=\"wp-block-paragraph\">Oli ollut lomakkeita pinossa lomakkeiden p\u00e4\u00e4ll\u00e4, haastatteluja, taustatarkastuksia, kotik\u00e4yntej\u00e4, kursseja, lupaavilta vaikuttaneita puheluita ja kokouksia, jotka p\u00e4\u00e4ttyiv\u00e4t varovaisiin hymyihin ilman takeita.<\/p>\n\n\n\n<p class=\"wp-block-paragraph\">Useammin kuin kerran olin antanut itselleni luvan kuvitella lapsen istuvan keitti\u00f6np\u00f6yd\u00e4n \u00e4\u00e4ress\u00e4 tai j\u00e4tt\u00e4v\u00e4n kenki\u00e4 etuoven viereen.<\/p>\n\n\n\n<p class=\"wp-block-paragraph\">Ja useammin kuin kerran tuo kuviteltu tulevaisuus katosi.<\/p>\n\n\n\n<figure class=\"wp-block-image size-full\"><img loading=\"lazy\" decoding=\"async\" width=\"502\" height=\"637\" src=\"https:\/\/filan.am\/wp-content\/uploads\/2026\/09\/02222222222.png\" alt=\"\" class=\"wp-image-4066\" srcset=\"https:\/\/filan.am\/wp-content\/uploads\/2026\/09\/02222222222.png 502w, https:\/\/filan.am\/wp-content\/uploads\/2026\/09\/02222222222-236x300.png 236w\" sizes=\"auto, (max-width: 502px) 100vw, 502px\" \/><\/figure>\n\n\n\n<p class=\"wp-block-paragraph\">Lopulta opetin itselleni, etten kuvittele liikaa.<\/p>\n\n\n\n<p class=\"wp-block-paragraph\">Sitten tapasin Avan.<\/p>\n\n\n\n<p class=\"wp-block-paragraph\">H\u00e4n oli yhdeks\u00e4nvuotias, kun h\u00e4n py\u00f6r\u00e4hti kokoushuoneeseen py\u00f6r\u00e4tuolissaan ja katsoi minua suoraan vakavilla harmailla silmill\u00e4\u00e4n.<\/p>\n\n\n\n<p class=\"wp-block-paragraph\">H\u00e4n oli pieni ik\u00e4isekseen, ja h\u00e4nen hiljaisuutensa vaikutti paljon vanhemmalta kuin yhdeks\u00e4nvuotias.<\/p>\n\n\n\n<p class=\"wp-block-paragraph\">Beth, h\u00e4nen sosiaality\u00f6ntekij\u00e4ns\u00e4, oli jo kertonut meille, ett\u00e4 Ava oli k\u00e4rsinyt selk\u00e4ydinvamman auto-onnettomuudessa hyvin nuorena. H\u00e4n oli my\u00f6s vaihtanut asuntoloita sen j\u00e4lkeen.<\/p>\n\n\n\n<p class=\"wp-block-paragraph\">\u201dH\u00e4n on hyvin tarkkaavainen\u201d, Beth selitti. \u201dH\u00e4n ei yleens\u00e4 reagoi heti, edes silloin kun h\u00e4n pit\u00e4\u00e4 jostakusta.\u201d<\/p>\n\n\n\n<p class=\"wp-block-paragraph\">Sitten Beth hymyili hieman.<\/p>\n\n\n\n<p class=\"wp-block-paragraph\">\u201dH\u00e4n katsoo ennen kuin tekee p\u00e4\u00e4t\u00f6ksens\u00e4.\u201d<\/p>\n\n\n\n<p class=\"wp-block-paragraph\">T\u00e4m\u00e4 kuvaus j\u00e4i mieleeni.<\/p>\n\n\n\n<p class=\"wp-block-paragraph\">Ensimm\u00e4isell\u00e4 tapaamisellamme Ava vastasi kysymyksiimme kohteliaasti, mutta harvoin tarjoutui sanomaan mit\u00e4\u00e4n.<\/p>\n\n\n\n<p class=\"wp-block-paragraph\">H\u00e4n piti piirt\u00e4misest\u00e4.<\/p>\n\n\n\n<p class=\"wp-block-paragraph\">H\u00e4n piti sitruunaj\u00e4\u00e4tel\u00f6ist\u00e4.<\/p>\n\n\n\n<p class=\"wp-block-paragraph\">H\u00e4n piti el\u00e4inkirjoista.<\/p>\n\n\n\n<p class=\"wp-block-paragraph\">H\u00e4n ei n\u00e4ytt\u00e4nyt olevan erityisen vaikuttunut Danielista tai minusta.<\/p>\n\n\n\n<p class=\"wp-block-paragraph\">Sitten Daniel t\u00f6rm\u00e4si vahingossa kahvikuppiinsa.<\/p>\n\n\n\n<p class=\"wp-block-paragraph\">Se kaatui ja kahvi l\u00e4ikkyi p\u00f6yd\u00e4n yli.<\/p>\n\n\n\n<p class=\"wp-block-paragraph\">\u201dVoi anteeksi\u201d, h\u00e4n sanoi p\u00f6yd\u00e4n \u00e4\u00e4ress\u00e4 oleville vakavasti. \u201dEtte ansainneet sit\u00e4.\u201d<\/p>\n\n\n\n<p class=\"wp-block-paragraph\">Ava katsoi heti alas.<\/p>\n\n\n\n<p class=\"wp-block-paragraph\">Mutta vasta sen j\u00e4lkeen n\u00e4in pienen hymyn py\u00f6riv\u00e4n h\u00e4nen suupieless\u00e4\u00e4n.<\/p>\n\n\n\n<p class=\"wp-block-paragraph\">Se kesti alle sekunnin.<\/p>\n\n\n\n<p class=\"wp-block-paragraph\">Minulle se riitti.<\/p>\n\n\n\n<p class=\"wp-block-paragraph\">Kuusi kuukautta my\u00f6hemmin, uusien haastattelujen, odottelun, paperity\u00f6n ja lukemattomien \u00f6iden j\u00e4lkeen, jolloin yritin olla kuvittelematta, mik\u00e4 voisi menn\u00e4 pieleen, toimme Avan vihdoin kotiin.<\/p>\n\n\n\n<p class=\"wp-block-paragraph\">Olin kuvitellut tuon ajomatkan monta kertaa.<\/p>\n\n\n\n<p class=\"wp-block-paragraph\">Joissakin versioissa h\u00e4n puhui innoissaan.<\/p>\n\n\n\n<p class=\"wp-block-paragraph\">Toisissa h\u00e4n itki.<\/p>\n\n\n\n<p class=\"wp-block-paragraph\">Todellisuudessa h\u00e4n ei tehnyt kumpaakaan.<\/p>\n\n\n\n<p class=\"wp-block-paragraph\">H\u00e4n istui hiljaa takapenkill\u00e4 ja tuijotti ikkunasta ohikulkevia naapurustoja.<\/p>\n\n\n\n<p class=\"wp-block-paragraph\">H\u00e4nen tavassaan katsoa tiet\u00e4 oli jotain ep\u00e4tavallista.<\/p>\n\n\n\n<p class=\"wp-block-paragraph\">Se ei tuntunut tavalliselta uteliaisuudelta.<\/p>\n\n\n\n<p class=\"wp-block-paragraph\">Vaikutti melkein silt\u00e4 kuin h\u00e4n olisi etsinyt jotakin.<\/p>\n\n\n\n<p class=\"wp-block-paragraph\">K\u00e4\u00e4nnyin hieman istuimellani.<\/p>\n\n\n\n<p class=\"wp-block-paragraph\">&#171;Huoneesi on vaaleanvihre\u00e4&#187;, sanoin h\u00e4nelle. &#171;Emme tienneet, mist\u00e4 v\u00e4rist\u00e4 haluaisit, joten ajattelimme, ett\u00e4 voisit valita jotain muuta my\u00f6hemmin.&#187;<\/p>\n\n\n\n<p class=\"wp-block-paragraph\">Ava ny\u00f6kk\u00e4si.<\/p>\n\n\n\n<p class=\"wp-block-paragraph\">Daniel vilkaisi h\u00e4nt\u00e4 taustapeilist\u00e4.<\/p>\n\n\n\n<p class=\"wp-block-paragraph\">&#171;Ja jos todella vihaat vihre\u00e4\u00e4, maalaamme sen uudelleen.&#187;<\/p>\n\n\n\n<p class=\"wp-block-paragraph\">Ei vastausta.<\/p>\n\n\n\n<p class=\"wp-block-paragraph\">&#171;Violetti&#187;, h\u00e4n jatkoi. \u201dSininen. Keltainen. Pilkullinen. Sein\u00e4maalaus dinosauruksista pelaamassa koripalloa\u2014\u201d<\/p>\n\n\n\n<p class=\"wp-block-paragraph\">Katsoin h\u00e4nt\u00e4 varoittavasti.<\/p>\n\n\n\n<p class=\"wp-block-paragraph\">\u201dEi painostusta\u201d, h\u00e4n lis\u00e4si nopeasti.<\/p>\n\n\n\n<p class=\"wp-block-paragraph\">Ava k\u00e4\u00e4nsi huomionsa takaisin ikkunaan.<\/p>\n\n\n\n<p class=\"wp-block-paragraph\">Muistutin itselleni, mit\u00e4 Beth oli sanonut.<\/p>\n\n\n\n<p class=\"wp-block-paragraph\">H\u00e4n tarkkailee ennen kuin tekee p\u00e4\u00e4t\u00f6ksens\u00e4.<\/p>\n\n\n\n<p class=\"wp-block-paragraph\">Talomme oli vanha tiilitalo, jonka Daniel ja min\u00e4 olimme ostaneet edellisen\u00e4 vuonna.<\/p>\n\n\n\n<p class=\"wp-block-paragraph\">Se oli kuulunut i\u00e4kk\u00e4\u00e4lle miehelle nimelt\u00e4 Walter ennen meit\u00e4. H\u00e4n oli kuollut useita vuosia aiemmin, ja sen j\u00e4lkeen, kun h\u00e4nen omaisuutensa k\u00e4vi l\u00e4pi monimutkaisen selvitystilamenettelyn, talo p\u00e4\u00e4tyi lopulta huutokauppaan.<\/p>\n\n\n\n<p class=\"wp-block-paragraph\">Saimme sen paljon halvemmalla kuin vastaavat kodit, koska se tarvitsi korjausta.<\/p>\n\n\n\n<p class=\"wp-block-paragraph\">Mutta siin\u00e4 oli jotain, mit\u00e4 kipe\u00e4sti tarvitsimme.<\/p>\n\n\n\n<p class=\"wp-block-paragraph\">Tilaa.<\/p>\n\n\n\n<p class=\"wp-block-paragraph\">Leveit\u00e4 k\u00e4yt\u00e4vi\u00e4.<\/p>\n\n\n\n<p class=\"wp-block-paragraph\">Makuuhuone ensimm\u00e4isess\u00e4 kerroksessa.<\/p>\n\n\n\n<p class=\"wp-block-paragraph\">Kylpyhuone, jota voisimme muokata.<\/p>\n\n\n\n<p class=\"wp-block-paragraph\">Daniel ja h\u00e4nen veljens\u00e4 olivat rakentaneet rampit takasis\u00e4\u00e4nk\u00e4ynnin l\u00e4helle, ja olimme tehneet useita muita muutoksia ennen Avan saapumista.<\/p>\n\n\n\n<p class=\"wp-block-paragraph\">Kellari oli keskener\u00e4inen, mutta kuiva, ja sinne p\u00e4\u00e4si ramppia pitkin, jonka olimme asentaneet alkuper\u00e4isten portaiden viereen. Siell\u00e4 oli enimm\u00e4kseen ty\u00f6kaluja, vanhoja huonekaluja ja laatikoita, jotka lupasimme jonain p\u00e4iv\u00e4n\u00e4 j\u00e4rjestell\u00e4.<\/p>\n\n\n\n<p class=\"wp-block-paragraph\">Kun saavuimme, esittelin Avalle.<\/p>\n\n\n\n<p class=\"wp-block-paragraph\">Olohuone.<\/p>\n\n\n\n<p class=\"wp-block-paragraph\">Keitti\u00f6.<\/p>\n\n\n\n<p class=\"wp-block-paragraph\">Levennetty alakerran kylpyhuone.<\/p>\n\n\n\n<p class=\"wp-block-paragraph\">Sitten h\u00e4nen makuuhuoneensa.<\/p>\n\n\n\n<p class=\"wp-block-paragraph\">Olin kuvitellut t\u00e4m\u00e4n hetken useammin kuin pystyin laskemaan.<\/p>\n\n\n\n<p class=\"wp-block-paragraph\">Yhdell\u00e4 sein\u00e4ll\u00e4 oli kirjahyllyj\u00e4, s\u00e4ngyn vieress\u00e4 lamppu, puhtaita peittoja, ty\u00f6p\u00f6yt\u00e4, jolle h\u00e4n saattoi piirt\u00e4\u00e4, ja tarpeeksi tyhj\u00e4\u00e4 tilaa py\u00f6r\u00e4tuolille, jotta h\u00e4n voisi liikkua mukavasti.<\/p>\n\n\n\n<p class=\"wp-block-paragraph\">Ava katseli ymp\u00e4rilleen.<\/p>\n\n\n\n<p class=\"wp-block-paragraph\">&#171;Se on mukava&#187;, h\u00e4n sanoi.<\/p>\n\n\n\n<p class=\"wp-block-paragraph\">Siin\u00e4 kaikki.<\/p>\n\n\n\n<p class=\"wp-block-paragraph\">Yritin olla tuntematta pettymyst\u00e4.<\/p>\n\n\n\n<p class=\"wp-block-paragraph\">H\u00e4net oli siirretty kotoa kotiin. Tietenkin h\u00e4n ei aikonut rakastua huoneeseen, koska olin ostanut kauniita verhoja.<\/p>\n\n\n\n<p class=\"wp-block-paragraph\">Jatkoimme k\u00e4yt\u00e4v\u00e4\u00e4 pitkin.<\/p>\n\n\n\n<p class=\"wp-block-paragraph\">Sitten Ava yht\u00e4kki\u00e4 katsoi minua.<\/p>\n\n\n\n<p class=\"wp-block-paragraph\">&#171;Voinko n\u00e4hd\u00e4 kellarin?&#187;<\/p>\n\n\n\n<p class=\"wp-block-paragraph\">R\u00e4p\u00e4ytin silmi\u00e4ni.<\/p>\n\n\n\n<p class=\"wp-block-paragraph\">&#171;Kellarin?&#187;<\/p>\n\n\n\n<p class=\"wp-block-paragraph\">H\u00e4n ny\u00f6kk\u00e4si.<\/p>\n\n\n\n<p class=\"wp-block-paragraph\">Kaikista odottamistani kysymyksist\u00e4 tuo ei ollut yksi niist\u00e4.<\/p>\n\n\n\n<p class=\"wp-block-paragraph\">\u201dTotta kai\u201d, sanoin. \u201dEhk\u00e4 my\u00f6hemmin. Siell\u00e4 alhaalla ei ole paljon n\u00e4ht\u00e4v\u00e4\u00e4. Enimm\u00e4kseen laatikoita ja Danielin ty\u00f6kalukokoelmaa, jonka h\u00e4n v\u00e4itt\u00e4\u00e4 j\u00e4rjestelev\u00e4ns\u00e4.\u201d<\/p>\n\n\n\n<p class=\"wp-block-paragraph\">\u201dJonain p\u00e4iv\u00e4n\u00e4\u201d, Daniel huusi keitti\u00f6st\u00e4.<\/p>\n\n\n\n<p class=\"wp-block-paragraph\">Ava ei nauranut.<\/p>\n\n\n\n<p class=\"wp-block-paragraph\">Sen sijaan h\u00e4nen kasvoillaan muuttui jotain.<\/p>\n\n\n\n<p class=\"wp-block-paragraph\">Vain hetkeksi.<\/p>\n\n\n\n<p class=\"wp-block-paragraph\">Pieni pettymyksen pisara.<\/p>\n\n\n\n<p class=\"wp-block-paragraph\">Mutta se oli kiistaton.<\/p>\n\n\n\n<p class=\"wp-block-paragraph\">Loppuillan h\u00e4n pysyi hiljaa.<\/p>\n\n\n\n<p class=\"wp-block-paragraph\">Daniel teki spagettia illalliseksi. Ava kiitti h\u00e4nt\u00e4, kun t\u00e4m\u00e4 ojensi h\u00e4nelle lautasen. H\u00e4n kiitti minua, kun min\u00e4toi h\u00e4nelle vett\u00e4. H\u00e4n jopa kiitti meit\u00e4, kun tiskasimme astiat.<\/p>\n\n\n\n<p class=\"wp-block-paragraph\">Jokainen sana oli kohtelias.<\/p>\n\n\n\n<p class=\"wp-block-paragraph\">Jokainen liike oli varovainen.<\/p>\n\n\n\n<p class=\"wp-block-paragraph\">Mutta kahdesti huomasin h\u00e4nen tuijottavan k\u00e4yt\u00e4v\u00e4\u00e4.<\/p>\n\n\n\n<p class=\"wp-block-paragraph\">Kohti kellarin ovea.<\/p>\n\n\n\n<p class=\"wp-block-paragraph\">My\u00f6hemmin, autettuani h\u00e4nt\u00e4 asettumaan s\u00e4nkyyn, menin takaisin alakertaan.<\/p>\n\n\n\n<p class=\"wp-block-paragraph\">Daniel tiskasi astioita.<\/p>\n\n\n\n<p class=\"wp-block-paragraph\">&#171;Se oli outoa&#187;, sanoin.<\/p>\n\n\n\n<p class=\"wp-block-paragraph\">H\u00e4n vilkaisi olkansa yli.<\/p>\n\n\n\n<p class=\"wp-block-paragraph\">&#171;Kellari?&#187;<\/p>\n\n\n\n<p class=\"wp-block-paragraph\">&#171;Mik\u00e4 yhdeks\u00e4nvuotias tulee uuteen taloon ja v\u00e4litt\u00e4\u00e4 enemm\u00e4n kellarista kuin keitti\u00f6st\u00e4?&#187;<\/p>\n\n\n\n<p class=\"wp-block-paragraph\">&#171;Ehk\u00e4 h\u00e4n pit\u00e4\u00e4 kellareista.&#187;<\/p>\n\n\n\n<p class=\"wp-block-paragraph\">&#171;Tunnetko lapsia, jotka pit\u00e4v\u00e4t kellareista?&#187;<\/p>\n\n\n\n<p class=\"wp-block-paragraph\">Daniel mietti t\u00e4t\u00e4.<\/p>\n\n\n\n<p class=\"wp-block-paragraph\">&#171;Tulevia arkkitehtej\u00e4?&#187;<\/p>\n\n\n\n<p class=\"wp-block-paragraph\">Katsoin h\u00e4nt\u00e4.<\/p>\n\n\n\n<p class=\"wp-block-paragraph\">H\u00e4n kuivasi k\u00e4tens\u00e4 ja nojasi tiskip\u00f6yt\u00e4\u00e4n.<\/p>\n\n\n\n<p class=\"wp-block-paragraph\">&#171;Claire, t\u00e4m\u00e4 on luultavasti h\u00e4nen suurin p\u00e4iv\u00e4ns\u00e4 vuosiin. Ehk\u00e4 h\u00e4n keskittyi yhteen satunnaiseen asiaan, koska kaikki muu tuntuu ylivoimaiselta.&#187;<\/p>\n\n\n\n<p class=\"wp-block-paragraph\">&#171;Tied\u00e4n.&#187;<\/p>\n\n\n\n<p class=\"wp-block-paragraph\">Ja loogisesti ajatellen teinkin niin.<\/p>\n\n\n\n<p class=\"wp-block-paragraph\">Silti jokin Avan ilmeess\u00e4 h\u00e4iritsi minua.<\/p>\n\n\n\n<p class=\"wp-block-paragraph\">Se ei ollut n\u00e4ytt\u00e4nyt uteliaisuudelta.<\/p>\n\n\n\n<p class=\"wp-block-paragraph\">Se oli n\u00e4ytt\u00e4nyt tunnistukselta.<\/p>\n\n\n\n<p class=\"wp-block-paragraph\">Sin\u00e4 y\u00f6n\u00e4 nukuin kevyesti.<\/p>\n\n\n\n<p class=\"wp-block-paragraph\">Olin kuullut ihmisten puhuvan uusista \u00e4ideist\u00e4, jotka her\u00e4siv\u00e4t jokaisesta \u00e4\u00e4nest\u00e4.<\/p>\n\n\n\n<p class=\"wp-block-paragraph\">Ilmeisesti yhdeks\u00e4nvuotiaan \u00e4idiksi tuleminen voisi tehd\u00e4 saman asian.<\/p>\n\n\n\n<p class=\"wp-block-paragraph\">Hieman kuuden j\u00e4lkeen aamulla avasin silm\u00e4ni.<\/p>\n\n\n\n<p class=\"wp-block-paragraph\">Daniel nukkui viel\u00e4.<\/p>\n\n\n\n<p class=\"wp-block-paragraph\">Talo oli hiljainen.<\/p>\n\n\n\n<p class=\"wp-block-paragraph\">Ensimm\u00e4isen viikon ajan olimme sijoittaneet pienen kameran Avan huoneeseen h\u00e4nen luvalla. Beth oli suositellut sit\u00e4 v\u00e4liaikaiseksi turvatoimenpiteeksi, kunnes kaikki tottuivat. Olimme selitt\u00e4neet Avalle, ett\u00e4 sen voi poistaa milloin tahansa.<\/p>\n\n\n\n<p class=\"wp-block-paragraph\">Otin puhelimeni ja tarkistin sy\u00f6tteen.<\/p>\n\n\n\n<p class=\"wp-block-paragraph\">H\u00e4nen s\u00e4nkyns\u00e4 oli tyhj\u00e4.<\/p>\n\n\n\n<p class=\"wp-block-paragraph\">Nousin seisomaan.<\/p>\n\n\n\n<p class=\"wp-block-paragraph\">Kahden sekunnin ajan ajattelin itselleni, ett\u00e4 h\u00e4n oli luultavasti kylpyhuoneessa.<\/p>\n\n\n\n<p class=\"wp-block-paragraph\">Sitten paniikki valtasi minut.<\/p>\n\n\n\n<p class=\"wp-block-paragraph\">Kiirehdin k\u00e4yt\u00e4v\u00e4\u00e4n.<\/p>\n\n\n\n<p class=\"wp-block-paragraph\">Kylpyhuone.<\/p>\n\n\n\n<p class=\"wp-block-paragraph\">Tyhj\u00e4.<\/p>\n\n\n\n<p class=\"wp-block-paragraph\">Keitti\u00f6.<\/p>\n\n\n\n<p class=\"wp-block-paragraph\">Tyhj\u00e4.<\/p>\n\n\n\n<p class=\"wp-block-paragraph\">Olohuone.<\/p>\n\n\n\n<p class=\"wp-block-paragraph\">Tyhj\u00e4.<\/p>\n\n\n\n<p class=\"wp-block-paragraph\">Mieleni muuttui heti pahimmaksi viholliseksi.<\/p>\n\n\n\n<p class=\"wp-block-paragraph\">Ent\u00e4 jos h\u00e4n olisi yritt\u00e4nyt l\u00e4hte\u00e4?<\/p>\n\n\n\n<p class=\"wp-block-paragraph\">Ent\u00e4 jos h\u00e4n olisi pudonnut?<\/p>\n\n\n\n<p class=\"wp-block-paragraph\">Ent\u00e4 jos olisimme pett\u00e4neet h\u00e4net ennen kuin ensimm\u00e4inen kokonainen yhteinen p\u00e4iv\u00e4mme oli edes alkanut?<\/p>\n\n\n\n<p class=\"wp-block-paragraph\">Sitten kuulin jotain.<\/p>\n\n\n\n<p class=\"wp-block-paragraph\">Hiljaisen metallisen raapimisen.<\/p>\n\n\n\n<p class=\"wp-block-paragraph\">Alaamme.<\/p>\n\n\n\n<p class=\"wp-block-paragraph\">Kellari.<\/p>\n\n\n\n<p class=\"wp-block-paragraph\">Juosin melkein ovelle.<\/p>\n\n\n\n<p class=\"wp-block-paragraph\">&#171;Ava?&#187;<\/p>\n\n\n\n<p class=\"wp-block-paragraph\">Ei vastausta.<\/p>\n\n\n\n<p class=\"wp-block-paragraph\">Vedin sen auki.<\/p>\n\n\n\n<p class=\"wp-block-paragraph\">Kellarin valo paloi.<\/p>\n\n\n\n<p class=\"wp-block-paragraph\">Luiskan alap\u00e4\u00e4ss\u00e4 istui Ava.<\/p>\n\n\n\n<p class=\"wp-block-paragraph\">H\u00e4n katsoi huoneen toiseen p\u00e4\u00e4h\u00e4n.<\/p>\n\n\n\n<p class=\"wp-block-paragraph\">H\u00e4n ei edes k\u00e4\u00e4ntynyt, kun huusin h\u00e4nen nime\u00e4\u00e4n.<\/p>\n\n\n\n<p class=\"wp-block-paragraph\">H\u00e4n tuijotti vanhaa tiilisein\u00e4\u00e4, jonka osittain peitti suuri metallinen hyllykk\u00f6.<\/p>\n\n\n\n<p class=\"wp-block-paragraph\">&#171;Ava?&#187;<\/p>\n\n\n\n<p class=\"wp-block-paragraph\">Hyv\u00e4sti h\u00e4n nosti toisen k\u00e4tens\u00e4.<\/p>\n\n\n\n<p class=\"wp-block-paragraph\">H\u00e4n osoitti sein\u00e4\u00e4 kohti.<\/p>\n\n\n\n<p class=\"wp-block-paragraph\">Ja rauhallisimmalla mahdollisella \u00e4\u00e4nell\u00e4 h\u00e4n sanoi:<\/p>\n\n\n\n<p class=\"wp-block-paragraph\">&#171;Et piilottanut sit\u00e4 sinne viimeksi.&#187;<\/p>\n\n\n\n<p class=\"wp-block-paragraph\">Pys\u00e4hdyin.<\/p>\n\n\n\n<p class=\"wp-block-paragraph\">Jokainen k\u00e4sivarsieni karva nousi pystyyn.<\/p>\n\n\n\n<p class=\"wp-block-paragraph\">&#171;Mit\u00e4?&#187;<\/p>\n\n\n\n<p class=\"wp-block-paragraph\">Ava k\u00e4\u00e4ntyi vihdoin minua kohti.<\/p>\n\n\n\n<p class=\"wp-block-paragraph\">H\u00e4nen kasvonsa eiv\u00e4t olleet ilkikuriset.<\/p>\n\n\n\n<p class=\"wp-block-paragraph\">H\u00e4n oli h\u00e4mmentynyt.<\/p>\n\n\n\n<p class=\"wp-block-paragraph\">&#171;Laatikko&#187;, h\u00e4n sanoi. &#171;Et piilottanut sit\u00e4 sinne viimeksi.&#187;<\/p>\n\n\n\n<p class=\"wp-block-paragraph\">Pidin kiinni kaiteesta.<\/p>\n\n\n\n<p class=\"wp-block-paragraph\">&#171;Ava, emme ole koskaan olleet t\u00e4\u00e4ll\u00e4 yhdess\u00e4.&#187;<\/p>\n\n\n\n<p class=\"wp-block-paragraph\">H\u00e4n tuijotti minua.<\/p>\n\n\n\n<p class=\"wp-block-paragraph\">Sitten v\u00e4ri katosi hitaasti h\u00e4nen kasvoiltaan.<\/p>\n\n\n\n<p class=\"wp-block-paragraph\">H\u00e4nen katseensa harhaili ymp\u00e4ri kellaria.<\/p>\n\n\n\n<p class=\"wp-block-paragraph\">Seini\u00e4.<\/p>\n\n\n\n<p class=\"wp-block-paragraph\">Portaita.<\/p>\n\n\n\n<p class=\"wp-block-paragraph\">Kattoa.<\/p>\n\n\n\n<p class=\"wp-block-paragraph\">Sitten takaisin minuun.<\/p>\n\n\n\n<p class=\"wp-block-paragraph\">H\u00e4nen \u00e4\u00e4nens\u00e4 muuttui tuskin kuiskaukseksi.<\/p>\n\n\n\n<p class=\"wp-block-paragraph\">&#171;Tunnen t\u00e4m\u00e4n talon.&#187;<\/p>\n\n\n\n<p class=\"wp-block-paragraph\">Osa 2 \u2013 Muisto muurin takana<br>Kuljin hitaasti alas ramppia.<\/p>\n\n\n\n<p class=\"wp-block-paragraph\">Avan silm\u00e4t alkoivat t\u00e4ytty\u00e4 kyynelist\u00e4, mutta h\u00e4n n\u00e4ytti melkein \u00e4rsyyntyneelt\u00e4 niist\u00e4, aivan kuin itkeminen olisi yksi asia, jota h\u00e4n ei halunnut kenenk\u00e4\u00e4n n\u00e4kev\u00e4n.<\/p>\n\n\n\n<p class=\"wp-block-paragraph\">Kyykistyin h\u00e4nen eteens\u00e4.<\/p>\n\n\n\n<p class=\"wp-block-paragraph\">&#171;Mit\u00e4 tarkoitat, tunnetko t\u00e4m\u00e4n talon?&#187;<\/p>\n\n\n\n<p class=\"wp-block-paragraph\">H\u00e4n nielaisi.<\/p>\n\n\n\n<p class=\"wp-block-paragraph\">&#171;En ollut varma eilen.&#187;<\/p>\n\n\n\n<p class=\"wp-block-paragraph\">&#171;Mist\u00e4?&#187;<\/p>\n\n\n\n<p class=\"wp-block-paragraph\">&#171;K\u00e4yt\u00e4v\u00e4st\u00e4.&#187;<\/p>\n\n\n\n<p class=\"wp-block-paragraph\">Odotin.<\/p>\n\n\n\n<p class=\"wp-block-paragraph\">&#171;Ja kellarin ovesta&#187;, h\u00e4n jatkoi. &#171;Se kuulostaa samalta.&#187;<\/p>\n\n\n\n<p class=\"wp-block-paragraph\">H\u00e4n katsoi ymp\u00e4rilleen uudelleen.<\/p>\n\n\n\n<p class=\"wp-block-paragraph\">&#171;Keitti\u00f6 oli ennen erilainen. Siell\u00e4 ei ollut luiskaa ulkona. T\u00e4\u00e4ll\u00e4k\u00e4\u00e4n ei ollut luiskia. Vain portaat.&#187;<\/p>\n\n\n\n<p class=\"wp-block-paragraph\">Syd\u00e4meni syke kiihtyi.<\/p>\n\n\n\n<p class=\"wp-block-paragraph\">&#171;Mutta muistan t\u00e4m\u00e4n kellarin.&#187;<\/p>\n\n\n\n<p class=\"wp-block-paragraph\">Ajatus muotoutui hitaasti mieleeni.<\/p>\n\n\n\n<p class=\"wp-block-paragraph\">Se tuntui mahdottomalta.<\/p>\n\n\n\n<p class=\"wp-block-paragraph\">Mutta se oli ainoa sopiva selitys.<\/p>\n\n\n\n<p class=\"wp-block-paragraph\">&#171;Ava&#187;, kysyin varovasti, &#171;asuitko t\u00e4\u00e4ll\u00e4 ennen?&#187;<\/p>\n\n\n\n<p class=\"wp-block-paragraph\">H\u00e4nen kasvonsa kiristyiv\u00e4t, kun h\u00e4n yritti etsi\u00e4 muistoja, jotka tuntuivat olevan hajonneita palasina.<\/p>\n\n\n\n<p class=\"wp-block-paragraph\">&#171;Luulen niin.&#187;<\/p>\n\n\n\n<p class=\"wp-block-paragraph\">&#171;Milloin?&#187;<\/p>\n\n\n\n<p class=\"wp-block-paragraph\">&#171;En tied\u00e4.&#187;<\/p>\n\n\n\n<p class=\"wp-block-paragraph\">&#171;Kenen kanssa asuit?&#187;<\/p>\n\n\n\n<p class=\"wp-block-paragraph\">H\u00e4n katsoi tiilisein\u00e4\u00e4 kohti.<\/p>\n\n\n\n<p class=\"wp-block-paragraph\">&#171;\u00c4itini.&#187;<\/p>\n\n\n\n<p class=\"wp-block-paragraph\">Askelia kuului takaamme.<\/p>\n\n\n\n<p class=\"wp-block-paragraph\">Daniel ilmestyi kellarin sis\u00e4\u00e4nk\u00e4ynnille, hiukset sekaisin unesta.<\/p>\n\n\n\n<p class=\"wp-block-paragraph\">&#171;Claire? Mit\u00e4 tapahtuu?&#187;<\/p>\n\n\n\n<p class=\"wp-block-paragraph\">H\u00e4n tuli puoliv\u00e4liin alas ennen kuin huomasi Avan.<\/p>\n\n\n\n<p class=\"wp-block-paragraph\">Katsoin h\u00e4nt\u00e4.<\/p>\n\n\n\n<p class=\"wp-block-paragraph\">&#171;Luulen, ett\u00e4 Ava asui t\u00e4\u00e4ll\u00e4.&#187;<\/p>\n\n\n\n<p class=\"wp-block-paragraph\">H\u00e4nen unelias ilmeens\u00e4 katosi heti.<\/p>\n\n\n\n<p class=\"wp-block-paragraph\">&#171;Mit\u00e4?&#187;<\/p>\n\n\n\n<p class=\"wp-block-paragraph\">Ava osoitti taas kauempaa sein\u00e4\u00e4 kohti.<\/p>\n\n\n\n<p class=\"wp-block-paragraph\">&#171;\u00c4itini piti siell\u00e4 jotakin.&#187;<\/p>\n\n\n\n<p class=\"wp-block-paragraph\">Daniel tuli alas vierest\u00e4mme.<\/p>\n\n\n\n<p class=\"wp-block-paragraph\">&#171;Millaista jotakin?&#187;<\/p>\n\n\n\n<p class=\"wp-block-paragraph\">&#171;Laatikko.&#187;<\/p>\n\n\n\n<p class=\"wp-block-paragraph\">&#171;Mit\u00e4 sen sis\u00e4ll\u00e4 oli?&#187;<\/p>\n\n\n\n<p class=\"wp-block-paragraph\">&#171;En muista.&#187;<\/p>\n\n\n\n<p class=\"wp-block-paragraph\">H\u00e4n puristi sormensa yhteen syliss\u00e4ns\u00e4.<\/p>\n\n\n\n<p class=\"wp-block-paragraph\">&#171;H\u00e4n sanoi, ett\u00e4 minun piti muistaa, miss\u00e4 se oli.&#187;<\/p>\n\n\n\n<p class=\"wp-block-paragraph\">Ava sulki silm\u00e4ns\u00e4.<\/p>\n\n\n\n<p class=\"wp-block-paragraph\">&#171;H\u00e4n sanoi, ett\u00e4 jos h\u00e4n ei olisi siell\u00e4 jonain p\u00e4iv\u00e4n\u00e4, minun pit\u00e4isi muistaa sein\u00e4.&#187;<\/p>\n\n\n\n<p class=\"wp-block-paragraph\">Moneen sekuntiin emme Danielin kanssa puhuneet.<\/p>\n\n\n\n<p class=\"wp-block-paragraph\">Lopulta h\u00e4n kysyi: &#171;Ava, mik\u00e4 \u00e4itisi nimi oli?&#187;<\/p>\n\n\n\n<p class=\"wp-block-paragraph\">&#171;Marie.&#187;<\/p>\n\n\n\n<p class=\"wp-block-paragraph\">Nimi ei merkinnyt meille mit\u00e4\u00e4n.<\/p>\n\n\n\n<p class=\"wp-block-paragraph\">Ymm\u00e4rt\u00e4\u00e4ksemme Walter oli omistanut talon vuosia.<\/p>\n\n\n\n<p class=\"wp-block-paragraph\">Sitten mieleeni iski toinen ajatus.<\/p>\n\n\n\n<p class=\"wp-block-paragraph\">Ennen kiinteist\u00f6n ostamista olin tallentanut valokuvia kiinteist\u00f6listauksesta ja kuolinpes\u00e4n huutokaupasta.<\/p>\n\n\n\n<p class=\"wp-block-paragraph\">Otin puhelimeni esiin ja etsin niit\u00e4.<\/p>\n\n\n\n<p class=\"wp-block-paragraph\">Yhdess\u00e4 valokuvassa Walter seisoi takan l\u00e4hell\u00e4 vuosia aiemmin.<\/p>\n\n\n\n<p class=\"wp-block-paragraph\">Zoomasin ja annoin puhelimen Avalle.<\/p>\n\n\n\n<p class=\"wp-block-paragraph\">&#171;Tunnetko h\u00e4net?&#187;<\/p>\n\n\n\n<p class=\"wp-block-paragraph\">H\u00e4nen silm\u00e4ns\u00e4 laajenivat.<\/p>\n\n\n\n<p class=\"wp-block-paragraph\">&#171;Isois\u00e4.&#187;<\/p>\n\n\n\n<p class=\"wp-block-paragraph\">Daniel ja min\u00e4 katsoimme toisiamme.<\/p>\n\n\n\n<p class=\"wp-block-paragraph\">Mahdottomasta tuli yht\u00e4kki\u00e4 hyvin mahdollista.<\/p>\n\n\n\n<p class=\"wp-block-paragraph\">Walter oli ollut Avan isois\u00e4.<\/p>\n\n\n\n<p class=\"wp-block-paragraph\">T\u00e4m\u00e4 talo oli ollut h\u00e4nen kauan ennen kuin siit\u00e4 tuli meid\u00e4n.<\/p>\n\n\n\n<p class=\"wp-block-paragraph\">Ava k\u00e4\u00e4ntyi taas kohti sein\u00e4\u00e4.<\/p>\n\n\n\n<p class=\"wp-block-paragraph\">&#171;Siell\u00e4 pit\u00e4isi olla laatikko.&#187;<\/p>\n\n\n\n<p class=\"wp-block-paragraph\">Hyllykk\u00f6 seisoi suoraan h\u00e4nen osoittamansa alueen edess\u00e4.<\/p>\n\n\n\n<p class=\"wp-block-paragraph\">Daniel ja min\u00e4 ty\u00f6nsimme sen sivuun.<\/p>\n\n\n\n<p class=\"wp-block-paragraph\">Aluksi en n\u00e4hnyt mit\u00e4\u00e4n ep\u00e4tavallista.<\/p>\n\n\n\n<p class=\"wp-block-paragraph\">Vain vanhaa tiilt\u00e4.<\/p>\n\n\n\n<p class=\"wp-block-paragraph\">Sitten Daniel astui l\u00e4hemm\u00e4s.<\/p>\n\n\n\n<p class=\"wp-block-paragraph\">&#171;Claire.&#187;<\/p>\n\n\n\n<p class=\"wp-block-paragraph\">H\u00e4n osoitti.<\/p>\n\n\n\n<p class=\"wp-block-paragraph\">Yksi laastikohta oli hieman eri s\u00e4vyinen kuin muut.<\/p>\n\n\n\n<p class=\"wp-block-paragraph\">Ei niin ilmeinen, ett\u00e4 olisimme koskaan huomanneet sit\u00e4.<\/p>\n\n\n\n<p class=\"wp-block-paragraph\">Mutta kun tiesimme, mit\u00e4 etsimme, oli mahdotonta olla n\u00e4kem\u00e4tt\u00e4.<\/p>\n\n\n\n<p class=\"wp-block-paragraph\">Daniel meni ty\u00f6p\u00f6yt\u00e4ns\u00e4 luo ja palasi vasaran ja ruuvimeisselin kanssa.<\/p>\n\n\n\n<p class=\"wp-block-paragraph\">Pidin taskulamppua k\u00e4dess\u00e4ni, kun h\u00e4n ty\u00f6skenteli huolellisesti laastin parissa.<\/p>\n\n\n\n<p class=\"wp-block-paragraph\">Ava tarkkaili jokaista liikett\u00e4.<\/p>\n\n\n\n<p class=\"wp-block-paragraph\">Yksi tiili irtosi.<\/p>\n\n\n\n<p class=\"wp-block-paragraph\">Sitten toinen.<\/p>\n\n\n\n<p class=\"wp-block-paragraph\">Heid\u00e4n takanaan oli ontto ontelo.<\/p>\n\n\n\n<p class=\"wp-block-paragraph\">Ja ontelon sis\u00e4ll\u00e4 oli p\u00f6lyinen metallilaatikko.<\/p>\n\n\n\n<p class=\"wp-block-paragraph\">Ava henk\u00e4isi ter\u00e4v\u00e4sti.<\/p>\n\n\n\n<p class=\"wp-block-paragraph\">&#171;Siin\u00e4 se on.&#187;<\/p>\n\n\n\n<p class=\"wp-block-paragraph\">Daniel nosti sen ja asetti lattialle.<\/p>\n\n\n\n<p class=\"wp-block-paragraph\">Lukkoa ei ollut.<\/p>\n\n\n\n<p class=\"wp-block-paragraph\">H\u00e4n avasi kannen.<\/p>\n\n\n\n<p class=\"wp-block-paragraph\">Sis\u00e4ll\u00e4 oli nauhalla sidottuja kirjekimppuja.<\/p>\n\n\n\n<p class=\"wp-block-paragraph\">Useita valokuvia.<\/p>\n\n\n\n<p class=\"wp-block-paragraph\">Muovitaskuun sinet\u00f6ityj\u00e4 asiakirjoja.<\/p>\n\n\n\n<p class=\"wp-block-paragraph\">S\u00e4\u00e4st\u00f6obligaatioiden paketti.<\/p>\n\n\n\n<p class=\"wp-block-paragraph\">Ja yhdess\u00e4 nurkassa makasi pieni pehmolelupuni, jolta puuttui toinen napinsilm\u00e4.<\/p>\n\n\n\n<p class=\"wp-block-paragraph\">Heti kun Ava n\u00e4ki sen, h\u00e4n haukkoi henke\u00e4\u00e4n.<\/p>\n\n\n\n<p class=\"wp-block-paragraph\">&#171;Puniani.&#187;<\/p>\n\n\n\n<p class=\"wp-block-paragraph\">H\u00e4n tarttui siihen molemmilla k\u00e4sill\u00e4\u00e4n ja veti sen rintaansa vasten.<\/p>\n\n\n\n<p class=\"wp-block-paragraph\">Jokin sis\u00e4ll\u00e4ni rikkoutui.<\/p>\n\n\n\n<p class=\"wp-block-paragraph\">Siihen asti osa minusta oli yh\u00e4 yritt\u00e4nyt ajatella j\u00e4rkev\u00e4sti.<\/p>\n\n\n\n<p class=\"wp-block-paragraph\">Ehk\u00e4 h\u00e4n oli k\u00e4ynyt talossa.<\/p>\n\n\n\n<p class=\"wp-block-paragraph\">Ehk\u00e4 samankaltaisuus oli sattumaa.<\/p>\n\n\n\n<p class=\"wp-block-paragraph\">Ehk\u00e4 joku aikuinen oli kertonut h\u00e4nelle laatikosta.<\/p>\n\n\n\n<p class=\"wp-block-paragraph\">Mutta h\u00e4nen katsoessaan pitelev\u00e4n tuota kulunutta pient\u00e4 pupua, kaikki ep\u00e4ilykset poistettiin.<\/p>\n\n\n\n<p class=\"wp-block-paragraph\">T\u00e4m\u00e4 ei ollut outo pakkomielle.<\/p>\n\n\n\n<p class=\"wp-block-paragraph\">Se oli pala lapsuutta, jonka h\u00e4n oli jotenkin kantanut l\u00e4pi vuosien mullistusten.<\/p>\n\n\n\n<p class=\"wp-block-paragraph\">Muisto, joka oli s\u00e4ilynyt, kun l\u00e4hes kaikki muu oli kadonnut.<\/p>\n\n\n\n<p class=\"wp-block-paragraph\">Kirjeiden p\u00e4\u00e4ll\u00e4 oli kirjekuori.<\/p>\n\n\n\n<p class=\"wp-block-paragraph\">Kirjeen etupuolelle oli huolellisella k\u00e4sialalla kirjoitettu kuusi sanaa:<\/p>\n\n\n\n<p class=\"wp-block-paragraph\">Avalle, kun h\u00e4n on tarpeeksi vanha.<\/p>\n\n\n\n<p class=\"wp-block-paragraph\">Ava tuijotti sit\u00e4.<\/p>\n\n\n\n<p class=\"wp-block-paragraph\">&#171;Haluatko minun lukevan sen?&#187; kysyin.<\/p>\n\n\n\n<p class=\"wp-block-paragraph\">H\u00e4n ny\u00f6kk\u00e4si.<\/p>\n\n\n\n<p class=\"wp-block-paragraph\">Avasin kirjeen.<\/p>\n\n\n\n<p class=\"wp-block-paragraph\">&#171;Rakkain tytt\u00f6ni,<\/p>\n\n\n\n<p class=\"wp-block-paragraph\">&#171;Jos luet t\u00e4t\u00e4, jotain tapahtui ennen kuin pystyin antamaan n\u00e4m\u00e4 sinulle itse. Toivon, ettei se ole totta.<\/p>\n\n\n\n<p class=\"wp-block-paragraph\">&#171;Toivon, ett\u00e4 istun jonain p\u00e4iv\u00e4n\u00e4 vieress\u00e4si nauramassa sille, kuinka dramaattista \u00e4itisi oli piilottaessaan kirjeet kellarin sein\u00e4n sis\u00e4\u00e4n.&#187;<\/p>\n\n\n\n<p class=\"wp-block-paragraph\">Ava piti j\u00e4nist\u00e4 tiukemmin kiinni.<\/p>\n\n\n\n<p class=\"wp-block-paragraph\">Jatkoin.<\/p>\n\n\n\n<p class=\"wp-block-paragraph\">&#171;Mutta isois\u00e4si on alkanut taas juoda ja pelata uhkapelej\u00e4. Kun h\u00e4n on t\u00e4llainen, en luota h\u00e4neen rahan kanssa enk\u00e4 h\u00e4nen lupauksiinsa.<\/p>\n\n\n\n<p class=\"wp-block-paragraph\">&#171;Joten varmistan, ett\u00e4 t\u00e4\u00e4ll\u00e4 on aina jotain sinulle.<\/p>\n\n\n\n<p class=\"wp-block-paragraph\">&#171;Olet t\u00e4rkein osa el\u00e4m\u00e4\u00e4ni.<\/p>\n\n\n\n<p class=\"wp-block-paragraph\">&#171;Ja vaikka tulisi p\u00e4iv\u00e4, jolloin en voi fyysisesti pit\u00e4\u00e4 k\u00e4dest\u00e4si kiinni, toivon, ett\u00e4 n\u00e4m\u00e4 sanat pit\u00e4v\u00e4t.&#187;<\/p>\n\n\n\n<p class=\"wp-block-paragraph\">\u00c4\u00e4neni petti viimeisess\u00e4 lauseessance.<\/p>\n\n\n\n<p class=\"wp-block-paragraph\">Lopetin lukemisen.<\/p>\n\n\n\n<p class=\"wp-block-paragraph\">Daniel k\u00e4\u00e4nsi kasvonsa poisp\u00e4in.<\/p>\n\n\n\n<p class=\"wp-block-paragraph\">Ava ei sanonut mit\u00e4\u00e4n.<\/p>\n\n\n\n<p class=\"wp-block-paragraph\">H\u00e4n vain tuijotti k\u00e4siss\u00e4ni olevaa kirjett\u00e4.<\/p>\n\n\n\n<p class=\"wp-block-paragraph\">Sitten h\u00e4n kuiskasi:<\/p>\n\n\n\n<p class=\"wp-block-paragraph\">&#171;H\u00e4n kirjoitti sen?&#187;<\/p>\n\n\n\n<p class=\"wp-block-paragraph\">&#171;Kyll\u00e4.&#187;<\/p>\n\n\n\n<p class=\"wp-block-paragraph\">&#171;Minulle?&#187;<\/p>\n\n\n\n<p class=\"wp-block-paragraph\">Katsoin h\u00e4nt\u00e4.<\/p>\n\n\n\n<p class=\"wp-block-paragraph\">&#171;Jokaista sanaa.&#187;<\/p>\n\n\n\n<p class=\"wp-block-paragraph\">Osa 3 \u2013 El\u00e4m\u00e4, jonka Aava oli unohtanut<br>Kirjeit\u00e4 oli kymmeni\u00e4.<\/p>\n\n\n\n<p class=\"wp-block-paragraph\">Marie oli ilmeisesti kirjoittanut niit\u00e4 vuosia.<\/p>\n\n\n\n<p class=\"wp-block-paragraph\">Jotkut sis\u00e4lsiv\u00e4t k\u00e4yt\u00e4nn\u00f6n tietoa.<\/p>\n\n\n\n<p class=\"wp-block-paragraph\">Toiset olivat muistoja.<\/p>\n\n\n\n<p class=\"wp-block-paragraph\">Muovitaskun sis\u00e4ll\u00e4 oli asiakirjoja, jotka selittiv\u00e4t s\u00e4\u00e4st\u00f6obligaatioita. Marie oli saanut korvausta tultuaan perusteettomasti irtisanotuksi ty\u00f6st\u00e4 sukupuoleen perustuvan syrjinn\u00e4n vuoksi.<\/p>\n\n\n\n<p class=\"wp-block-paragraph\">Sen sijaan, ett\u00e4 h\u00e4n olisi k\u00e4ytt\u00e4nyt kaikki korvausrahat, h\u00e4n oli sijoittanut osan niist\u00e4 s\u00e4\u00e4st\u00f6\u00f6n Avalle.<\/p>\n\n\n\n<p class=\"wp-block-paragraph\">H\u00e4n kirjoitti, ett\u00e4 se oli tarkoitettu vain h\u00e4nen tytt\u00e4rens\u00e4 tulevaisuutta varten.<\/p>\n\n\n\n<p class=\"wp-block-paragraph\">Yliopisto.<\/p>\n\n\n\n<p class=\"wp-block-paragraph\">Ammatillinen koulutus.<\/p>\n\n\n\n<p class=\"wp-block-paragraph\">Asunto.<\/p>\n\n\n\n<p class=\"wp-block-paragraph\">Pienyritys.<\/p>\n\n\n\n<p class=\"wp-block-paragraph\">Olipa Ava mink\u00e4 tahansa el\u00e4m\u00e4n sitten valinnutkaan.<\/p>\n\n\n\n<p class=\"wp-block-paragraph\">Marie halusi tytt\u00e4relleen jotain, mik\u00e4 ei voisi kadota Walterin velkojen takia.<\/p>\n\n\n\n<p class=\"wp-block-paragraph\">Kuten luemme, Avan ensimm\u00e4isten vuosien tarina palasi hitaasti h\u00e4nen mieleens\u00e4.<\/p>\n\n\n\n<p class=\"wp-block-paragraph\">Ei hallituksen tiedostojen kautta.<\/p>\n\n\n\n<p class=\"wp-block-paragraph\">Ei raporttien kautta.<\/p>\n\n\n\n<p class=\"wp-block-paragraph\">\u00c4itins\u00e4 \u00e4\u00e4nen kautta.<\/p>\n\n\n\n<p class=\"wp-block-paragraph\">Marie kirjoitti Avan ensimm\u00e4isest\u00e4 p\u00e4iv\u00e4st\u00e4 esikoulussa.<\/p>\n\n\n\n<p class=\"wp-block-paragraph\">Kes\u00e4st\u00e4 Avasta tuli pakkomielteinen kirkkaanpunaisten saappaiden k\u00e4ytt\u00e4minen, jopa kuumalla ja kuivalla s\u00e4\u00e4ll\u00e4.<\/p>\n\n\n\n<p class=\"wp-block-paragraph\">Er\u00e4\u00e4n\u00e4 iltana, kun he leiriytyiv\u00e4t takapihalla ja s\u00f6iv\u00e4t vaahtokarkkeja, jotka maistuivat Marien sanoin &#171;enimm\u00e4kseen savulta, jossa oli v\u00e4h\u00e4n sokeria&#187;.<\/p>\n\n\n\n<p class=\"wp-block-paragraph\">H\u00e4n kirjoitti Avasta, joka makasi t\u00e4htien alla ja keksi t\u00e4htikuvioita.<\/p>\n\n\n\n<p class=\"wp-block-paragraph\">Yksi oli ilmeisesti j\u00e4niksen muotoinen.<\/p>\n\n\n\n<p class=\"wp-block-paragraph\">Toinen oli lusikka.<\/p>\n\n\n\n<p class=\"wp-block-paragraph\">Ava kuunteli t\u00e4ysin keskittyneen\u00e4.<\/p>\n\n\n\n<p class=\"wp-block-paragraph\">Ajoittain h\u00e4nen kasvonsa muuttuivat.<\/p>\n\n\n\n<p class=\"wp-block-paragraph\">Hieman tunnistusta.<\/p>\n\n\n\n<p class=\"wp-block-paragraph\">Hymy.<\/p>\n\n\n\n<p class=\"wp-block-paragraph\">Kerran hiljainen nauru.<\/p>\n\n\n\n<p class=\"wp-block-paragraph\">Sitten tuli toinen kirje.<\/p>\n\n\n\n<p class=\"wp-block-paragraph\">&#171;Kerroit minulle t\u00e4n\u00e4\u00e4n, ett\u00e4 suosikkiv\u00e4risi on violetti&#187;, Marie oli kirjoittanut, &#171;vaikka eilen se oli keltainen ja viime viikolla punainen.<\/p>\n\n\n\n<p class=\"wp-block-paragraph\">&#171;Toivon, ett\u00e4 muutat mielt\u00e4si jatkuvasti pienist\u00e4 asioista.<\/p>\n\n\n\n<p class=\"wp-block-paragraph\">&#171;Ihmisten pit\u00e4isi voida tulla uusiksi versioiksi itsest\u00e4\u00e4n.&#187;<\/p>\n\n\n\n<p class=\"wp-block-paragraph\">Toisessa kirjeess\u00e4 kuvailtiin sormimaalausta.<\/p>\n\n\n\n<p class=\"wp-block-paragraph\">Marie oli antanut Avalle siveltimi\u00e4, mutta Ava hylk\u00e4si ne muutamassa minuutissa ja peitti molemmat k\u00e4det maalilla.<\/p>\n\n\n\n<p class=\"wp-block-paragraph\">Sen sijaan, ett\u00e4 Marie olisi est\u00e4nyt h\u00e4nt\u00e4, h\u00e4n liittyi mukaan.<\/p>\n\n\n\n<p class=\"wp-block-paragraph\">&#171;Siveltimet ovat hy\u00f6dyllisi\u00e4&#187;, h\u00e4n kirjoitti, &#171;mutta joskus ne est\u00e4v\u00e4t omaper\u00e4isyyden.&#187;<\/p>\n\n\n\n<p class=\"wp-block-paragraph\">Daniel nauroi kyynelten l\u00e4pi.<\/p>\n\n\n\n<p class=\"wp-block-paragraph\">&#171;Kuulostaa silt\u00e4, \u200b\u200bett\u00e4 \u00e4itisi ymm\u00e4rsi sinua.&#187;<\/p>\n\n\n\n<p class=\"wp-block-paragraph\">Ava hymyili heikosti.<\/p>\n\n\n\n<p class=\"wp-block-paragraph\">Sitten l\u00f6ysin toisen rivin.<\/p>\n\n\n\n<p class=\"wp-block-paragraph\">Yksinkertainen.<\/p>\n\n\n\n<p class=\"wp-block-paragraph\">Yksinkertainen.<\/p>\n\n\n\n<p class=\"wp-block-paragraph\">&#171;Olemassaolosi tuo minulle niin paljon iloa.&#187;<\/p>\n\n\n\n<p class=\"wp-block-paragraph\">Minun oli pakko lopettaa.<\/p>\n\n\n\n<p class=\"wp-block-paragraph\">On lauseita, jotka n\u00e4ytt\u00e4v\u00e4t tavallisilta, kunnes ymm\u00e4rr\u00e4t, kenen tarvitsi kuulla ne.<\/p>\n\n\n\n<p class=\"wp-block-paragraph\">Ava oli viett\u00e4nyt vuosia muuttaessaan kodista toiseen.<\/p>\n\n\n\n<p class=\"wp-block-paragraph\">Vuosia sopeutuen uusiin rutiineihin.<\/p>\n\n\n\n<p class=\"wp-block-paragraph\">Vuosia tutustuen tiedostoihin, jotka kuvailivat h\u00e4nen vammaansa, tarpeitaan, k\u00e4ytt\u00e4ytymist\u00e4\u00e4n ja historiaansa.<\/p>\n\n\n\n<p class=\"wp-block-paragraph\">Jossain vaiheessa h\u00e4nest\u00e4 oli tullut lapsi, jonka m\u00e4\u00e4ritteliv\u00e4t h\u00e4nelle tapahtuneet asiat.<\/p>\n\n\n\n<p class=\"wp-block-paragraph\">Mutta ennen sit\u00e4 h\u00e4n oli vain ollut jonkun ilo.<\/p>\n\n\n\n<p class=\"wp-block-paragraph\">Marie oli varmistanut, ett\u00e4 totuus s\u00e4ilyi.<\/p>\n\n\n\n<p class=\"wp-block-paragraph\">My\u00f6hemmin samana aamuna soitimme Bethille.<\/p>\n\n\n\n<p class=\"wp-block-paragraph\">Aluksi h\u00e4n tuskin ymm\u00e4rsi, mit\u00e4 h\u00e4nelle kerroimme.<\/p>\n\n\n\n<p class=\"wp-block-paragraph\">Sitten h\u00e4n alkoi selata Avan tietoja.<\/p>\n\n\n\n<p class=\"wp-block-paragraph\">Muutamaa tuntia my\u00f6hemmin h\u00e4n soitti takaisin.<\/p>\n\n\n\n<p class=\"wp-block-paragraph\">&#171;Se on totta&#187;, h\u00e4n sanoi.<\/p>\n\n\n\n<p class=\"wp-block-paragraph\">Walterin koko nimi ja vanha kiinteist\u00f6n osoite t\u00e4sm\u00e4siv\u00e4t.<\/p>\n\n\n\n<p class=\"wp-block-paragraph\">Ava oli asunut talossamme Marien ja Walterin kanssa ollessaan pieni.<\/p>\n\n\n\n<p class=\"wp-block-paragraph\">Auto-onnettomuuden j\u00e4lkeen, jossa Marie kuoli ja Avan selk\u00e4ydinvamma aiheutti, Walterista tuli h\u00e4nen ensisijainen huoltajansa.<\/p>\n\n\n\n<p class=\"wp-block-paragraph\">Mutta suru oli ilmeisesti pahentanut ongelmia, joiden kanssa h\u00e4n oli jo kamppaillut.<\/p>\n\n\n\n<p class=\"wp-block-paragraph\">H\u00e4nen juomisensa lis\u00e4\u00e4ntyi.<\/p>\n\n\n\n<p class=\"wp-block-paragraph\">Niin my\u00f6s h\u00e4nen uhkapelins\u00e4.<\/p>\n\n\n\n<p class=\"wp-block-paragraph\">Velat kasaantuivat.<\/p>\n\n\n\n<p class=\"wp-block-paragraph\">Laskut j\u00e4iv\u00e4t maksamatta.<\/p>\n\n\n\n<p class=\"wp-block-paragraph\">Talo ajautui ulosmittaukseen.<\/p>\n\n\n\n<p class=\"wp-block-paragraph\">Sitten Walter sai vakavan aivohalvauksen.<\/p>\n\n\n\n<p class=\"wp-block-paragraph\">Ava siirtyi valtion hoitoon.<\/p>\n\n\n\n<p class=\"wp-block-paragraph\">Walter kuoli pian sen j\u00e4lkeen.<\/p>\n\n\n\n<p class=\"wp-block-paragraph\">H\u00e4nen omaisuutensa sotkeutui velkoihin ja oikeustoimiin. Lopulta l\u00e4hes kaikki myytiin.<\/p>\n\n\n\n<p class=\"wp-block-paragraph\">Kolme vuotta my\u00f6hemmin Daniel ja min\u00e4 ostimme talon huutokaupasta tiet\u00e4m\u00e4tt\u00e4mme t\u00e4st\u00e4 mit\u00e4\u00e4n.<\/p>\n\n\n\n<p class=\"wp-block-paragraph\">Beth kuulosti h\u00e4mm\u00e4styneelt\u00e4.<\/p>\n\n\n\n<p class=\"wp-block-paragraph\">&#171;Tiesin, ett\u00e4 Walterilla oli ollut talo&#187;, h\u00e4n kertoi meille. \u201dMutta en koskaan yhdist\u00e4nyt vanhaa osoitetta sinun osoitteeseesi.\u201d<\/p>\n\n\n\n<p class=\"wp-block-paragraph\">Kukaan meist\u00e4 ei ollut.<\/p>\n\n\n\n<p class=\"wp-block-paragraph\">Miksi olisimmekaan?<\/p>\n\n\n\n<p class=\"wp-block-paragraph\">Adoptiorekisterit oli suunniteltu ihmisten j\u00e4ljitt\u00e4miseen.<\/p>\n\n\n\n<p class=\"wp-block-paragraph\">Kiinteist\u00f6rekisterit oli suunniteltu talojen j\u00e4ljitt\u00e4miseen.<\/p>\n\n\n\n<p class=\"wp-block-paragraph\">Jossain n\u00e4iden j\u00e4rjestelmien v\u00e4liss\u00e4 oli pienen tyt\u00f6n unohdettu el\u00e4m\u00e4.<\/p>\n\n\n\n<p class=\"wp-block-paragraph\">Seuraavat p\u00e4iv\u00e4t olivat hiljaisempia kuin odotin.<\/p>\n\n\n\n<p class=\"wp-block-paragraph\">Olin huolissani, ett\u00e4 kirjeiden l\u00f6yt\u00e4minen saattaisi h\u00e4mment\u00e4\u00e4 Avaa.<\/p>\n\n\n\n<p class=\"wp-block-paragraph\">Sen sijaan jokin h\u00e4nen sis\u00e4ll\u00e4\u00e4n alkoi rentoutua.<\/p>\n\n\n\n<p class=\"wp-block-paragraph\">Ei kaikki kerralla.<\/p>\n\n\n\n<p class=\"wp-block-paragraph\">H\u00e4n oli edelleen varovainen.<\/p>\n\n\n\n<p class=\"wp-block-paragraph\">Yh\u00e4 mietteli\u00e4s.<\/p>\n\n\n\n<p class=\"wp-block-paragraph\">Yh\u00e4 tytt\u00f6, joka tutki huonetta ennen kuin p\u00e4\u00e4tti, kuuluiko h\u00e4n siihen.<\/p>\n\n\n\n<p class=\"wp-block-paragraph\">Mutta n\u00e4kym\u00e4t\u00f6n j\u00e4nnite h\u00e4nen ymp\u00e4rill\u00e4\u00e4n l\u00f6ystyi hitaasti.<\/p>\n\n\n\n<p class=\"wp-block-paragraph\">Y\u00f6ll\u00e4 h\u00e4n joskus pyysi minua lukemaan toisen kirjeen.<\/p>\n\n\n\n<p class=\"wp-block-paragraph\">\u201dYhden lyhyen\u201d, h\u00e4n sanoi.<\/p>\n\n\n\n<p class=\"wp-block-paragraph\">Sitten kun olin lopettanut:<\/p>\n\n\n\n<p class=\"wp-block-paragraph\">\u201dEhk\u00e4 viel\u00e4 yhden.\u201d<\/p>\n\n\n\n<p class=\"wp-block-paragraph\">Joskus h\u00e4n valitsi hauskoja kirjeit\u00e4.<\/p>\n\n\n\n<p class=\"wp-block-paragraph\">Joskus h\u00e4n halusi vaikeita.<\/p>\n\n\n\n<p class=\"wp-block-paragraph\">Er\u00e4\u00e4n\u00e4 iltana luin sormimaalaustarinan uudelleen.<\/p>\n\n\n\n<p class=\"wp-block-paragraph\">Kun olin lopettanut, Ava tuijotti syliss\u00e4 lep\u00e4\u00e4v\u00e4\u00e4 pehmolelukaniinia.<\/p>\n\n\n\n<p class=\"wp-block-paragraph\">Sitten h\u00e4n sanoi:<\/p>\n\n\n\n<p class=\"wp-block-paragraph\">&#171;Kun olet eri kodeissa, unohdat asioita.&#187;<\/p>\n\n\n\n<p class=\"wp-block-paragraph\">Odotin.<\/p>\n\n\n\n<p class=\"wp-block-paragraph\">&#171;Et kaikkea&#187;, h\u00e4n jatkoi. &#171;Mutta pieni\u00e4 asioita.&#187;<\/p>\n\n\n\n<p class=\"wp-block-paragraph\">H\u00e4n hieroi kaniinin kulunutta korvaa.<\/p>\n\n\n\n<p class=\"wp-block-paragraph\">&#171;Muistat, ett\u00e4 jotain tapahtui. Mutta unohdat, milt\u00e4 se tuntui ennen.&#187;<\/p>\n\n\n\n<p class=\"wp-block-paragraph\">&#171;Ennen mit\u00e4?&#187;<\/p>\n\n\n\n<p class=\"wp-block-paragraph\">&#171;Ennen kuin kaikki sattui.&#187;<\/p>\n\n\n\n<p class=\"wp-block-paragraph\">H\u00e4nen sanansa meniv\u00e4t suoraan l\u00e4vitseni.<\/p>\n\n\n\n<p class=\"wp-block-paragraph\">Istuin h\u00e4nen s\u00e4nkyns\u00e4 viereen.<\/p>\n\n\n\n<p class=\"wp-block-paragraph\">&#171;Sinun ei tarvitse pyyhki\u00e4 poisfe joka sinulla oli ennen meit\u00e4.\u201d<\/p>\n\n\n\n<p class=\"wp-block-paragraph\">Ava katsoi minua.<\/p>\n\n\n\n<p class=\"wp-block-paragraph\">\u201d\u00c4itisi on osa sinua\u201d, sanoin. \u201dMuistosi ovat osa sinua. H\u00e4nen rakastamisensa ei vie meilt\u00e4 mit\u00e4\u00e4n pois.\u201d<\/p>\n\n\n\n<p class=\"wp-block-paragraph\">H\u00e4n pysyi hiljaa.<\/p>\n\n\n\n<p class=\"wp-block-paragraph\">\u201dEmmek\u00e4 me ole t\u00e4\u00e4ll\u00e4 korvaamassa h\u00e4nt\u00e4.\u201d<\/p>\n\n\n\n<p class=\"wp-block-paragraph\">H\u00e4nen silm\u00e4ns\u00e4 t\u00e4yttyiv\u00e4t kyynelist\u00e4.<\/p>\n\n\n\n<p class=\"wp-block-paragraph\">\u201dMekin olemme t\u00e4\u00e4ll\u00e4 rakastaaksemme sinua.\u201d<\/p>\n\n\n\n<p class=\"wp-block-paragraph\">Ava ny\u00f6kk\u00e4si.<\/p>\n\n\n\n<p class=\"wp-block-paragraph\">Se oli pieni.<\/p>\n\n\n\n<p class=\"wp-block-paragraph\">Mutta sin\u00e4 iltana, ennen kuin l\u00e4hdin h\u00e4nen huoneestaan, h\u00e4n ojensi k\u00e4tens\u00e4 ja otti hetken k\u00e4dest\u00e4ni kiinni.<\/p>\n\n\n\n<p class=\"wp-block-paragraph\">Lapselle, joka oli oppinut olemaan pit\u00e4m\u00e4tt\u00e4 kenest\u00e4k\u00e4\u00e4n liian tiukasti, se tuntui valtavalta.<\/p>\n\n\n\n<p class=\"wp-block-paragraph\">Osa 4 \u2013 Mit\u00e4 Marie oli s\u00e4\u00e4st\u00e4nyt itselleen<br>Viikkoa laatikon l\u00f6yt\u00e4misen j\u00e4lkeen Daniel tapasi Bethin suositteleman asianajajan ja vei taloudelliset asiakirjat pankkiin.<\/p>\n\n\n\n<p class=\"wp-block-paragraph\">S\u00e4\u00e4st\u00f6obligaatiot olivat aitoja.<\/p>\n\n\n\n<p class=\"wp-block-paragraph\">Marie oli s\u00e4\u00e4st\u00e4nyt ne oikein, ja koska ne oli suojattu, ne kuuluivat edelleen Avalle.<\/p>\n\n\n\n<p class=\"wp-block-paragraph\">Se ei ollut tarpeeksi rahaa tehd\u00e4kseen h\u00e4nest\u00e4 rikkaan.<\/p>\n\n\n\n<p class=\"wp-block-paragraph\">Mutta se ei ollut koskaan ollut Marien tavoite.<\/p>\n\n\n\n<p class=\"wp-block-paragraph\">Se oli tarpeeksi, jotta sill\u00e4 olisi merkityst\u00e4.<\/p>\n\n\n\n<p class=\"wp-block-paragraph\">Riitt\u00e4v\u00e4n, huolellisesti hoidettuna, auttamaan korkeakoulu- tai ammatillisessa koulutuksessa.<\/p>\n\n\n\n<p class=\"wp-block-paragraph\">Riitt\u00e4v\u00e4n auttamaan esteett\u00f6m\u00e4n asumisen kanssa, kun Avasta tuli aikuinen.<\/p>\n\n\n\n<p class=\"wp-block-paragraph\">Riitt\u00e4v\u00e4n antamaan h\u00e4nelle vaihtoehtoja.<\/p>\n\n\n\n<p class=\"wp-block-paragraph\">Kun Daniel selitti kaiken h\u00e4nelle, Ava tuijotti h\u00e4nt\u00e4 pitk\u00e4\u00e4n.<\/p>\n\n\n\n<p class=\"wp-block-paragraph\">&#171;H\u00e4n s\u00e4\u00e4sti kaiken tuon minulle?&#187;<\/p>\n\n\n\n<p class=\"wp-block-paragraph\">&#171;H\u00e4n teki niin.&#187;<\/p>\n\n\n\n<p class=\"wp-block-paragraph\">&#171;Jo silloin, kun olin pieni?&#187;<\/p>\n\n\n\n<p class=\"wp-block-paragraph\">&#171;Varsinkin kun sin\u00e4 olit pieni.&#187;<\/p>\n\n\n\n<p class=\"wp-block-paragraph\">Ava laski katseensa.<\/p>\n\n\n\n<p class=\"wp-block-paragraph\">Sitten h\u00e4n kuiskasi jotain niin yksinkertaista, ett\u00e4 se melkein s\u00e4rki syd\u00e4meni.<\/p>\n\n\n\n<p class=\"wp-block-paragraph\">&#171;H\u00e4n rakasti minua.&#187;<\/p>\n\n\n\n<p class=\"wp-block-paragraph\">Daniel istuutui heti lattialle h\u00e4nen tuolinsa viereen.<\/p>\n\n\n\n<p class=\"wp-block-paragraph\">&#171;Kyll\u00e4&#187;, h\u00e4n sanoi. &#171;H\u00e4n ehdottomasti halusi.&#187;<\/p>\n\n\n\n<p class=\"wp-block-paragraph\">H\u00e4n odotti ennen kuin lis\u00e4si:<\/p>\n\n\n\n<p class=\"wp-block-paragraph\">&#171;Ja mekin haluamme.&#187;<\/p>\n\n\n\n<p class=\"wp-block-paragraph\">Ava katsoi h\u00e4nt\u00e4.<\/p>\n\n\n\n<p class=\"wp-block-paragraph\">Siihen asti kiintymys oli enimm\u00e4kseen syntynyt siit\u00e4, ett\u00e4 me aloitimme sen.<\/p>\n\n\n\n<p class=\"wp-block-paragraph\">K\u00e4si h\u00e4nen olkap\u00e4\u00e4ll\u00e4\u00e4n.<\/p>\n\n\n\n<p class=\"wp-block-paragraph\">Hyv\u00e4n y\u00f6n halaus, johon aina pyysimme lupaa.<\/p>\n\n\n\n<p class=\"wp-block-paragraph\">Hell\u00e4varainen puristus h\u00e4nen k\u00e4dest\u00e4\u00e4n.<\/p>\n\n\n\n<p class=\"wp-block-paragraph\">Mutta t\u00e4ll\u00e4 kertaa Ava nojasi Danielia kohti ja kietoi k\u00e4tens\u00e4 h\u00e4nen kaulansa ymp\u00e4rille.<\/p>\n\n\n\n<p class=\"wp-block-paragraph\">H\u00e4n j\u00e4hmettyi.<\/p>\n\n\n\n<p class=\"wp-block-paragraph\">Sitten h\u00e4n halasi h\u00e4nt\u00e4 varovasti.<\/p>\n\n\n\n<p class=\"wp-block-paragraph\">J\u00e4lkeenp\u00e4in h\u00e4n meni keitti\u00f6\u00f6n veden hakemisen tekosyyll\u00e4 ja itki j\u00e4\u00e4kaapin vieress\u00e4.<\/p>\n\n\n\n<p class=\"wp-block-paragraph\">Teeskelin, etten huomannut.<\/p>\n\n\n\n<p class=\"wp-block-paragraph\">Noin kuukausi my\u00f6hemmin kysyin Avalta, halusiko h\u00e4n tutustua talon muihin osiin.<\/p>\n\n\n\n<p class=\"wp-block-paragraph\">Ei uutena talona.<\/p>\n\n\n\n<p class=\"wp-block-paragraph\">Vanhana.<\/p>\n\n\n\n<p class=\"wp-block-paragraph\">H\u00e4n sanoi kyll\u00e4.<\/p>\n\n\n\n<p class=\"wp-block-paragraph\">Niinp\u00e4 er\u00e4\u00e4n\u00e4 lauantai-iltap\u00e4iv\u00e4n\u00e4 me kolme aloimme liikkua hitaasti huoneesta toiseen.<\/p>\n\n\n\n<p class=\"wp-block-paragraph\">Muistot palasivat arvaamattomasti.<\/p>\n\n\n\n<p class=\"wp-block-paragraph\">Keitti\u00f6ss\u00e4 Ava muisti Marien laulavan.<\/p>\n\n\n\n<p class=\"wp-block-paragraph\">&#171;Mit\u00e4 h\u00e4n lauloi?&#187;<\/p>\n\n\n\n<p class=\"wp-block-paragraph\">&#171;En tied\u00e4.&#187;<\/p>\n\n\n\n<p class=\"wp-block-paragraph\">&#171;Oliko h\u00e4n kiltti?&#187;<\/p>\n\n\n\n<p class=\"wp-block-paragraph\">Ava mietti asiaa.<\/p>\n\n\n\n<p class=\"wp-block-paragraph\">&#171;Ei.&#187;<\/p>\n\n\n\n<p class=\"wp-block-paragraph\">Daniel nauroi.<\/p>\n\n\n\n<p class=\"wp-block-paragraph\">Ava hymyili.<\/p>\n\n\n\n<p class=\"wp-block-paragraph\">&#171;Mutta h\u00e4n lauloi joka tapauksessa.&#187;<\/p>\n\n\n\n<p class=\"wp-block-paragraph\">Portaiden alla olevan kaapin l\u00e4hell\u00e4 h\u00e4n muisti piiloutuneensa sinne taskulampun kanssa.<\/p>\n\n\n\n<p class=\"wp-block-paragraph\">Takapihalla h\u00e4n muisti kurpitsat.<\/p>\n\n\n\n<p class=\"wp-block-paragraph\">&#171;Isois\u00e4 veisteli niit\u00e4&#187;, h\u00e4n sanoi.<\/p>\n\n\n\n<p class=\"wp-block-paragraph\">T\u00e4m\u00e4 oli yksi ensimm\u00e4isist\u00e4 hyvist\u00e4 muistoista, jotka h\u00e4n oli maininnut Walterista.<\/p>\n\n\n\n<p class=\"wp-block-paragraph\">&#171;H\u00e4n kertoi kummitustarinoita.&#187;<\/p>\n\n\n\n<p class=\"wp-block-paragraph\">&#171;Pelottavia?&#187; Daniel kysyi.<\/p>\n\n\n\n<p class=\"wp-block-paragraph\">Ava pudisti p\u00e4\u00e4t\u00e4\u00e4n.<\/p>\n\n\n\n<p class=\"wp-block-paragraph\">&#171;Enimm\u00e4kseen h\u00f6lm\u00f6j\u00e4. Yksi kummitus pelk\u00e4si verhoja.&#187;<\/p>\n\n\n\n<p class=\"wp-block-paragraph\">Me nauroimme.<\/p>\n\n\n\n<p class=\"wp-block-paragraph\">Tajusin silloin, ettei Ava tarvinnut meit\u00e4 tehd\u00e4kseen Walterista hirvi\u00f6t\u00e4 tai pyhimyst\u00e4.<\/p>\n\n\n\n<p class=\"wp-block-paragraph\">Ihmiset voivat rakastaa jotakuta, joka my\u00f6hemmin pett\u00e4\u00e4 heid\u00e4t.<\/p>\n\n\n\n<p class=\"wp-block-paragraph\">Varsinkin lapset kantavat monimutkaisia \u200b\u200bversioita aikuisista.<\/p>\n\n\n\n<p class=\"wp-block-paragraph\">Ennen kuin suru ja riippuvuus valtasivat Walterin, Ava muisti isois\u00e4n, joka veisti kurpitsoja.<\/p>\n\n\n\n<p class=\"wp-block-paragraph\">Molemmat asiat saattoivat olla totta.<\/p>\n\n\n\n<p class=\"wp-block-paragraph\">Olohuoneessa h\u00e4n muisti ukkosmyrskyj\u00e4.<\/p>\n\n\n\n<p class=\"wp-block-paragraph\">&#171;\u00c4itini peitti ikkunat huovilla.&#187;<\/p>\n\n\n\n<p class=\"wp-block-paragraph\">&#171;Miksi?&#187;<\/p>\n\n\n\n<p class=\"wp-block-paragraph\">&#171;Koska luulin, ett\u00e4 salama n\u00e4ki minut.&#187;<\/p>\n\n\n\n<p class=\"wp-block-paragraph\">Hymyilin.<\/p>\n\n\n\n<p class=\"wp-block-paragraph\">&#171;Toimiko se?&#187;<\/p>\n\n\n\n<p class=\"wp-block-paragraph\">&#171;Ilmeisesti.&#187;<\/p>\n\n\n\n<p class=\"wp-block-paragraph\">&#171;Ilmeisesti.&#187;<\/p>\n\n\n\n<p class=\"wp-block-paragraph\">Lopulta palasimme kellariin.<\/p>\n\n\n\n<p class=\"wp-block-paragraph\">Korjattu sein\u00e4n osa n\u00e4ytti taas melkein normaalilta.<\/p>\n\n\n\n<p class=\"wp-block-paragraph\">Melkein.<\/p>\n\n\n\n<p class=\"wp-block-paragraph\">Ava kosketti yht\u00e4 tiilist\u00e4.<\/p>\n\n\n\n<p class=\"wp-block-paragraph\">&#171;Luulen, ett\u00e4 \u00e4iti toi minut t\u00e4nne kerran.&#187;<\/p>\n\n\n\n<p class=\"wp-block-paragraph\">&#171;N\u00e4ytt\u00e4\u00e4kseen sinulle laatikon?&#187;<\/p>\n\n\n\n<p class=\"wp-block-paragraph\">&#171;Ehk\u00e4.&#187;<\/p>\n\n\n\n<p class=\"wp-block-paragraph\">H\u00e4n sulki silm\u00e4ns\u00e4.<\/p>\n\n\n\n<p class=\"wp-block-paragraph\">&#171;H\u00e4n sanoi minulle: &#8216;Muista t\u00e4m\u00e4.'&#187;<\/p>\n\n\n\n<p class=\"wp-block-paragraph\">Se palanen oli s\u00e4ilynyt.<\/p>\n\n\n\n<p class=\"wp-block-paragraph\">Eiv\u00e4t h\u00e4nen \u00e4itins\u00e4 hautajaiset selv\u00e4sti.<\/p>\n\n\n\n<p class=\"wp-block-paragraph\">Ei onnettomuus.<\/p>\n\n\n\n<p class=\"wp-block-paragraph\">Ei laatikon syy.<\/p>\n\n\n\n<p class=\"wp-block-paragraph\">Vain sein\u00e4.<\/p>\n\n\n\n<p class=\"wp-block-paragraph\">Kellari.<\/p>\n\n\n\n<p class=\"wp-block-paragraph\">K\u00e4sky muistaa.<\/p>\n\n\n\n<p class=\"wp-block-paragraph\">Ja jotenkin, vuosia my\u00f6hemmin, se oli tuonut h\u00e4net takaisin.<\/p>\n\n\n\n<p class=\"wp-block-paragraph\">Kysyin kerran, muistiko h\u00e4n itse onnettomuuden.<\/p>\n\n\n\n<p class=\"wp-block-paragraph\">Ava pudisti p\u00e4\u00e4t\u00e4\u00e4n.<\/p>\n\n\n\n<p class=\"wp-block-paragraph\">&#171;Vasta j\u00e4lkeenp\u00e4in.&#187;<\/p>\n\n\n\n<p class=\"wp-block-paragraph\">&#171;Sairaalan?&#187;<\/p>\n\n\n\n<p class=\"wp-block-paragraph\">H\u00e4n ny\u00f6kk\u00e4si.<\/p>\n\n\n\n<p class=\"wp-block-paragraph\">&#171;Ihmiset puhuvat.&#187;<\/p>\n\n\n\n<p class=\"wp-block-paragraph\">H\u00e4n pys\u00e4htyi.<\/p>\n\n\n\n<p class=\"wp-block-paragraph\">&#171;Ja palasia \u00e4idin hautajaisista.&#187;<\/p>\n\n\n\n<p class=\"wp-block-paragraph\">En kysynyt uudelleen.<\/p>\n\n\n\n<p class=\"wp-block-paragraph\">Joitakin ovia ei tarvitse v\u00e4kisin avata vain siksi, ett\u00e4 ne ovat olemassa.<\/p>\n\n\n\n<p class=\"wp-block-paragraph\">Vuosia ennen Avan tapaamista olin ajatellut adoptiota hyvin yksinkertaisella tavalla.<\/p>\n\n\n\n<p class=\"wp-block-paragraph\">Lapsi tarvitsi perheen.<\/p>\n\n\n\n<p class=\"wp-block-paragraph\">Me halusimme lapsen.<\/p>\n\n\n\n<p class=\"wp-block-paragraph\">Me avaisimme kotimme.<\/p>\n\n\n\n<p class=\"wp-block-paragraph\">Me rakastaisimme h\u00e4nt\u00e4.<\/p>\n\n\n\n<p class=\"wp-block-paragraph\">Perheen.<\/p>\n\n\n\n<p class=\"wp-block-paragraph\">Olin kuvitellut sen melkein kuin uuden kirjan aloittamista.<\/p>\n\n\n\n<p class=\"wp-block-paragraph\">Ava opetti minulle, ett\u00e4 adoptio ei pyyhkinyt pois aiempia lukuja.<\/p>\n\n\n\n<p class=\"wp-block-paragraph\">H\u00e4n ei saapunut tyhjin k\u00e4sin.<\/p>\n\n\n\n<p class=\"wp-block-paragraph\">H\u00e4n toi historiaa.<\/p>\n\n\n\n<p class=\"wp-block-paragraph\">Surun.<\/p>\n\n\n\n<p class=\"wp-block-paragraph\">Rakkautta.<\/p>\n\n\n\n<p class=\"wp-block-paragraph\">Tapoja, joita emme ymm\u00e4rt\u00e4neet.<\/p>\n\n\n\n<p class=\"wp-block-paragraph\">\u00c4iti, jolle h\u00e4n aina jollain tavalla kuuluisi.<\/p>\n\n\n\n<p class=\"wp-block-paragraph\">Isois\u00e4, joka oli sek\u00e4 rakastanut ett\u00e4 pett\u00e4nyt h\u00e4net.<\/p>\n\n\n\n<p class=\"wp-block-paragraph\">T\u00e4ytetyn kani.<\/p>\n\n\n\n<p class=\"wp-block-paragraph\">Kellarin sein\u00e4.<\/p>\n\n\n\n<p class=\"wp-block-paragraph\">Kourallinen muistoja, joita h\u00e4n ei pystynyt j\u00e4rjest\u00e4m\u00e4\u00e4n kokonaiseksi tarinaksi.<\/p>\n\n\n\n<p class=\"wp-block-paragraph\">Teht\u00e4v\u00e4mme ei ollut koskaan pyyhki\u00e4 pois noita lukuja ja kirjoittaa itse\u00e4mme niiden p\u00e4\u00e4lle.<\/p>\n\n\n\n<p class=\"wp-block-paragraph\">Teht\u00e4v\u00e4mme oli antaa niille turvallinen paikka olla olemassa.<\/p>\n\n\n\n<p class=\"wp-block-paragraph\">Menneisyyden ei tarvinnut kadota, jotta Avasta tulisi tytt\u00e4remme.<\/p>\n\n\n\n<p class=\"wp-block-paragraph\">Sille vain tarvittiin paikka perheess\u00e4, jota rakensimme yhdess\u00e4.<\/p>\n\n\n\n<p class=\"wp-block-paragraph\">Osa 5 \u2013 Kuva kellarin lattialla<br>Jouluun menness\u00e4 hiljainen tytt\u00f6, joka oli kiitt\u00e4nyt meit\u00e4 jokaisesta vesilasillisesta, oli kehitt\u00e4nyt mielipiteit\u00e4 l\u00e4hes kaikesta.<\/p>\n\n\n\n<p class=\"wp-block-paragraph\">H\u00e4nell\u00e4 oli lempimuki.<\/p>\n\n\n\n<p class=\"wp-block-paragraph\">Kenenk\u00e4\u00e4n muun ei pit\u00e4nyt k\u00e4ytt\u00e4\u00e4 sit\u00e4.<\/p>\n\n\n\n<p class=\"wp-block-paragraph\">Oli yksi peitto, jonka h\u00e4n v\u00e4itti kuuluvan olohuoneen sohvalle eik\u00e4 minnek\u00e4\u00e4n muualle.<\/p>\n\n\n\n<p class=\"wp-block-paragraph\">H\u00e4n valitti s\u00e4\u00e4nn\u00f6llisesti, ett\u00e4 Daniel oli unohtanut laittaa muroja takaisin h\u00e4nen tilalleen.<\/p>\n\n\n\n<p class=\"wp-block-paragraph\">&#171;Muistin eilen.&#187;<\/p>\n\n\n\n<p class=\"wp-block-paragraph\">&#171;Muistit sen j\u00e4lkeen, kun muistutin sinua.&#187;<\/p>\n\n\n\n<p class=\"wp-block-paragraph\">&#171;Se lasketaan silti muistamiseksi.&#187;<\/p>\n\n\n\n<p class=\"wp-block-paragraph\">&#171;Ei, ei lasketa.&#187;<\/p>\n\n\n\n<p class=\"wp-block-paragraph\">H\u00e4n oli my\u00f6s alkanut piirt\u00e4\u00e4 uudelleen.<\/p>\n\n\n\n<p class=\"wp-block-paragraph\">Aluksi h\u00e4n piirsi enimm\u00e4kseen huoneita.<\/p>\n\n\n\n<p class=\"wp-block-paragraph\">Ikkunoita.<\/p>\n\n\n\n<p class=\"wp-block-paragraph\">K\u00e4yt\u00e4vi\u00e4.<\/p>\n\n\n\n<p class=\"wp-block-paragraph\">Oviaukoja.<\/p>\n\n\n\n<p class=\"wp-block-paragraph\">Joskus seini\u00e4, joiden takana oli valoa.<\/p>\n\n\n\n<p class=\"wp-block-paragraph\">Sitten er\u00e4\u00e4n\u00e4 iltap\u00e4iv\u00e4n\u00e4 l\u00f6ysin h\u00e4net keitti\u00f6n p\u00f6yd\u00e4n \u00e4\u00e4rest\u00e4 ty\u00f6skentelem\u00e4ss\u00e4 kuvan parissa kellarista.<\/p>\n\n\n\n<p class=\"wp-block-paragraph\">Odotin, ett\u00e4 piirustuksessa n\u00e4kyisi piilolokero.<\/p>\n\n\n\n<p class=\"wp-block-paragraph\">Ei n\u00e4kynyt.<\/p>\n\n\n\n<p class=\"wp-block-paragraph\">Sen sijaan h\u00e4n oli piirt\u00e4nyt hetken sen j\u00e4lkeen, kun olimme avanneet laatikon.<\/p>\n\n\n\n<p class=\"wp-block-paragraph\">Daniel seisoi sivussa.<\/p>\n\n\n\n<p class=\"wp-block-paragraph\">Seisoin toisella puolella.<\/p>\n\n\n\n<p class=\"wp-block-paragraph\">Ava istui keskell\u00e4 ja piteli kaniinia.<\/p>\n\n\n\n<p class=\"wp-block-paragraph\">Daniel oli noin kahden ja puolen metrin pituinen.<\/p>\n\n\n\n<p class=\"wp-block-paragraph\">Hiukseni n\u00e4yttiv\u00e4t silt\u00e4 kuin ne olisivat saaneet s\u00e4hk\u00f6iskun.<\/p>\n\n\n\n<p class=\"wp-block-paragraph\">Ava oli piirt\u00e4nyt itsens\u00e4 pitelem\u00e4ss\u00e4 kaniinia rintaansa vasten kuin kuningatar poseeraamassa kuninkaalliseen muotokuvaan.<\/p>\n\n\n\n<p class=\"wp-block-paragraph\">Sivun yl\u00e4reunaan h\u00e4n oli kirjoittanut huolellisin painokirjaimin:<\/p>\n\n\n\n<p class=\"wp-block-paragraph\">PERHEENI<\/p>\n\n\n\n<p class=\"wp-block-paragraph\">Seisoin h\u00e4nen takanaan useita sekunteja ennen kuin puhuin.<\/p>\n\n\n\n<p class=\"wp-block-paragraph\">&#171;Olemmeko me?&#187;<\/p>\n\n\n\n<p class=\"wp-block-paragraph\">Ava katsoi yl\u00f6s.<\/p>\n\n\n\n<p class=\"wp-block-paragraph\">&#171;Ehk\u00e4.&#187;<\/p>\n\n\n\n<p class=\"wp-block-paragraph\">&#171;Daniel n\u00e4ytt\u00e4\u00e4 hyvin pitk\u00e4lt\u00e4.&#187;<\/p>\n\n\n\n<p class=\"wp-block-paragraph\">&#171;H\u00e4n luulee olevansa pitk\u00e4.&#187;<\/p>\n\n\n\n<p class=\"wp-block-paragraph\">Keitti\u00f6n toiselta puolelta Daniel huusi: &#171;Olen pitk\u00e4.&#187;<\/p>\n\n\n\n<p class=\"wp-block-paragraph\">Ava j\u00e4tti h\u00e4net huomiotta.<\/p>\n\n\n\n<p class=\"wp-block-paragraph\">&#171;Voinko pit\u00e4\u00e4 sen?&#187; kysyin.<\/p>\n\n\n\n<p class=\"wp-block-paragraph\">H\u00e4n katsoi heti takaisin paperiin ik\u00e4\u00e4n kuin kysymys olisi ollut t\u00e4ysin merkitykset\u00f6n.<\/p>\n\n\n\n<p class=\"wp-block-paragraph\">&#171;Totta kai.&#187;<\/p>\n\n\n\n<p class=\"wp-block-paragraph\">Se kuva on edelleen yksi suosikkiasioistani.<\/p>\n\n\n\n<p class=\"wp-block-paragraph\">Muutamaa kuukautta my\u00f6hemmin Ava ja min\u00e4 makasimme h\u00e4nen s\u00e4ngyll\u00e4\u00e4n lukemassa toista Marien kirjett\u00e4.<\/p>\n\n\n\n<p class=\"wp-block-paragraph\">T\u00e4m\u00e4 kertoi Avan toisesta syntym\u00e4p\u00e4iv\u00e4st\u00e4.<\/p>\n\n\n\n<p class=\"wp-block-paragraph\">Ilmeisesti kaksivuotias Ava oli p\u00e4\u00e4tt\u00e4nyt, ett\u00e4 aamiaiseksi tarjoiltaisiin syntym\u00e4p\u00e4iv\u00e4kakku.<\/p>\n\n\n\n<p class=\"wp-block-paragraph\">Marie oli kielt\u00e4ytynyt.<\/p>\n\n\n\n<p class=\"wp-block-paragraph\">Ava v\u00e4itti, ett\u00e4 koska kyseess\u00e4 oli h\u00e4nen syntym\u00e4p\u00e4iv\u00e4ns\u00e4, tavalliset aamiaiss\u00e4\u00e4nn\u00f6t eiv\u00e4t p\u00e4teneet.<\/p>\n\n\n\n<p class=\"wp-block-paragraph\">Marie lopulta antautui.<\/p>\n\n\n\n<p class=\"wp-block-paragraph\">&#171;Logiikkasi oli kamalaa&#187;, h\u00e4n oli kirjoittanut, &#171;mutta itseluottamuksesi oli vaikuttavaa.&#187;<\/p>\n\n\n\n<p class=\"wp-block-paragraph\">Ava nauroi.<\/p>\n\n\n\n<p class=\"wp-block-paragraph\">Sitten nauru hiipui pehme\u00e4mm\u00e4ksi hymyksi.<\/p>\n\n\n\n<p class=\"wp-block-paragraph\">H\u00e4n katsoi minua.<\/p>\n\n\n\n<p class=\"wp-block-paragraph\">&#171;Luulen, ett\u00e4 \u00e4itini olisi pit\u00e4nyt sinusta.&#187;<\/p>\n\n\n\n<p class=\"wp-block-paragraph\">H\u00e4n lakkasi hengitt\u00e4m\u00e4st\u00e4 hetkeksi.<\/p>\n\n\n\n<p class=\"wp-block-paragraph\">Kaikesta, mit\u00e4 h\u00e4n oli sanonut saapumisensa j\u00e4lkeen, mik\u00e4\u00e4n ei ollut valmistanut minua siihen.<\/p>\n\n\n\n<p class=\"wp-block-paragraph\">&#171;Niink\u00f6 sin\u00e4 luulet?&#187;<\/p>\n\n\n\n<p class=\"wp-block-paragraph\">Ava ny\u00f6kk\u00e4si asiallisesti.<\/p>\n\n\n\n<p class=\"wp-block-paragraph\">&#171;Niin h\u00e4n luulisi.&#187;<\/p>\n\n\n\n<p class=\"wp-block-paragraph\">&#171;Mist\u00e4 tied\u00e4t?&#187;<\/p>\n\n\n\n<p class=\"wp-block-paragraph\">&#171;Koska luit h\u00e4nen kirjeens\u00e4 minulle.&#187;<\/p>\n\n\n\n<p class=\"wp-block-paragraph\">On kohteliaisuuksia, joita ihmiset antavat sinulle, koska he ovat kohteliaita.<\/p>\n\n\n\n<p class=\"wp-block-paragraph\">On kohteliaisuuksia, joita annetaan, koska joku rakastaa sinua.<\/p>\n\n\n\n<p class=\"wp-block-paragraph\">Ja sitten on sanoja, jotka iskev\u00e4t niin syv\u00e4lle sis\u00e4\u00e4si, ett\u00e4 tied\u00e4t kantavasi niit\u00e4 mukanasi ikuisesti.<\/p>\n\n\n\n<p class=\"wp-block-paragraph\">Se oli yksi niist\u00e4 hetkist\u00e4.<\/p>\n\n\n\n<p class=\"wp-block-paragraph\">En ollut koskaan halunnut korvata Marieta.<\/p>\n\n\n\n<p class=\"wp-block-paragraph\">Mutta Avan kuuleminen sanovan, ett\u00e4 h\u00e4n uskoi \u00e4itins\u00e4 saattaneen luottaa minuun, tuntui kuin h\u00e4nelle olisi annettu jotain pyh\u00e4\u00e4.<\/p>\n\n\n\n<p class=\"wp-block-paragraph\">Osa 6 \u2013 Mit\u00e4 kellariin todella k\u00e4tkettiin<\/p>\n\n\n\n<p class=\"wp-block-paragraph\">On kulunut kaksi vuotta siit\u00e4 aamusta, kun l\u00f6ysimme Avan tuijottamasta kellarin sein\u00e4\u00e4.<\/p>\n\n\n\n<p class=\"wp-block-paragraph\">H\u00e4n on nyt yksitoista.<\/p>\n\n\n\n<p class=\"wp-block-paragraph\">H\u00e4n k\u00e4ytt\u00e4\u00e4 edelleen py\u00f6r\u00e4tuoliaan.<\/p>\n\n\n\n<p class=\"wp-block-paragraph\">H\u00e4nest\u00e4 on my\u00f6s tullut huomattavan vahva ja j\u00e4rkytt\u00e4v\u00e4n kilpailukykyinen lautapeleiss\u00e4.<\/p>\n\n\n\n<p class=\"wp-block-paragraph\">En en\u00e4\u00e4 pelaa Monopolia h\u00e4nen kanssaan, ellen ole emotionaalisesti valmis menett\u00e4m\u00e4\u00e4n sek\u00e4 omaisuuttani ett\u00e4 ihmisarvoani.<\/p>\n\n\n\n<p class=\"wp-block-paragraph\">Daniel yritt\u00e4\u00e4 edelleen oppia letitt\u00e4m\u00e4\u00e4n hiuksiaan.<\/p>\n\n\n\n<p class=\"wp-block-paragraph\">Tulokset ovat edelleen ristiriitaisia.<\/p>\n\n\n\n<p class=\"wp-block-paragraph\">H\u00e4n on my\u00f6s edelleen vakuuttunut siit\u00e4, ett\u00e4 pannukakkuja pit\u00e4isi heitell\u00e4 dramaattisesti ilmassa.<\/p>\n\n\n\n<p class=\"wp-block-paragraph\">T\u00e4m\u00e4 uskomus on aiheuttanut useita v\u00e4likohtauksia.<\/p>\n\n\n\n<p class=\"wp-block-paragraph\">T\u00e4ytetyn kani asuu Avan s\u00e4ngyll\u00e4.<\/p>\n\n\n\n<p class=\"wp-block-paragraph\">Emme koskaan korjanneet puuttuvaa silm\u00e4nappia.<\/p>\n\n\n\n<p class=\"wp-block-paragraph\">Ava sanoi, ett\u00e4 se oli selvinnyt liian paljon, jotta se olisi voitu &#171;kiinnitt\u00e4\u00e4 johonkin muuhun&#187;.<\/p>\n\n\n\n<p class=\"wp-block-paragraph\">Kirjaimet on nyt s\u00e4ilytetty tulenkest\u00e4v\u00e4ss\u00e4 laatikossa.<\/p>\n\n\n\n<p class=\"wp-block-paragraph\">Joskus Ava lukee ne itse.<\/p>\n\n\n\n<p class=\"wp-block-paragraph\">Joskus h\u00e4n pyyt\u00e4\u00e4 minua lukemaan ne.<\/p>\n\n\n\n<p class=\"wp-block-paragraph\">Joskus h\u00e4n ei halua niit\u00e4 ollenkaan.<\/p>\n\n\n\n<p class=\"wp-block-paragraph\">Ne ovat h\u00e4nen.<\/p>\n\n\n\n<p class=\"wp-block-paragraph\">Marien s\u00e4\u00e4st\u00e4m\u00e4\u00e4n rahaan on sijoitettu suojattu tili Avan tulevaisuutta varten.<\/p>\n\n\n\n<p class=\"wp-block-paragraph\">Ent\u00e4 kellarin sein\u00e4?<\/p>\n\n\n\n<p class=\"wp-block-paragraph\">Daniel korjasi sen.<\/p>\n\n\n\n<p class=\"wp-block-paragraph\">Enimm\u00e4kseen.<\/p>\n\n\n\n<p class=\"wp-block-paragraph\">Yksi tiili j\u00e4tettiin tarkoituksella irti.<\/p>\n\n\n\n<p class=\"wp-block-paragraph\">Ei siksi, ett\u00e4 olisimme suunnitelleet piilottavan mit\u00e4\u00e4n sinne.<\/p>\n\n\n\n<p class=\"wp-block-paragraph\">Ava tiet\u00e4\u00e4 jo, miss\u00e4 s\u00e4ilyt\u00e4mme t\u00e4rkeit\u00e4 asiakirjoja.<\/p>\n\n\n\n<p class=\"wp-block-paragraph\">Ja Daniel ei joka tapauksessa pysty pit\u00e4m\u00e4\u00e4n salaisuuksia.<\/p>\n\n\n\n<p class=\"wp-block-paragraph\">J\u00e4timme tiilen irti, koska joidenkin muistutusten ansaitsee pysy\u00e4 n\u00e4kyviss\u00e4.<\/p>\n\n\n\n<p class=\"wp-block-paragraph\">Joskus perheet hautaavat asioita, koska ne ovat tuskallisia.<\/p>\n\n\n\n<p class=\"wp-block-paragraph\">Joskus asioita haudataan, koska joku yritt\u00e4\u00e4 suojella rakastamaansa henkil\u00f6\u00e4.<\/p>\n\n\n\n<p class=\"wp-block-paragraph\">Ja joskus, vuosia my\u00f6hemmin, nuo piilotetut asiat on tarkoitettu l\u00f6ydett\u00e4viksi.<\/p>\n\n\n\n<p class=\"wp-block-paragraph\">Ava saapui kotiimme kantaen rikkin\u00e4ist\u00e4 muistonpalasta.<\/p>\n\n\n\n<p class=\"wp-block-paragraph\">H\u00e4n ei olisi osannut selitt\u00e4\u00e4, miksi kellari oli t\u00e4rke\u00e4.<\/p>\n\n\n\n<p class=\"wp-block-paragraph\">H\u00e4n ei muistanut kaikkea, mit\u00e4 Marie oli sanonut.<\/p>\n\n\n\n<p class=\"wp-block-paragraph\">H\u00e4n ei tiennyt, ett\u00e4 odottamassa oli kirjeit\u00e4.<\/p>\n\n\n\n<p class=\"wp-block-paragraph\">H\u00e4n ei tiennyt rahoista.<\/p>\n\n\n\n<p class=\"wp-block-paragraph\">H\u00e4n ei edes ymm\u00e4rt\u00e4nyt, miksi talo tuntui tutulta.<\/p>\n\n\n\n<p class=\"wp-block-paragraph\">Mutta jokin pieni osa h\u00e4nest\u00e4 muisti.<\/p>\n\n\n\n<p class=\"wp-block-paragraph\">Oven.<\/p>\n\n\n\n<p class=\"wp-block-paragraph\">Portaikko.<\/p>\n\n\n\n<p class=\"wp-block-paragraph\">Tiilisein\u00e4.<\/p>\n\n\n\n<p class=\"wp-block-paragraph\">\u00c4idin \u00e4\u00e4ni, joka sanoi h\u00e4nelle:<\/p>\n\n\n\n<p class=\"wp-block-paragraph\">Muista t\u00e4m\u00e4.<\/p>\n\n\n\n<p class=\"wp-block-paragraph\">Ja h\u00e4n muistaa.<\/p>\n\n\n\n<p class=\"wp-block-paragraph\">Vuosien ajan pidin tarinan erikoisinta osaa sattumana.<\/p>\n\n\n\n<p class=\"wp-block-paragraph\">Kaikista adoptiota odottavista perheist\u00e4 Ava sijoitettiin meille.<\/p>\n\n\n\n<p class=\"wp-block-paragraph\">Kaikista taloista, jotka Daniel ja min\u00e4 olisimme voineet ostaa, ostimme sen, jossa h\u00e4n oli aikoinaan asunut.<\/p>\n\n\n\n<p class=\"wp-block-paragraph\">Kaikista unohdetuista asioista, jotka j\u00e4iv\u00e4t j\u00e4ljelle Walterin kartanon tyhjennyksen j\u00e4lkeen, Marien laatikko s\u00e4ilyi koskemattomana sein\u00e4n sis\u00e4ll\u00e4.<\/p>\n\n\n\n<p class=\"wp-block-paragraph\">Mutta en usko, ett\u00e4 se on en\u00e4\u00e4 t\u00e4rkein osa.<\/p>\n\n\n\n<p class=\"wp-block-paragraph\">T\u00e4rkeint\u00e4 oli se, mit\u00e4 l\u00f6ysimme sis\u00e4lt\u00e4.<\/p>\n\n\n\n<p class=\"wp-block-paragraph\">Eiv\u00e4t velkakirjat.<\/p>\n\n\n\n<p class=\"wp-block-paragraph\">Eiv\u00e4t asiakirjat.<\/p>\n\n\n\n<p class=\"wp-block-paragraph\">Eiv\u00e4t edes valokuvat.<\/p>\n\n\n\n<p class=\"wp-block-paragraph\">Se oli todiste jostakin, mit\u00e4 Ava oli hitaasti alkanut ep\u00e4ill\u00e4.<\/p>\n\n\n\n<p class=\"wp-block-paragraph\">Ennen sairaalaa.<\/p>\n\n\n\n<p class=\"wp-block-paragraph\">Ennen sijaishuoltoa.<\/p>\n\n\n\n<p class=\"wp-block-paragraph\">Ennen vieraita makuuhuoneita ja sosiaality\u00f6ntekij\u00f6it\u00e4 ja uusia perheit\u00e4, jotka yrittiv\u00e4t parhaansa.<\/p>\n\n\n\n<p class=\"wp-block-paragraph\">Ennen kuin h\u00e4n oppi tarkkailemaan ihmisi\u00e4 huolellisesti, koska ihmiset joskus katosivat \u2013<\/p>\n\n\n\n<p class=\"wp-block-paragraph\">Avaa oli rakastettu syv\u00e4sti, t\u00e4ysin.<\/p>\n\n\n\n<p class=\"wp-block-paragraph\">Marie oli halunnut h\u00e4nt\u00e4.<\/p>\n\n\n\n<p class=\"wp-block-paragraph\">Marie oli ihaillut h\u00e4nt\u00e4.<\/p>\n\n\n\n<p class=\"wp-block-paragraph\">Marie oli huomannut h\u00e4nen saappaidensa v\u00e4rin.<\/p>\n\n\n\n<p class=\"wp-block-paragraph\">H\u00e4n oli muistanut Avan keksim\u00e4t t\u00e4hdet.<\/p>\n\n\n\n<p class=\"wp-block-paragraph\">H\u00e4n oli nauranut aamiaiseksi syntym\u00e4p\u00e4iv\u00e4kakulle.<\/p>\n\n\n\n<p class=\"wp-block-paragraph\">H\u00e4n oli s\u00e4\u00e4st\u00e4nyt tulevaisuutta varten, jonka h\u00e4n ep\u00e4toivoisesti toivoi tytt\u00e4rens\u00e4 saavan.<\/p>\n\n\n\n<p class=\"wp-block-paragraph\">H\u00e4n oli kirjoittanut muistiin tavallisia p\u00e4ivi\u00e4, koska h\u00e4n ymm\u00e4rsi jotain kaunista:<\/p>\n\n\n\n<p class=\"wp-block-paragraph\">Tavallisista p\u00e4ivist\u00e4 tulee kallisarvoisia, kun ne kuuluvat jollekulle, jota rakastat.<\/p>\n\n\n\n<p class=\"wp-block-paragraph\">Marie ei voinut j\u00e4\u00e4d\u00e4.<\/p>\n\n\n\n<p class=\"wp-block-paragraph\">Mutta h\u00e4n l\u00f6ysi keinon j\u00e4tt\u00e4\u00e4 tytt\u00e4relleen polun.<\/p>\n\n\n\n<p class=\"wp-block-paragraph\">Vuosia my\u00f6hemmin Ava seurasi sit\u00e4.<\/p>\n\n\n\n<p class=\"wp-block-paragraph\">Ja jotenkin, uskomatonta, tuo polku johti suoraan takaisin samaan taloon.<\/p>\n\n\n\n<p class=\"wp-block-paragraph\">Vain t\u00e4ll\u00e4 kertaa, kun h\u00e4n saavutti sen p\u00e4\u00e4n, h\u00e4n ei ollut yksin.<\/p>\n\n\n\n<p class=\"wp-block-paragraph\">Daniel ja min\u00e4 olimme siell\u00e4.<\/p>\n\n\n\n<p class=\"wp-block-paragraph\">Emme korvataksemme perhett\u00e4, jonka h\u00e4n oli menett\u00e4nyt.<\/p>\n\n\n\n<p class=\"wp-block-paragraph\">Emme pyyt\u00e4\u00e4ksemme h\u00e4nt\u00e4 unohtamaan.<\/p>\n\n\n\n<p class=\"wp-block-paragraph\">Vain seist\u00e4ksemme h\u00e4nen rinnallaan, kun h\u00e4n muisti.<\/p>\n\n\n\n<p class=\"wp-block-paragraph\">Ehk\u00e4 perhe todella tarkoittaa juuri sit\u00e4.<\/p>\n\n\n\n<p class=\"wp-block-paragraph\">Ei vaadita jonkun tarinan omistajuutta.<\/p>\n\n\n\n<p class=\"wp-block-paragraph\">Ei vaadita menneisyyden katoamista.<\/p>\n\n\n\n<p class=\"wp-block-paragraph\">Vaan auttaa heit\u00e4 kantamaan jokaisen luvun \u2013 vanhan ja uuden \u2013 ilman, ett\u00e4 heid\u00e4n tarvitsee kantaa sit\u00e4 yksin.<\/p>\n\n\n\n<p class=\"wp-block-paragraph\">Marie j\u00e4tti Avalle rahaa h\u00e4nen tulevaisuuttaan varten.<\/p>\n\n\n\n<p class=\"wp-block-paragraph\">H\u00e4n j\u00e4tti valokuvia menneisyydest\u00e4\u00e4n.<\/p>\n\n\n\n<p class=\"wp-block-paragraph\">H\u00e4n j\u00e4tti kirjeit\u00e4, jotka olivat t\u00e4ynn\u00e4 h\u00e4nen rakkauttaan.<\/p>\n\n\n\n<p class=\"wp-block-paragraph\">Mutta ennen kaikkea h\u00e4n j\u00e4tti tytt\u00e4relleen tien takaisin yhteen olennaiseen totuuteen:<\/p>\n\n\n\n<p class=\"wp-block-paragraph\">Sinua rakastettiin ennen.<\/p>\n\n\n\n<p class=\"wp-block-paragraph\">Sinua rakastetaan nyt.<\/p>\n\n\n\n<p class=\"wp-block-paragraph\">Eik\u00e4 sinun tarvitse kohdata sit\u00e4, mit\u00e4 seuraavaksi tapahtuu, yksin.<\/p>\n\n\n\n<p class=\"wp-block-paragraph\">Luulimme tuovamme Avan kotiin sin\u00e4 iltap\u00e4iv\u00e4n\u00e4.<\/p>\n\n\n\n<p class=\"wp-block-paragraph\">Emme tienneet, ett\u00e4 h\u00e4n oli jo ollut siell\u00e4.<\/p>\n\n\n\n<p class=\"wp-block-paragraph\">Meill\u00e4 oli vain onnea odottaa, kun h\u00e4n vihdoin l\u00f6ysi tiens\u00e4 takaisin.<\/p>\n\n\n\n<p class=\"wp-block-paragraph\">Huomautus: T\u00e4m\u00e4 tarina on tositapahtumiin perustuva fiktiivinen teos. Nimi\u00e4, hahmoja ja yksityiskohtia on muutettu. Kaikki samankaltaisuudet ovat sattumaa. Kirjoittaja ja kustantaja sanoutuvat irti tarkkuudesta, vastuusta ja tulkinnoista tai luotettavuudesta. Kaikki kuvat ovat vain havainnollistamistarkoituksessa.<\/p>\n\n\n\n<p class=\"wp-block-paragraph\"><\/p>\n","protected":false},"excerpt":{"rendered":"Osa 1 \u2013 Yksi huone, jonka h\u00e4n halusi n\u00e4hd\u00e4L\u00e4hes kolmen vuoden ajan mieheni Daniel ja min\u00e4 olimme yritt\u00e4neet adoptoida lasta. Siihen menness\u00e4, kun \n<a class=\"moretag\" href=\"https:\/\/filan.am\/?p=4065\"> [...]<\/a>","protected":false},"author":1,"featured_media":4066,"comment_status":"open","ping_status":"open","sticky":false,"template":"","format":"standard","meta":{"footnotes":""},"categories":[1],"tags":[],"class_list":["post-4065","post","type-post","status-publish","format-standard","has-post-thumbnail","hentry","category-news"],"yoast_head":"<!-- This site is optimized with the Yoast SEO plugin v28.4 - https:\/\/yoast.com\/product\/yoast-seo-wordpress\/ -->\n<title>Adoptoimme tyt\u00f6n py\u00f6r\u00e4tuolissa \u2013 mutta h\u00e4nen ensimm\u00e4iset sanansa kellaristamme j\u00e4ttiv\u00e4t meid\u00e4t j\u00e4\u00e4tyneiksi -<\/title>\n<meta name=\"robots\" content=\"index, follow, max-snippet:-1, max-image-preview:large, max-video-preview:-1\" \/>\n<link rel=\"canonical\" href=\"https:\/\/filan.am\/?p=4065\" \/>\n<meta property=\"og:locale\" content=\"ru_RU\" \/>\n<meta property=\"og:type\" content=\"article\" \/>\n<meta property=\"og:title\" content=\"Adoptoimme tyt\u00f6n py\u00f6r\u00e4tuolissa \u2013 mutta h\u00e4nen ensimm\u00e4iset sanansa kellaristamme j\u00e4ttiv\u00e4t meid\u00e4t j\u00e4\u00e4tyneiksi -\" \/>\n<meta property=\"og:description\" content=\"Osa 1 \u2013 Yksi huone, jonka h\u00e4n halusi n\u00e4hd\u00e4L\u00e4hes kolmen vuoden ajan mieheni Daniel ja min\u00e4 olimme yritt\u00e4neet adoptoida lasta. Siihen menness\u00e4, kun\" \/>\n<meta property=\"og:url\" content=\"https:\/\/filan.am\/?p=4065\" \/>\n<meta property=\"article:published_time\" content=\"2026-09-01T18:26:36+00:00\" \/>\n<meta property=\"article:modified_time\" content=\"2026-09-01T18:26:38+00:00\" \/>\n<meta property=\"og:image\" content=\"https:\/\/filan.am\/wp-content\/uploads\/2026\/09\/02222222222.png\" \/>\n\t<meta property=\"og:image:width\" content=\"502\" \/>\n\t<meta property=\"og:image:height\" content=\"637\" \/>\n\t<meta property=\"og:image:type\" content=\"image\/png\" \/>\n<meta name=\"author\" content=\"filanam\" \/>\n<meta name=\"twitter:card\" content=\"summary_large_image\" \/>\n<meta name=\"twitter:label1\" content=\"\u041d\u0430\u043f\u0438\u0441\u0430\u043d\u043e \u0430\u0432\u0442\u043e\u0440\u043e\u043c\" \/>\n\t<meta name=\"twitter:data1\" content=\"filanam\" \/>\n\t<meta name=\"twitter:label2\" content=\"\u041f\u0440\u0438\u043c\u0435\u0440\u043d\u043e\u0435 \u0432\u0440\u0435\u043c\u044f \u0434\u043b\u044f \u0447\u0442\u0435\u043d\u0438\u044f\" \/>\n\t<meta name=\"twitter:data2\" content=\"23 \u043c\u0438\u043d\u0443\u0442\u044b\" \/>\n<script type=\"application\/ld+json\" class=\"yoast-schema-graph\">{\"@context\":\"https:\\\/\\\/schema.org\",\"@graph\":[{\"@type\":\"Article\",\"@id\":\"https:\\\/\\\/filan.am\\\/?p=4065#article\",\"isPartOf\":{\"@id\":\"https:\\\/\\\/filan.am\\\/?p=4065\"},\"author\":{\"name\":\"filanam\",\"@id\":\"https:\\\/\\\/filan.am\\\/#\\\/schema\\\/person\\\/b51c4ec26a4fec8a4f9b3ae0356b8f23\"},\"headline\":\"Adoptoimme tyt\u00f6n py\u00f6r\u00e4tuolissa \u2013 mutta h\u00e4nen ensimm\u00e4iset sanansa kellaristamme j\u00e4ttiv\u00e4t meid\u00e4t j\u00e4\u00e4tyneiksi\",\"datePublished\":\"2026-09-01T18:26:36+00:00\",\"dateModified\":\"2026-09-01T18:26:38+00:00\",\"mainEntityOfPage\":{\"@id\":\"https:\\\/\\\/filan.am\\\/?p=4065\"},\"wordCount\":5060,\"commentCount\":0,\"image\":{\"@id\":\"https:\\\/\\\/filan.am\\\/?p=4065#primaryimage\"},\"thumbnailUrl\":\"https:\\\/\\\/filan.am\\\/wp-content\\\/uploads\\\/2026\\\/09\\\/02222222222.png\",\"articleSection\":[\"NEWS\"],\"inLanguage\":\"ru-RU\",\"potentialAction\":[{\"@type\":\"CommentAction\",\"name\":\"Comment\",\"target\":[\"https:\\\/\\\/filan.am\\\/?p=4065#respond\"]}]},{\"@type\":\"WebPage\",\"@id\":\"https:\\\/\\\/filan.am\\\/?p=4065\",\"url\":\"https:\\\/\\\/filan.am\\\/?p=4065\",\"name\":\"Adoptoimme tyt\u00f6n py\u00f6r\u00e4tuolissa \u2013 mutta h\u00e4nen ensimm\u00e4iset sanansa kellaristamme j\u00e4ttiv\u00e4t meid\u00e4t j\u00e4\u00e4tyneiksi -\",\"isPartOf\":{\"@id\":\"https:\\\/\\\/filan.am\\\/#website\"},\"primaryImageOfPage\":{\"@id\":\"https:\\\/\\\/filan.am\\\/?p=4065#primaryimage\"},\"image\":{\"@id\":\"https:\\\/\\\/filan.am\\\/?p=4065#primaryimage\"},\"thumbnailUrl\":\"https:\\\/\\\/filan.am\\\/wp-content\\\/uploads\\\/2026\\\/09\\\/02222222222.png\",\"datePublished\":\"2026-09-01T18:26:36+00:00\",\"dateModified\":\"2026-09-01T18:26:38+00:00\",\"author\":{\"@id\":\"https:\\\/\\\/filan.am\\\/#\\\/schema\\\/person\\\/b51c4ec26a4fec8a4f9b3ae0356b8f23\"},\"breadcrumb\":{\"@id\":\"https:\\\/\\\/filan.am\\\/?p=4065#breadcrumb\"},\"inLanguage\":\"ru-RU\",\"potentialAction\":[{\"@type\":\"ReadAction\",\"target\":[\"https:\\\/\\\/filan.am\\\/?p=4065\"]}]},{\"@type\":\"ImageObject\",\"inLanguage\":\"ru-RU\",\"@id\":\"https:\\\/\\\/filan.am\\\/?p=4065#primaryimage\",\"url\":\"https:\\\/\\\/filan.am\\\/wp-content\\\/uploads\\\/2026\\\/09\\\/02222222222.png\",\"contentUrl\":\"https:\\\/\\\/filan.am\\\/wp-content\\\/uploads\\\/2026\\\/09\\\/02222222222.png\",\"width\":502,\"height\":637},{\"@type\":\"BreadcrumbList\",\"@id\":\"https:\\\/\\\/filan.am\\\/?p=4065#breadcrumb\",\"itemListElement\":[{\"@type\":\"ListItem\",\"position\":1,\"name\":\"\u0413\u043b\u0430\u0432\u043d\u0430\u044f \u0441\u0442\u0440\u0430\u043d\u0438\u0446\u0430\",\"item\":\"https:\\\/\\\/filan.am\\\/\"},{\"@type\":\"ListItem\",\"position\":2,\"name\":\"Adoptoimme tyt\u00f6n py\u00f6r\u00e4tuolissa \u2013 mutta h\u00e4nen ensimm\u00e4iset sanansa kellaristamme j\u00e4ttiv\u00e4t meid\u00e4t j\u00e4\u00e4tyneiksi\"}]},{\"@type\":\"WebSite\",\"@id\":\"https:\\\/\\\/filan.am\\\/#website\",\"url\":\"https:\\\/\\\/filan.am\\\/\",\"name\":\"\",\"description\":\"\",\"potentialAction\":[{\"@type\":\"SearchAction\",\"target\":{\"@type\":\"EntryPoint\",\"urlTemplate\":\"https:\\\/\\\/filan.am\\\/?s={search_term_string}\"},\"query-input\":{\"@type\":\"PropertyValueSpecification\",\"valueRequired\":true,\"valueName\":\"search_term_string\"}}],\"inLanguage\":\"ru-RU\"},{\"@type\":\"Person\",\"@id\":\"https:\\\/\\\/filan.am\\\/#\\\/schema\\\/person\\\/b51c4ec26a4fec8a4f9b3ae0356b8f23\",\"name\":\"filanam\",\"image\":{\"@type\":\"ImageObject\",\"inLanguage\":\"ru-RU\",\"@id\":\"https:\\\/\\\/secure.gravatar.com\\\/avatar\\\/a24f4ac3a683f3c87303db525abc00db51ea26ccedee11dfaf1cc0f9a481a5d2?s=96&d=mm&r=g\",\"url\":\"https:\\\/\\\/secure.gravatar.com\\\/avatar\\\/a24f4ac3a683f3c87303db525abc00db51ea26ccedee11dfaf1cc0f9a481a5d2?s=96&d=mm&r=g\",\"contentUrl\":\"https:\\\/\\\/secure.gravatar.com\\\/avatar\\\/a24f4ac3a683f3c87303db525abc00db51ea26ccedee11dfaf1cc0f9a481a5d2?s=96&d=mm&r=g\",\"caption\":\"filanam\"},\"sameAs\":[\"http:\\\/\\\/filan.am\"],\"url\":\"https:\\\/\\\/filan.am\\\/?author=1\"}]}<\/script>\n<!-- \/ Yoast SEO plugin. -->","yoast_head_json":{"title":"Adoptoimme tyt\u00f6n py\u00f6r\u00e4tuolissa \u2013 mutta h\u00e4nen ensimm\u00e4iset sanansa kellaristamme j\u00e4ttiv\u00e4t meid\u00e4t j\u00e4\u00e4tyneiksi -","robots":{"index":"index","follow":"follow","max-snippet":"max-snippet:-1","max-image-preview":"max-image-preview:large","max-video-preview":"max-video-preview:-1"},"canonical":"https:\/\/filan.am\/?p=4065","og_locale":"ru_RU","og_type":"article","og_title":"Adoptoimme tyt\u00f6n py\u00f6r\u00e4tuolissa \u2013 mutta h\u00e4nen ensimm\u00e4iset sanansa kellaristamme j\u00e4ttiv\u00e4t meid\u00e4t j\u00e4\u00e4tyneiksi -","og_description":"Osa 1 \u2013 Yksi huone, jonka h\u00e4n halusi n\u00e4hd\u00e4L\u00e4hes kolmen vuoden ajan mieheni Daniel ja min\u00e4 olimme yritt\u00e4neet adoptoida lasta. Siihen menness\u00e4, kun","og_url":"https:\/\/filan.am\/?p=4065","article_published_time":"2026-09-01T18:26:36+00:00","article_modified_time":"2026-09-01T18:26:38+00:00","og_image":[{"width":502,"height":637,"url":"https:\/\/filan.am\/wp-content\/uploads\/2026\/09\/02222222222.png","type":"image\/png"}],"author":"filanam","twitter_card":"summary_large_image","twitter_misc":{"\u041d\u0430\u043f\u0438\u0441\u0430\u043d\u043e \u0430\u0432\u0442\u043e\u0440\u043e\u043c":"filanam","\u041f\u0440\u0438\u043c\u0435\u0440\u043d\u043e\u0435 \u0432\u0440\u0435\u043c\u044f \u0434\u043b\u044f \u0447\u0442\u0435\u043d\u0438\u044f":"23 \u043c\u0438\u043d\u0443\u0442\u044b"},"schema":{"@context":"https:\/\/schema.org","@graph":[{"@type":"Article","@id":"https:\/\/filan.am\/?p=4065#article","isPartOf":{"@id":"https:\/\/filan.am\/?p=4065"},"author":{"name":"filanam","@id":"https:\/\/filan.am\/#\/schema\/person\/b51c4ec26a4fec8a4f9b3ae0356b8f23"},"headline":"Adoptoimme tyt\u00f6n py\u00f6r\u00e4tuolissa \u2013 mutta h\u00e4nen ensimm\u00e4iset sanansa kellaristamme j\u00e4ttiv\u00e4t meid\u00e4t j\u00e4\u00e4tyneiksi","datePublished":"2026-09-01T18:26:36+00:00","dateModified":"2026-09-01T18:26:38+00:00","mainEntityOfPage":{"@id":"https:\/\/filan.am\/?p=4065"},"wordCount":5060,"commentCount":0,"image":{"@id":"https:\/\/filan.am\/?p=4065#primaryimage"},"thumbnailUrl":"https:\/\/filan.am\/wp-content\/uploads\/2026\/09\/02222222222.png","articleSection":["NEWS"],"inLanguage":"ru-RU","potentialAction":[{"@type":"CommentAction","name":"Comment","target":["https:\/\/filan.am\/?p=4065#respond"]}]},{"@type":"WebPage","@id":"https:\/\/filan.am\/?p=4065","url":"https:\/\/filan.am\/?p=4065","name":"Adoptoimme tyt\u00f6n py\u00f6r\u00e4tuolissa \u2013 mutta h\u00e4nen ensimm\u00e4iset sanansa kellaristamme j\u00e4ttiv\u00e4t meid\u00e4t j\u00e4\u00e4tyneiksi -","isPartOf":{"@id":"https:\/\/filan.am\/#website"},"primaryImageOfPage":{"@id":"https:\/\/filan.am\/?p=4065#primaryimage"},"image":{"@id":"https:\/\/filan.am\/?p=4065#primaryimage"},"thumbnailUrl":"https:\/\/filan.am\/wp-content\/uploads\/2026\/09\/02222222222.png","datePublished":"2026-09-01T18:26:36+00:00","dateModified":"2026-09-01T18:26:38+00:00","author":{"@id":"https:\/\/filan.am\/#\/schema\/person\/b51c4ec26a4fec8a4f9b3ae0356b8f23"},"breadcrumb":{"@id":"https:\/\/filan.am\/?p=4065#breadcrumb"},"inLanguage":"ru-RU","potentialAction":[{"@type":"ReadAction","target":["https:\/\/filan.am\/?p=4065"]}]},{"@type":"ImageObject","inLanguage":"ru-RU","@id":"https:\/\/filan.am\/?p=4065#primaryimage","url":"https:\/\/filan.am\/wp-content\/uploads\/2026\/09\/02222222222.png","contentUrl":"https:\/\/filan.am\/wp-content\/uploads\/2026\/09\/02222222222.png","width":502,"height":637},{"@type":"BreadcrumbList","@id":"https:\/\/filan.am\/?p=4065#breadcrumb","itemListElement":[{"@type":"ListItem","position":1,"name":"\u0413\u043b\u0430\u0432\u043d\u0430\u044f \u0441\u0442\u0440\u0430\u043d\u0438\u0446\u0430","item":"https:\/\/filan.am\/"},{"@type":"ListItem","position":2,"name":"Adoptoimme tyt\u00f6n py\u00f6r\u00e4tuolissa \u2013 mutta h\u00e4nen ensimm\u00e4iset sanansa kellaristamme j\u00e4ttiv\u00e4t meid\u00e4t j\u00e4\u00e4tyneiksi"}]},{"@type":"WebSite","@id":"https:\/\/filan.am\/#website","url":"https:\/\/filan.am\/","name":"","description":"","potentialAction":[{"@type":"SearchAction","target":{"@type":"EntryPoint","urlTemplate":"https:\/\/filan.am\/?s={search_term_string}"},"query-input":{"@type":"PropertyValueSpecification","valueRequired":true,"valueName":"search_term_string"}}],"inLanguage":"ru-RU"},{"@type":"Person","@id":"https:\/\/filan.am\/#\/schema\/person\/b51c4ec26a4fec8a4f9b3ae0356b8f23","name":"filanam","image":{"@type":"ImageObject","inLanguage":"ru-RU","@id":"https:\/\/secure.gravatar.com\/avatar\/a24f4ac3a683f3c87303db525abc00db51ea26ccedee11dfaf1cc0f9a481a5d2?s=96&d=mm&r=g","url":"https:\/\/secure.gravatar.com\/avatar\/a24f4ac3a683f3c87303db525abc00db51ea26ccedee11dfaf1cc0f9a481a5d2?s=96&d=mm&r=g","contentUrl":"https:\/\/secure.gravatar.com\/avatar\/a24f4ac3a683f3c87303db525abc00db51ea26ccedee11dfaf1cc0f9a481a5d2?s=96&d=mm&r=g","caption":"filanam"},"sameAs":["http:\/\/filan.am"],"url":"https:\/\/filan.am\/?author=1"}]}},"_links":{"self":[{"href":"https:\/\/filan.am\/index.php?rest_route=\/wp\/v2\/posts\/4065","targetHints":{"allow":["GET"]}}],"collection":[{"href":"https:\/\/filan.am\/index.php?rest_route=\/wp\/v2\/posts"}],"about":[{"href":"https:\/\/filan.am\/index.php?rest_route=\/wp\/v2\/types\/post"}],"author":[{"embeddable":true,"href":"https:\/\/filan.am\/index.php?rest_route=\/wp\/v2\/users\/1"}],"replies":[{"embeddable":true,"href":"https:\/\/filan.am\/index.php?rest_route=%2Fwp%2Fv2%2Fcomments&post=4065"}],"version-history":[{"count":1,"href":"https:\/\/filan.am\/index.php?rest_route=\/wp\/v2\/posts\/4065\/revisions"}],"predecessor-version":[{"id":4067,"href":"https:\/\/filan.am\/index.php?rest_route=\/wp\/v2\/posts\/4065\/revisions\/4067"}],"wp:featuredmedia":[{"embeddable":true,"href":"https:\/\/filan.am\/index.php?rest_route=\/wp\/v2\/media\/4066"}],"wp:attachment":[{"href":"https:\/\/filan.am\/index.php?rest_route=%2Fwp%2Fv2%2Fmedia&parent=4065"}],"wp:term":[{"taxonomy":"category","embeddable":true,"href":"https:\/\/filan.am\/index.php?rest_route=%2Fwp%2Fv2%2Fcategories&post=4065"},{"taxonomy":"post_tag","embeddable":true,"href":"https:\/\/filan.am\/index.php?rest_route=%2Fwp%2Fv2%2Ftags&post=4065"}],"curies":[{"name":"wp","href":"https:\/\/api.w.org\/{rel}","templated":true}]}}