{"id":4053,"date":"2026-09-01T18:36:10","date_gmt":"2026-09-01T15:36:10","guid":{"rendered":"https:\/\/filan.am\/?p=4053"},"modified":"2026-09-01T18:36:11","modified_gmt":"2026-09-01T15:36:11","slug":"50-vuoden-jalkeen-kolme-parasta-ystavaani-ja-mina-tapasimme-uudelleen-rannalla-vietimme-taydellisen-paivan-nauraen-ja-muistellen-nuoruuttamme-kunnes-yksi-heista-sanoi-minulla-on","status":"publish","type":"post","link":"https:\/\/filan.am\/?p=4053","title":{"rendered":"50 vuoden j\u00e4lkeen kolme parasta yst\u00e4v\u00e4\u00e4ni ja min\u00e4 tapasimme uudelleen rannalla \u2013 Vietimme t\u00e4ydellisen p\u00e4iv\u00e4n nauraen ja muistellen nuoruuttamme\u2026 Kunnes yksi heist\u00e4 sanoi: &#171;Minulla on sinulle asiaa.&#187; Sitten h\u00e4n paljasti todellisen syyn, miksi h\u00e4n toi meid\u00e4t sinne."},"content":{"rendered":"\n<p class=\"wp-block-paragraph\">50 vuotta my\u00f6hemmin tapasimme kolme parasta yst\u00e4v\u00e4\u00e4ni ja min\u00e4 taas rannalla \u2013 Vietimme t\u00e4ydellisen p\u00e4iv\u00e4n nauraen ja muistellen nuoruuttamme\u2026 Kunnes yksi heist\u00e4 sanoi: &#171;Minulla on sinulle jotain kerrottavaa.&#187; Sitten h\u00e4n paljasti todellisen syyn, miksi h\u00e4n toi meid\u00e4t sinne.<\/p>\n\n\n\n<figure class=\"wp-block-image size-full\"><img loading=\"lazy\" decoding=\"async\" width=\"800\" height=\"447\" src=\"https:\/\/filan.am\/wp-content\/uploads\/2026\/09\/02022.jpg\" alt=\"\" class=\"wp-image-4054\" srcset=\"https:\/\/filan.am\/wp-content\/uploads\/2026\/09\/02022.jpg 800w, https:\/\/filan.am\/wp-content\/uploads\/2026\/09\/02022-300x168.jpg 300w, https:\/\/filan.am\/wp-content\/uploads\/2026\/09\/02022-768x429.jpg 768w\" sizes=\"auto, (max-width: 800px) 100vw, 800px\" \/><\/figure>\n\n\n\n<p class=\"wp-block-paragraph\">Viidenkymmenen vuoden ajan olimme puhuneet kolmen parhaan yst\u00e4v\u00e4ni kanssa paluusta pienelle rannalle, jossa vietimme nuoruutemme onnellisimmat kes\u00e4t.<\/p>\n\n\n\n<p class=\"wp-block-paragraph\">Olimme silloin kahdeksantoista, pelottomia ja vakuuttuneita siit\u00e4, ett\u00e4 olisimme parhaita yst\u00e4vi\u00e4 ikuisesti.<\/p>\n\n\n\n<p class=\"wp-block-paragraph\">Mutta el\u00e4m\u00e4ll\u00e4 oli muita suunnitelmia.<\/p>\n\n\n\n<p class=\"wp-block-paragraph\">Menimme naimisiin, kasvatimme lapsia, loimme uria, muutimme eri kaupunkeihin ja annoimme vuosikymmenten hitaasti livahtaa v\u00e4liimme.<\/p>\n\n\n\n<p class=\"wp-block-paragraph\">Sitten er\u00e4\u00e4n\u00e4 aamuna sain tekstiviestin Clairelta.<\/p>\n\n\n\n<p class=\"wp-block-paragraph\">&#171;Tyt\u00f6t, on aika. Tavataan rannallamme. Kaikki nelj\u00e4. Ei tekosyit\u00e4.&#187;<\/p>\n\n\n\n<p class=\"wp-block-paragraph\">Kaksi viikkoa my\u00f6hemmin siin\u00e4 me olimme.<\/p>\n\n\n\n<p class=\"wp-block-paragraph\">Nelj\u00e4 naista l\u00e4hes seitsem\u00e4nkymppisen\u00e4 seisomassa paljain jaloin samalla hiekalla, jolla olimme kerran tanssineet keskiy\u00f6h\u00f6n asti ja luvanneet, ettemme koskaan menett\u00e4isi toisiamme.<\/p>\n\n\n\n<p class=\"wp-block-paragraph\">Yhten\u00e4 t\u00e4ydellisen\u00e4 p\u00e4iv\u00e4n\u00e4 olimme taas kahdeksantoista.<\/p>\n\n\n\n<p class=\"wp-block-paragraph\">Levitimme peittomme veden \u00e4\u00e4relle, jaoimme voileipi\u00e4 ja viini\u00e4 ja nauroimme niin kauan, ett\u00e4 vatsaa s\u00e4rki.<\/p>\n\n\n\n<p class=\"wp-block-paragraph\">Muistimme ensimm\u00e4iset poikayst\u00e4v\u00e4mme, kamalat kampauksemme, salaiset ihastuksemme ja sen kes\u00e4y\u00f6n, kun olimme hiipineet ulos talosta katsomaan auringonnousua yhdess\u00e4.<\/p>\n\n\n\n<p class=\"wp-block-paragraph\">Jossain vaiheessa Margaret otti esiin vanhan valokuvan.<\/p>\n\n\n\n<p class=\"wp-block-paragraph\">Siin\u00e4 me olimme \u2013 nelj\u00e4 teini-ik\u00e4ist\u00e4 tytt\u00f6\u00e4 seisomassa l\u00e4hes t\u00e4sm\u00e4lleen samassa paikassa halaten toisiaan.<\/p>\n\n\n\n<p class=\"wp-block-paragraph\">P\u00e4\u00e4timme luoda sen uudelleen.<\/p>\n\n\n\n<p class=\"wp-block-paragraph\">Muukalainen oli ottanut kuvan meist\u00e4 seisomassa yhdess\u00e4 nauramassa, aaltojen vy\u00f6ryess\u00e4 takanamme.<\/p>\n\n\n\n<p class=\"wp-block-paragraph\">Luulin, ett\u00e4 Claire oli j\u00e4rjest\u00e4nyt t\u00e4m\u00e4n tapaamisen siksi.<\/p>\n\n\n\n<p class=\"wp-block-paragraph\">Antaakseen meille toisen kauniin muiston.<\/p>\n\n\n\n<p class=\"wp-block-paragraph\">Mutta auringon laskiessa jokin muuttui.<\/p>\n\n\n\n<p class=\"wp-block-paragraph\">Clairesta tuli ep\u00e4tavallisen hiljainen.<\/p>\n\n\n\n<p class=\"wp-block-paragraph\">H\u00e4n katseli jatkuvasti merta, kun puhuimme.<\/p>\n\n\n\n<p class=\"wp-block-paragraph\">Lopulta h\u00e4n k\u00e4\u00e4ntyi puoleemme.<\/p>\n\n\n\n<p class=\"wp-block-paragraph\">H\u00e4nen k\u00e4tens\u00e4 t\u00e4risiv\u00e4t.<\/p>\n\n\n\n<p class=\"wp-block-paragraph\">&#171;Claire?&#187; kysyin. &#171;Oletko kunnossa?&#187;<\/p>\n\n\n\n<p class=\"wp-block-paragraph\">H\u00e4n katsoi meit\u00e4 jokaista huolellisesti.<\/p>\n\n\n\n<p class=\"wp-block-paragraph\">Sitten h\u00e4nen silmiins\u00e4 nousivat kyyneleet.<\/p>\n\n\n\n<p class=\"wp-block-paragraph\">\u201dMinun t\u00e4ytyy kertoa sinulle jotakin.\u201d<\/p>\n\n\n\n<p class=\"wp-block-paragraph\">Hymyilimme.<\/p>\n\n\n\n<p class=\"wp-block-paragraph\">\u201dEn tuonut sinua t\u00e4nne vain siksi, ett\u00e4 olisin kaivannut sinua.\u201d<\/p>\n\n\n\n<p class=\"wp-block-paragraph\">Vatsani puristui.<\/p>\n\n\n\n<p class=\"wp-block-paragraph\">Margaret otti h\u00e4nen k\u00e4tens\u00e4.<\/p>\n\n\n\n<p class=\"wp-block-paragraph\">\u201dMist\u00e4 sin\u00e4 puhut?\u201d<\/p>\n\n\n\n<p class=\"wp-block-paragraph\">Claire veti vapisevan henk\u00e4yksen.<\/p>\n\n\n\n<p class=\"wp-block-paragraph\">\u201dMuistatko lupauksen, jonka teimme t\u00e4ll\u00e4 rannalla viisikymment\u00e4 vuotta sitten?\u201d<\/p>\n\n\n\n<p class=\"wp-block-paragraph\">Totta kai muistimme.<\/p>\n\n\n\n<p class=\"wp-block-paragraph\">Claire pyyhki kyyneleen poskeltaan.<\/p>\n\n\n\n<p class=\"wp-block-paragraph\">Sitten h\u00e4n kertoi meille todellisen syyn, miksi h\u00e4n oli niin kovasti vaatinut, ett\u00e4 me kaikki nelj\u00e4 palaamme sille rannalle viisikymment\u00e4 vuotta my\u00f6hemmin.<\/p>\n\n\n\n<p class=\"wp-block-paragraph\">Muutaman sekunnin ajan kumpikaan meist\u00e4 ei pystynyt puhumaan.<\/p>\n\n\n\n<p class=\"wp-block-paragraph\">Margaret alkoi itke\u00e4.<\/p>\n\n\n\n<p class=\"wp-block-paragraph\">Tuijotin vain Clairea, kykenem\u00e4tt\u00e4 uskomaan juuri kuulemaani.<\/p>\n\n\n\n<p class=\"wp-block-paragraph\">Ja yht\u00e4kki\u00e4 ymm\u00e4rsin, miksi t\u00e4m\u00e4 tapaaminen merkitsi h\u00e4nelle niin paljon\u2026 ja miksi h\u00e4n ei voinut odottaa en\u00e4\u00e4 vuotta.<\/p>\n\n\n\n<p class=\"wp-block-paragraph\">Viidenkymmenen vuoden ajan kolme parasta yst\u00e4v\u00e4\u00e4ni ja min\u00e4 olimme puhuneet paluusta pienelle rannalle, jossa olimme viett\u00e4neet nuoruutemme onnellisimmat kes\u00e4t.<\/p>\n\n\n\n<p class=\"wp-block-paragraph\">Claire, Margaret, Susan ja min\u00e4 olimme tavanneet kolmetoistavuotiaana. Kahdeksantoistavuotiaana olimme erottamattomat.<\/p>\n\n\n\n<p class=\"wp-block-paragraph\">Se ranta oli meid\u00e4n.<\/p>\n\n\n\n<p class=\"wp-block-paragraph\">Vietimme siell\u00e4 kokonaisia \u200b\u200bkes\u00e4p\u00e4ivi\u00e4 maaten vanhoilla pyyhkeill\u00e4, jakaen voileipi\u00e4, puhuen poikayst\u00e4vist\u00e4 ja tehden suuria suunnitelmia el\u00e4m\u00e4lle, jota emme olleet edes aloittaneet.<\/p>\n\n\n\n<p class=\"wp-block-paragraph\">Viimeisen\u00e4 yhteisen\u00e4 kes\u00e4n\u00e4mme seisoimme paljain jaloin yliopiston edess\u00e4 veden \u00e4\u00e4rell\u00e4 ja teimme lupauksen.<\/p>\n\n\n\n<p class=\"wp-block-paragraph\">Minne ikin\u00e4 el\u00e4m\u00e4 meid\u00e4t veisikin, palaisimme kaikki jonain p\u00e4iv\u00e4n\u00e4.<\/p>\n\n\n\n<p class=\"wp-block-paragraph\">Yhdess\u00e4.<\/p>\n\n\n\n<p class=\"wp-block-paragraph\">Mutta &#171;yhdest\u00e4 p\u00e4iv\u00e4st\u00e4&#187; tuli viisikymment\u00e4 vuotta.<\/p>\n\n\n\n<p class=\"wp-block-paragraph\">Menimme naimisiin. Meill\u00e4 oli lapsia. Sitten lastenlapsia. Urat, asuntolainat, avioerot, sairaudet, hautajaiset, muutot muihin kaupunkeihin \u2013 el\u00e4m\u00e4 antoi meille jatkuvasti uusia syit\u00e4 lyk\u00e4t\u00e4 tapaamista.<\/p>\n\n\n\n<p class=\"wp-block-paragraph\">Pidimme yhteytt\u00e4, mutta aina l\u00f6ytyi uusi tekosyy.<\/p>\n\n\n\n<p class=\"wp-block-paragraph\">Ensi kes\u00e4.<\/p>\n\n\n\n<p class=\"wp-block-paragraph\">Ensi vuonna.<\/p>\n\n\n\n<p class=\"wp-block-paragraph\">Kun asiat rauhoittuvat.<\/p>\n\n\n\n<p class=\"wp-block-paragraph\">Sitten er\u00e4\u00e4n\u00e4 aamuna sain tekstiviestin Clairelta.<\/p>\n\n\n\n<p class=\"wp-block-paragraph\">&#171;Tyt\u00f6t, on aika. Tavataan rannallamme. Kaikki nelj\u00e4. Ei tekosyit\u00e4.&#187;<\/p>\n\n\n\n<p class=\"wp-block-paragraph\">Jokin siin\u00e4 viestiss\u00e4 oli erilaista.<\/p>\n\n\n\n<p class=\"wp-block-paragraph\">Claire oli aina j\u00e4rjest\u00e4j\u00e4mme, mutta t\u00e4ll\u00e4 kertaa h\u00e4n ei hyv\u00e4ksynyt viiv\u00e4styksi\u00e4.<\/p>\n\n\n\n<p class=\"wp-block-paragraph\">Kun Margaret sanoi, ett\u00e4 h\u00e4nell\u00e4 oli perhetapaaminen sin\u00e4 viikonloppuna, Claire kirjoitti yksinkertaisesti:<\/p>\n\n\n\n<p class=\"wp-block-paragraph\">&#171;Siirryt\u00e4\u00e4n.&#187;<\/p>\n\n\n\n<p class=\"wp-block-paragraph\">Kun Susan ehdotti odottamista kev\u00e4\u00e4seen, jolloin s\u00e4\u00e4 saattaisi olla parempi, Claire kirjoitti:<\/p>\n\n\n\n<p class=\"wp-block-paragraph\">&#171;Ei. Nyt.&#187;<\/p>\n\n\n\n<p class=\"wp-block-paragraph\">Kaksi viikkoa my\u00f6hemmin seisoimme paljain jaloin samassa hiekassa, jossa olimme kerran tanssineet keskiy\u00f6h\u00f6n asti.<\/p>\n\n\n\n<p class=\"wp-block-paragraph\">Heti kun n\u00e4in heid\u00e4t kolme yhdess\u00e4, aloin itke\u00e4.<\/p>\n\n\n\n<p class=\"wp-block-paragraph\">Sitten Margaretkin itki.<\/p>\n\n\n\n<p class=\"wp-block-paragraph\">Muutamassa sekunnissa me nelj\u00e4 halasimme toisiamme, nauroimme ja pyyhimme kyyneleit\u00e4 kasvoiltamme.<\/p>\n\n\n\n<p class=\"wp-block-paragraph\">&#171;Te tyt\u00f6t vanhenette&#187;, Susan vitsaili.<\/p>\n\n\n\n<p class=\"wp-block-paragraph\">\u2013 Puhu omasta puolestasi, Claire vastasi.<\/p>\n\n\n\n<p class=\"wp-block-paragraph\">Seuraavien tuntien aikana tapahtui jotain erikoista.<\/p>\n\n\n\n<p class=\"wp-block-paragraph\">Olimme taas kahdeksantoista.<\/p>\n\n\n\n<p class=\"wp-block-paragraph\">Levitimme huopamme veden \u00e4\u00e4relle ja purimme Clairen piknikin. Siell\u00e4 oli voileipi\u00e4, mansikoita, juustoa ja pullo viini\u00e4.<\/p>\n\n\n\n<p class=\"wp-block-paragraph\">Puhuimme kaikesta.<\/p>\n\n\n\n<p class=\"wp-block-paragraph\">Ensimm\u00e4isist\u00e4 poikayst\u00e4vist\u00e4mme.<\/p>\n\n\n\n<p class=\"wp-block-paragraph\">Kamalista kampauksistamme.<\/p>\n\n\n\n<p class=\"wp-block-paragraph\">Y\u00f6st\u00e4, jona Margaretin is\u00e4 sai meid\u00e4t kiinni hiippailemasta takaisin h\u00e4nen kotiinsa kolmelta aamuy\u00f6ll\u00e4.<\/p>\n\n\n\n<p class=\"wp-block-paragraph\">Kes\u00e4st\u00e4, jona Susan rakastui hengenpelastajaan, joka ei edes tiennyt h\u00e4nen nime\u00e4\u00e4n.<\/p>\n\n\n\n<p class=\"wp-block-paragraph\">Nauroimme niin paljon, ett\u00e4 vatsaani sattui.<\/p>\n\n\n\n<p class=\"wp-block-paragraph\">Jossain vaiheessa Margaret kaivoi laukustaan.<\/p>\n\n\n\n<p class=\"wp-block-paragraph\">\u2013 Toin jotain.<\/p>\n\n\n\n<p class=\"wp-block-paragraph\">H\u00e4n veti esiin vanhan valokuvan.<\/p>\n\n\n\n<p class=\"wp-block-paragraph\">Siin\u00e4 me olimme.<\/p>\n\n\n\n<p class=\"wp-block-paragraph\">Nelj\u00e4 kahdeksantoistavuotiasta tytt\u00f6\u00e4 seisoi samalla rannalla halaten toisiaan, tuuli puhalsi hiuksissamme.<\/p>\n\n\n\n<p class=\"wp-block-paragraph\">Kukaan ei puhunut muutamaan sekuntiin.<\/p>\n\n\n\n<p class=\"wp-block-paragraph\">\u2013 Muistan sen p\u00e4iv\u00e4n, Claire kuiskasi.<\/p>\n\n\n\n<p class=\"wp-block-paragraph\">Sitten Susan hymyili.<\/p>\n\n\n\n<p class=\"wp-block-paragraph\">\u2013 Meid\u00e4n pit\u00e4isi tehd\u00e4 se uudestaan.<\/p>\n\n\n\n<p class=\"wp-block-paragraph\">Pyysimme l\u00e4hell\u00e4 k\u00e4velev\u00e4\u00e4 nuorta paria ottamaan meist\u00e4 kuvan.<\/p>\n\n\n\n<p class=\"wp-block-paragraph\">Seisoimme kaikki nelj\u00e4 l\u00e4hes t\u00e4sm\u00e4lleen samassa paikassa.<\/p>\n\n\n\n<p class=\"wp-block-paragraph\">\u2013 Tulkaa l\u00e4hemm\u00e4s! Margaret huusi.<\/p>\n\n\n\n<p class=\"wp-block-paragraph\">Halasimme toisiamme.<\/p>\n\n\n\n<p class=\"wp-block-paragraph\">Nuori mies otti muutaman kuvan, ja me nauroimme kuin teini-ik\u00e4iset.<\/p>\n\n\n\n<p class=\"wp-block-paragraph\">Kun h\u00e4n antoi puhelimen takaisin, Claire tuijotti uutta kuvaa pitk\u00e4\u00e4n.<\/p>\n\n\n\n<p class=\"wp-block-paragraph\">N\u00e4in kyyneleit\u00e4 h\u00e4nen silmiss\u00e4\u00e4n.<\/p>\n\n\n\n<p class=\"wp-block-paragraph\">Mutta h\u00e4n pyyhki ne nopeasti pois.<\/p>\n\n\n\n<p class=\"wp-block-paragraph\">Luulin, ett\u00e4 h\u00e4n oli innoissaan muistoista.<\/p>\n\n\n\n<p class=\"wp-block-paragraph\">Olin v\u00e4\u00e4r\u00e4ss\u00e4.<\/p>\n\n\n\n<p class=\"wp-block-paragraph\">Iltap\u00e4iv\u00e4n hitaasti muuttuessa illaksi Claire hiljeni.<\/p>\n\n\n\n<p class=\"wp-block-paragraph\">H\u00e4n piti katseensa meress\u00e4, kun me kolme jatkoimme keskustelua.<\/p>\n\n\n\n<p class=\"wp-block-paragraph\">Lopulta, kun aurinko alkoi laskea kohti horisonttia, Claire sanoi hiljaa:<\/p>\n\n\n\n<p class=\"wp-block-paragraph\">\u2013 Tyt\u00f6t, minulla on teille jotain kerrottavaa.<\/p>\n\n\n\n<p class=\"wp-block-paragraph\">Nauru lakkasi.<\/p>\n\n\n\n<p class=\"wp-block-paragraph\">H\u00e4nen k\u00e4tens\u00e4 t\u00e4risiv\u00e4t.<\/p>\n\n\n\n<p class=\"wp-block-paragraph\">Margaret otti heti h\u00e4nen k\u00e4tens\u00e4.<\/p>\n\n\n\n<p class=\"wp-block-paragraph\">\u2013 Claire, mik\u00e4 h\u00e4t\u00e4n\u00e4?<\/p>\n\n\n\n<p class=\"wp-block-paragraph\">Claire katsoi meit\u00e4 jokaista.<\/p>\n\n\n\n<p class=\"wp-block-paragraph\">&#171;En tuonut sinua t\u00e4nne vain siksi, ett\u00e4 olisin kaivannut sinua.&#187;<\/p>\n\n\n\n<p class=\"wp-block-paragraph\">Vatsani puristui.<\/p>\n\n\n\n<p class=\"wp-block-paragraph\">&#171;Mit\u00e4 tarkoitat?&#187;<\/p>\n\n\n\n<p class=\"wp-block-paragraph\">H\u00e4n veti syv\u00e4\u00e4n henke\u00e4.<\/p>\n\n\n\n<p class=\"wp-block-paragraph\">&#171;K\u00e4vin l\u00e4\u00e4k\u00e4riss\u00e4 muutama viikko sitten, koska en tuntenut oloani omaksi itsekseni.&#187;<\/p>\n\n\n\n<p class=\"wp-block-paragraph\">Kukaan ei liikkunut.<\/p>\n\n\n\n<p class=\"wp-block-paragraph\">Clairen \u00e4\u00e4ni alkoi vapista.<\/p>\n\n\n\n<p class=\"wp-block-paragraph\">&#171;Testit osoittivat jotakin.&#187;<\/p>\n\n\n\n<p class=\"wp-block-paragraph\">Susan peitti suunsa k\u00e4dell\u00e4\u00e4n.<\/p>\n\n\n\n<p class=\"wp-block-paragraph\">Claire selitti, ett\u00e4 h\u00e4nell\u00e4 oli diagnosoitu vakava sairaus. H\u00e4n aloittaisi pian hoidon, ja toivoa oli, mutta l\u00e4\u00e4k\u00e4rit varoivat antamasta mit\u00e4\u00e4n lupauksia.<\/p>\n\n\n\n<p class=\"wp-block-paragraph\">&#171;En tied\u00e4, mit\u00e4 tapahtuu&#187;, h\u00e4n sanoi.<\/p>\n\n\n\n<p class=\"wp-block-paragraph\">Margaret alkoi itke\u00e4.<\/p>\n\n\n\n<p class=\"wp-block-paragraph\">En pystynyt puhumaan.<\/p>\n\n\n\n<p class=\"wp-block-paragraph\">Sitten Claire sanoi lauseen, jota en koskaan unohtaisi.<\/p>\n\n\n\n<p class=\"wp-block-paragraph\">&#171;En tied\u00e4, olenko t\u00e4\u00e4ll\u00e4 ensi kes\u00e4n\u00e4.&#187;<\/p>\n\n\n\n<p class=\"wp-block-paragraph\">&#171;En&#187;, Susan kuiskasi heti. &#171;\u00c4l\u00e4 sano noin.&#187;<\/p>\n\n\n\n<p class=\"wp-block-paragraph\">Claire puristi h\u00e4nen k\u00e4tt\u00e4\u00e4n.<\/p>\n\n\n\n<p class=\"wp-block-paragraph\">\u2013 En sano, ett\u00e4 olen luovuttanut. En ole. Aion taistella t\u00e4t\u00e4 vastaan \u200b\u200bkaikin voimin.<\/p>\n\n\n\n<p class=\"wp-block-paragraph\">H\u00e4n katsoi merelle.<\/p>\n\n\n\n<p class=\"wp-block-paragraph\">\u2013 Mutta sen j\u00e4lkeen, kun l\u00e4\u00e4k\u00e4ri selitti minulle kaiken, menin kotiin ja istuin yksin muutaman tunnin.<\/p>\n\n\n\n<p class=\"wp-block-paragraph\">H\u00e4n oli hetken hiljaa.<\/p>\n\n\n\n<p class=\"wp-block-paragraph\">\u2013 Ja tied\u00e4tk\u00f6, mit\u00e4 ajattelin koko ajan?<\/p>\n\n\n\n<p class=\"wp-block-paragraph\">Kumpikaan meist\u00e4 ei vastannut.<\/p>\n\n\n\n<p class=\"wp-block-paragraph\">\u2013 T\u00e4st\u00e4 rannasta.<\/p>\n\n\n\n<p class=\"wp-block-paragraph\">Kyyneleet valuivat h\u00e4nen poskiaan pitkin.<\/p>\n\n\n\n<p class=\"wp-block-paragraph\">\u2013 Ja teist\u00e4 kolmesta.<\/p>\n\n\n\n<p class=\"wp-block-paragraph\">Claire kertoi minulle l\u00f6yt\u00e4neens\u00e4 vanhan valokuvan meist\u00e4 laatikosta samana iltana.<\/p>\n\n\n\n<p class=\"wp-block-paragraph\">K\u00e4\u00e4nteisell\u00e4 puolella oli haalistuneella k\u00e4sialalla nelj\u00e4 allekirjoitustamme ja lause, jonka olimme kirjoittaneet kahdeksantoistavuotiaina:<\/p>\n\n\n\n<p class=\"wp-block-paragraph\">Jonain p\u00e4iv\u00e4n\u00e4, kaikki nelj\u00e4, palaamme t\u00e4nne yhdess\u00e4.<\/p>\n\n\n\n<p class=\"wp-block-paragraph\">\u2013 Tajusin, ett\u00e4 olimme sanoneet \u2019yksi p\u00e4iv\u00e4\u2019 viisikymment\u00e4 vuotta, Claire sanoi.<\/p>\n\n\n\n<p class=\"wp-block-paragraph\">H\u00e4n nauroi hiljaa, h\u00e4nen \u00e4\u00e4nens\u00e4 murtui.<\/p>\n\n\n\n<p class=\"wp-block-paragraph\">\u201dYht\u00e4kki\u00e4 en tiennytk\u00e4\u00e4n, kuinka monta \u2019yht\u00e4 p\u00e4iv\u00e4\u00e4\u2019 minulla oli j\u00e4ljell\u00e4.\u201d<\/p>\n\n\n\n<p class=\"wp-block-paragraph\">Margaret halasi h\u00e4nt\u00e4.<\/p>\n\n\n\n<p class=\"wp-block-paragraph\">Sitten Susan liittyi heid\u00e4n seuraansa.<\/p>\n\n\n\n<p class=\"wp-block-paragraph\">Ja min\u00e4.<\/p>\n\n\n\n<p class=\"wp-block-paragraph\">Me nelj\u00e4 seisoimme siin\u00e4 itkien, aallot liplattivat jalkojamme.<\/p>\n\n\n\n<p class=\"wp-block-paragraph\">Hetken kuluttua Claire vet\u00e4ytyi taaksep\u00e4in ja pyyhki kasvojaan.<\/p>\n\n\n\n<p class=\"wp-block-paragraph\">\u201d\u00c4l\u00e4 tee t\u00e4st\u00e4 p\u00e4iv\u00e4st\u00e4 surulliseksi\u201d, h\u00e4n sanoi. \u201dSiksi en kertonut sinulle aiemmin. Halusin yhden t\u00e4ydellisen p\u00e4iv\u00e4n. Halusin muistaa meid\u00e4t nauramassa.\u201d<\/p>\n\n\n\n<p class=\"wp-block-paragraph\">Sitten h\u00e4n kaivoi k\u00e4si\u00e4\u00e4n laukkuunsa.<\/p>\n\n\n\n<p class=\"wp-block-paragraph\">H\u00e4n oli ottanut nelj\u00e4 kopiota vanhasta valokuvasta meist\u00e4.<\/p>\n\n\n\n<p class=\"wp-block-paragraph\">Selk\u00e4puoleeni h\u00e4n oli kirjoittanut:<\/p>\n\n\n\n<p class=\"wp-block-paragraph\">Kiitos, ett\u00e4 tunsit tyt\u00f6n, joka olin, ennen kuin maailma kertoi minulle, mit\u00e4 minun pit\u00e4isi olla.<\/p>\n\n\n\n<p class=\"wp-block-paragraph\">En pystynyt pid\u00e4ttelem\u00e4\u00e4n kyyneleit\u00e4.<\/p>\n\n\n\n<p class=\"wp-block-paragraph\">\u201dPalaamme takaisin\u201d, sanoin h\u00e4nelle.<\/p>\n\n\n\n<p class=\"wp-block-paragraph\">Claire katsoi minua.<\/p>\n\n\n\n<p class=\"wp-block-paragraph\">\u201dMit\u00e4?\u201d<\/p>\n\n\n\n<p class=\"wp-block-paragraph\">\u201dEt tee t\u00e4st\u00e4 j\u00e4\u00e4hyv\u00e4isi\u00e4mme.\u201d<\/p>\n\n\n\n<p class=\"wp-block-paragraph\">Margaret ny\u00f6kk\u00e4si.<\/p>\n\n\n\n<p class=\"wp-block-paragraph\">\u2013 Emmek\u00e4 todellakaan aio odottaa en\u00e4\u00e4 viitt\u00e4kymment\u00e4 vuotta.<\/p>\n\n\n\n<p class=\"wp-block-paragraph\">Susan nauroi kyynelten l\u00e4pi.<\/p>\n\n\n\n<p class=\"wp-block-paragraph\">\u2013 En edes vuotta.<\/p>\n\n\n\n<p class=\"wp-block-paragraph\">P\u00e4\u00e4timme palata seuraavassa kuussa.<\/p>\n\n\n\n<p class=\"wp-block-paragraph\">Sama ranta.<\/p>\n\n\n\n<p class=\"wp-block-paragraph\">Samat nelj\u00e4 naista.<\/p>\n\n\n\n<p class=\"wp-block-paragraph\">Ja jos Clairen hoito vaikeuttaisi matkustamista, keksisimme toisen tavan olla yhdess\u00e4.<\/p>\n\n\n\n<p class=\"wp-block-paragraph\">Ennen l\u00e4ht\u00f6\u00e4mme pyysimme toista tuntematonta ottamaan viimeisen valokuvan meist\u00e4.<\/p>\n\n\n\n<p class=\"wp-block-paragraph\">T\u00e4ll\u00e4 kertaa emme yritt\u00e4neet toistaa vanhaa asentoa.<\/p>\n\n\n\n<p class=\"wp-block-paragraph\">Seisoimme vain luonnollisesti yhdess\u00e4, k\u00e4det tiukasti toistemme ymp\u00e4rill\u00e4.<\/p>\n\n\n\n<p class=\"wp-block-paragraph\">Aurinko laski taaksemme.<\/p>\n\n\n\n<p class=\"wp-block-paragraph\">Claire seisoi keskell\u00e4.<\/p>\n\n\n\n<p class=\"wp-block-paragraph\">Ja h\u00e4n hymyili.<\/p>\n\n\n\n<p class=\"wp-block-paragraph\">Tuo kuva on nyt lipastollani viisikymment\u00e4 vuotta sitten otetun kuvan vieress\u00e4.<\/p>\n\n\n\n<p class=\"wp-block-paragraph\">Toisessa olemme kahdeksantoista ja t\u00e4ysin vakuuttuneita siit\u00e4, ett\u00e4 meill\u00e4 on \u00e4\u00e4ret\u00f6n m\u00e4\u00e4r\u00e4 aikaa.<\/p>\n\n\n\n<p class=\"wp-block-paragraph\">Toisessa olemme melkein seitsem\u00e4nkymment\u00e4 ja vihdoin tajuamme, ettei meill\u00e4 ole.<\/p>\n\n\n\n<p class=\"wp-block-paragraph\">En tied\u00e4, mit\u00e4 ensi vuosi tuo tullessaan.<\/p>\n\n\n\n<p class=\"wp-block-paragraph\">Kumpikaan meist\u00e4 ei tied\u00e4.<\/p>\n\n\n\n<p class=\"wp-block-paragraph\">Mutta yhden asian tied\u00e4n.<\/p>\n\n\n\n<p class=\"wp-block-paragraph\">Sin\u00e4 p\u00e4iv\u00e4n\u00e4 menimme takaisin rannalle muistelemaan nuoruuttamme.<\/p>\n\n\n\n<p class=\"wp-block-paragraph\">Mutta sen sijaan Claire opetti meille jotain, mit\u00e4 kahdeksantoistavuotiaamme eiv\u00e4t olisi koskaan voineet ymm\u00e4rt\u00e4\u00e4.ti:<\/p>\n\n\n\n<p class=\"wp-block-paragraph\">\u00c4l\u00e4 koskaan sano rakkaillesi &#171;ensi vuonna&#187;. Jonain p\u00e4iv\u00e4n\u00e4 saatat tajuta, ett\u00e4 arvokkain asia, jota olet lyk\u00e4nnyt, on ollut yksinkertaisesti yhdess\u00e4olo.<\/p>\n\n\n\n<p class=\"wp-block-paragraph\"><\/p>\n","protected":false},"excerpt":{"rendered":"50 vuotta my\u00f6hemmin tapasimme kolme parasta yst\u00e4v\u00e4\u00e4ni ja min\u00e4 taas rannalla \u2013 Vietimme t\u00e4ydellisen p\u00e4iv\u00e4n nauraen ja muistellen nuoruuttamme\u2026 Kunnes yksi heist\u00e4 sanoi: \n<a class=\"moretag\" href=\"https:\/\/filan.am\/?p=4053\"> [...]<\/a>","protected":false},"author":1,"featured_media":4054,"comment_status":"open","ping_status":"open","sticky":false,"template":"","format":"standard","meta":{"footnotes":""},"categories":[1],"tags":[],"class_list":["post-4053","post","type-post","status-publish","format-standard","has-post-thumbnail","hentry","category-news"],"yoast_head":"<!-- This site is optimized with the Yoast SEO plugin v28.4 - https:\/\/yoast.com\/product\/yoast-seo-wordpress\/ -->\n<title>50 vuoden j\u00e4lkeen kolme parasta yst\u00e4v\u00e4\u00e4ni ja min\u00e4 tapasimme uudelleen rannalla \u2013 Vietimme t\u00e4ydellisen p\u00e4iv\u00e4n nauraen ja muistellen nuoruuttamme\u2026 Kunnes yksi heist\u00e4 sanoi: &quot;Minulla on sinulle asiaa.&quot; Sitten h\u00e4n paljasti todellisen syyn, miksi h\u00e4n toi meid\u00e4t sinne. -<\/title>\n<meta name=\"robots\" content=\"index, follow, max-snippet:-1, max-image-preview:large, max-video-preview:-1\" \/>\n<link rel=\"canonical\" href=\"https:\/\/filan.am\/?p=4053\" \/>\n<meta property=\"og:locale\" content=\"ru_RU\" \/>\n<meta property=\"og:type\" content=\"article\" \/>\n<meta property=\"og:title\" content=\"50 vuoden j\u00e4lkeen kolme parasta yst\u00e4v\u00e4\u00e4ni ja min\u00e4 tapasimme uudelleen rannalla \u2013 Vietimme t\u00e4ydellisen p\u00e4iv\u00e4n nauraen ja muistellen nuoruuttamme\u2026 Kunnes yksi heist\u00e4 sanoi: &quot;Minulla on sinulle asiaa.&quot; Sitten h\u00e4n paljasti todellisen syyn, miksi h\u00e4n toi meid\u00e4t sinne. -\" \/>\n<meta property=\"og:description\" content=\"50 vuotta my\u00f6hemmin tapasimme kolme parasta yst\u00e4v\u00e4\u00e4ni ja min\u00e4 taas rannalla \u2013 Vietimme t\u00e4ydellisen p\u00e4iv\u00e4n nauraen ja muistellen nuoruuttamme\u2026 Kunnes yksi heist\u00e4 sanoi:\" \/>\n<meta property=\"og:url\" content=\"https:\/\/filan.am\/?p=4053\" \/>\n<meta property=\"article:published_time\" content=\"2026-09-01T15:36:10+00:00\" \/>\n<meta property=\"article:modified_time\" content=\"2026-09-01T15:36:11+00:00\" \/>\n<meta property=\"og:image\" content=\"https:\/\/filan.am\/wp-content\/uploads\/2026\/09\/02022.jpg\" \/>\n\t<meta property=\"og:image:width\" content=\"800\" \/>\n\t<meta property=\"og:image:height\" content=\"447\" \/>\n\t<meta property=\"og:image:type\" content=\"image\/jpeg\" \/>\n<meta name=\"author\" content=\"filanam\" \/>\n<meta name=\"twitter:card\" content=\"summary_large_image\" \/>\n<meta name=\"twitter:label1\" content=\"\u041d\u0430\u043f\u0438\u0441\u0430\u043d\u043e \u0430\u0432\u0442\u043e\u0440\u043e\u043c\" \/>\n\t<meta name=\"twitter:data1\" content=\"filanam\" \/>\n\t<meta name=\"twitter:label2\" content=\"\u041f\u0440\u0438\u043c\u0435\u0440\u043d\u043e\u0435 \u0432\u0440\u0435\u043c\u044f \u0434\u043b\u044f \u0447\u0442\u0435\u043d\u0438\u044f\" \/>\n\t<meta name=\"twitter:data2\" content=\"8 \u043c\u0438\u043d\u0443\u0442\" \/>\n<script type=\"application\/ld+json\" class=\"yoast-schema-graph\">{\"@context\":\"https:\\\/\\\/schema.org\",\"@graph\":[{\"@type\":\"Article\",\"@id\":\"https:\\\/\\\/filan.am\\\/?p=4053#article\",\"isPartOf\":{\"@id\":\"https:\\\/\\\/filan.am\\\/?p=4053\"},\"author\":{\"name\":\"filanam\",\"@id\":\"https:\\\/\\\/filan.am\\\/#\\\/schema\\\/person\\\/b51c4ec26a4fec8a4f9b3ae0356b8f23\"},\"headline\":\"50 vuoden j\u00e4lkeen kolme parasta yst\u00e4v\u00e4\u00e4ni ja min\u00e4 tapasimme uudelleen rannalla \u2013 Vietimme t\u00e4ydellisen p\u00e4iv\u00e4n nauraen ja muistellen nuoruuttamme\u2026 Kunnes yksi heist\u00e4 sanoi: &#171;Minulla on sinulle asiaa.&#187; Sitten h\u00e4n paljasti todellisen syyn, miksi h\u00e4n toi meid\u00e4t sinne.\",\"datePublished\":\"2026-09-01T15:36:10+00:00\",\"dateModified\":\"2026-09-01T15:36:11+00:00\",\"mainEntityOfPage\":{\"@id\":\"https:\\\/\\\/filan.am\\\/?p=4053\"},\"wordCount\":1545,\"commentCount\":0,\"image\":{\"@id\":\"https:\\\/\\\/filan.am\\\/?p=4053#primaryimage\"},\"thumbnailUrl\":\"https:\\\/\\\/filan.am\\\/wp-content\\\/uploads\\\/2026\\\/09\\\/02022.jpg\",\"articleSection\":[\"NEWS\"],\"inLanguage\":\"ru-RU\",\"potentialAction\":[{\"@type\":\"CommentAction\",\"name\":\"Comment\",\"target\":[\"https:\\\/\\\/filan.am\\\/?p=4053#respond\"]}]},{\"@type\":\"WebPage\",\"@id\":\"https:\\\/\\\/filan.am\\\/?p=4053\",\"url\":\"https:\\\/\\\/filan.am\\\/?p=4053\",\"name\":\"50 vuoden j\u00e4lkeen kolme parasta yst\u00e4v\u00e4\u00e4ni ja min\u00e4 tapasimme uudelleen rannalla \u2013 Vietimme t\u00e4ydellisen p\u00e4iv\u00e4n nauraen ja muistellen nuoruuttamme\u2026 Kunnes yksi heist\u00e4 sanoi: \\\"Minulla on sinulle asiaa.\\\" Sitten h\u00e4n paljasti todellisen syyn, miksi h\u00e4n toi meid\u00e4t sinne. -\",\"isPartOf\":{\"@id\":\"https:\\\/\\\/filan.am\\\/#website\"},\"primaryImageOfPage\":{\"@id\":\"https:\\\/\\\/filan.am\\\/?p=4053#primaryimage\"},\"image\":{\"@id\":\"https:\\\/\\\/filan.am\\\/?p=4053#primaryimage\"},\"thumbnailUrl\":\"https:\\\/\\\/filan.am\\\/wp-content\\\/uploads\\\/2026\\\/09\\\/02022.jpg\",\"datePublished\":\"2026-09-01T15:36:10+00:00\",\"dateModified\":\"2026-09-01T15:36:11+00:00\",\"author\":{\"@id\":\"https:\\\/\\\/filan.am\\\/#\\\/schema\\\/person\\\/b51c4ec26a4fec8a4f9b3ae0356b8f23\"},\"breadcrumb\":{\"@id\":\"https:\\\/\\\/filan.am\\\/?p=4053#breadcrumb\"},\"inLanguage\":\"ru-RU\",\"potentialAction\":[{\"@type\":\"ReadAction\",\"target\":[\"https:\\\/\\\/filan.am\\\/?p=4053\"]}]},{\"@type\":\"ImageObject\",\"inLanguage\":\"ru-RU\",\"@id\":\"https:\\\/\\\/filan.am\\\/?p=4053#primaryimage\",\"url\":\"https:\\\/\\\/filan.am\\\/wp-content\\\/uploads\\\/2026\\\/09\\\/02022.jpg\",\"contentUrl\":\"https:\\\/\\\/filan.am\\\/wp-content\\\/uploads\\\/2026\\\/09\\\/02022.jpg\",\"width\":800,\"height\":447},{\"@type\":\"BreadcrumbList\",\"@id\":\"https:\\\/\\\/filan.am\\\/?p=4053#breadcrumb\",\"itemListElement\":[{\"@type\":\"ListItem\",\"position\":1,\"name\":\"\u0413\u043b\u0430\u0432\u043d\u0430\u044f \u0441\u0442\u0440\u0430\u043d\u0438\u0446\u0430\",\"item\":\"https:\\\/\\\/filan.am\\\/\"},{\"@type\":\"ListItem\",\"position\":2,\"name\":\"50 vuoden j\u00e4lkeen kolme parasta yst\u00e4v\u00e4\u00e4ni ja min\u00e4 tapasimme uudelleen rannalla \u2013 Vietimme t\u00e4ydellisen p\u00e4iv\u00e4n nauraen ja muistellen nuoruuttamme\u2026 Kunnes yksi heist\u00e4 sanoi: &#171;Minulla on sinulle asiaa.&#187; Sitten h\u00e4n paljasti todellisen syyn, miksi h\u00e4n toi meid\u00e4t sinne.\"}]},{\"@type\":\"WebSite\",\"@id\":\"https:\\\/\\\/filan.am\\\/#website\",\"url\":\"https:\\\/\\\/filan.am\\\/\",\"name\":\"\",\"description\":\"\",\"potentialAction\":[{\"@type\":\"SearchAction\",\"target\":{\"@type\":\"EntryPoint\",\"urlTemplate\":\"https:\\\/\\\/filan.am\\\/?s={search_term_string}\"},\"query-input\":{\"@type\":\"PropertyValueSpecification\",\"valueRequired\":true,\"valueName\":\"search_term_string\"}}],\"inLanguage\":\"ru-RU\"},{\"@type\":\"Person\",\"@id\":\"https:\\\/\\\/filan.am\\\/#\\\/schema\\\/person\\\/b51c4ec26a4fec8a4f9b3ae0356b8f23\",\"name\":\"filanam\",\"image\":{\"@type\":\"ImageObject\",\"inLanguage\":\"ru-RU\",\"@id\":\"https:\\\/\\\/secure.gravatar.com\\\/avatar\\\/a24f4ac3a683f3c87303db525abc00db51ea26ccedee11dfaf1cc0f9a481a5d2?s=96&d=mm&r=g\",\"url\":\"https:\\\/\\\/secure.gravatar.com\\\/avatar\\\/a24f4ac3a683f3c87303db525abc00db51ea26ccedee11dfaf1cc0f9a481a5d2?s=96&d=mm&r=g\",\"contentUrl\":\"https:\\\/\\\/secure.gravatar.com\\\/avatar\\\/a24f4ac3a683f3c87303db525abc00db51ea26ccedee11dfaf1cc0f9a481a5d2?s=96&d=mm&r=g\",\"caption\":\"filanam\"},\"sameAs\":[\"http:\\\/\\\/filan.am\"],\"url\":\"https:\\\/\\\/filan.am\\\/?author=1\"}]}<\/script>\n<!-- \/ Yoast SEO plugin. -->","yoast_head_json":{"title":"50 vuoden j\u00e4lkeen kolme parasta yst\u00e4v\u00e4\u00e4ni ja min\u00e4 tapasimme uudelleen rannalla \u2013 Vietimme t\u00e4ydellisen p\u00e4iv\u00e4n nauraen ja muistellen nuoruuttamme\u2026 Kunnes yksi heist\u00e4 sanoi: \"Minulla on sinulle asiaa.\" Sitten h\u00e4n paljasti todellisen syyn, miksi h\u00e4n toi meid\u00e4t sinne. -","robots":{"index":"index","follow":"follow","max-snippet":"max-snippet:-1","max-image-preview":"max-image-preview:large","max-video-preview":"max-video-preview:-1"},"canonical":"https:\/\/filan.am\/?p=4053","og_locale":"ru_RU","og_type":"article","og_title":"50 vuoden j\u00e4lkeen kolme parasta yst\u00e4v\u00e4\u00e4ni ja min\u00e4 tapasimme uudelleen rannalla \u2013 Vietimme t\u00e4ydellisen p\u00e4iv\u00e4n nauraen ja muistellen nuoruuttamme\u2026 Kunnes yksi heist\u00e4 sanoi: \"Minulla on sinulle asiaa.\" Sitten h\u00e4n paljasti todellisen syyn, miksi h\u00e4n toi meid\u00e4t sinne. -","og_description":"50 vuotta my\u00f6hemmin tapasimme kolme parasta yst\u00e4v\u00e4\u00e4ni ja min\u00e4 taas rannalla \u2013 Vietimme t\u00e4ydellisen p\u00e4iv\u00e4n nauraen ja muistellen nuoruuttamme\u2026 Kunnes yksi heist\u00e4 sanoi:","og_url":"https:\/\/filan.am\/?p=4053","article_published_time":"2026-09-01T15:36:10+00:00","article_modified_time":"2026-09-01T15:36:11+00:00","og_image":[{"width":800,"height":447,"url":"https:\/\/filan.am\/wp-content\/uploads\/2026\/09\/02022.jpg","type":"image\/jpeg"}],"author":"filanam","twitter_card":"summary_large_image","twitter_misc":{"\u041d\u0430\u043f\u0438\u0441\u0430\u043d\u043e \u0430\u0432\u0442\u043e\u0440\u043e\u043c":"filanam","\u041f\u0440\u0438\u043c\u0435\u0440\u043d\u043e\u0435 \u0432\u0440\u0435\u043c\u044f \u0434\u043b\u044f \u0447\u0442\u0435\u043d\u0438\u044f":"8 \u043c\u0438\u043d\u0443\u0442"},"schema":{"@context":"https:\/\/schema.org","@graph":[{"@type":"Article","@id":"https:\/\/filan.am\/?p=4053#article","isPartOf":{"@id":"https:\/\/filan.am\/?p=4053"},"author":{"name":"filanam","@id":"https:\/\/filan.am\/#\/schema\/person\/b51c4ec26a4fec8a4f9b3ae0356b8f23"},"headline":"50 vuoden j\u00e4lkeen kolme parasta yst\u00e4v\u00e4\u00e4ni ja min\u00e4 tapasimme uudelleen rannalla \u2013 Vietimme t\u00e4ydellisen p\u00e4iv\u00e4n nauraen ja muistellen nuoruuttamme\u2026 Kunnes yksi heist\u00e4 sanoi: &#171;Minulla on sinulle asiaa.&#187; Sitten h\u00e4n paljasti todellisen syyn, miksi h\u00e4n toi meid\u00e4t sinne.","datePublished":"2026-09-01T15:36:10+00:00","dateModified":"2026-09-01T15:36:11+00:00","mainEntityOfPage":{"@id":"https:\/\/filan.am\/?p=4053"},"wordCount":1545,"commentCount":0,"image":{"@id":"https:\/\/filan.am\/?p=4053#primaryimage"},"thumbnailUrl":"https:\/\/filan.am\/wp-content\/uploads\/2026\/09\/02022.jpg","articleSection":["NEWS"],"inLanguage":"ru-RU","potentialAction":[{"@type":"CommentAction","name":"Comment","target":["https:\/\/filan.am\/?p=4053#respond"]}]},{"@type":"WebPage","@id":"https:\/\/filan.am\/?p=4053","url":"https:\/\/filan.am\/?p=4053","name":"50 vuoden j\u00e4lkeen kolme parasta yst\u00e4v\u00e4\u00e4ni ja min\u00e4 tapasimme uudelleen rannalla \u2013 Vietimme t\u00e4ydellisen p\u00e4iv\u00e4n nauraen ja muistellen nuoruuttamme\u2026 Kunnes yksi heist\u00e4 sanoi: \"Minulla on sinulle asiaa.\" Sitten h\u00e4n paljasti todellisen syyn, miksi h\u00e4n toi meid\u00e4t sinne. -","isPartOf":{"@id":"https:\/\/filan.am\/#website"},"primaryImageOfPage":{"@id":"https:\/\/filan.am\/?p=4053#primaryimage"},"image":{"@id":"https:\/\/filan.am\/?p=4053#primaryimage"},"thumbnailUrl":"https:\/\/filan.am\/wp-content\/uploads\/2026\/09\/02022.jpg","datePublished":"2026-09-01T15:36:10+00:00","dateModified":"2026-09-01T15:36:11+00:00","author":{"@id":"https:\/\/filan.am\/#\/schema\/person\/b51c4ec26a4fec8a4f9b3ae0356b8f23"},"breadcrumb":{"@id":"https:\/\/filan.am\/?p=4053#breadcrumb"},"inLanguage":"ru-RU","potentialAction":[{"@type":"ReadAction","target":["https:\/\/filan.am\/?p=4053"]}]},{"@type":"ImageObject","inLanguage":"ru-RU","@id":"https:\/\/filan.am\/?p=4053#primaryimage","url":"https:\/\/filan.am\/wp-content\/uploads\/2026\/09\/02022.jpg","contentUrl":"https:\/\/filan.am\/wp-content\/uploads\/2026\/09\/02022.jpg","width":800,"height":447},{"@type":"BreadcrumbList","@id":"https:\/\/filan.am\/?p=4053#breadcrumb","itemListElement":[{"@type":"ListItem","position":1,"name":"\u0413\u043b\u0430\u0432\u043d\u0430\u044f \u0441\u0442\u0440\u0430\u043d\u0438\u0446\u0430","item":"https:\/\/filan.am\/"},{"@type":"ListItem","position":2,"name":"50 vuoden j\u00e4lkeen kolme parasta yst\u00e4v\u00e4\u00e4ni ja min\u00e4 tapasimme uudelleen rannalla \u2013 Vietimme t\u00e4ydellisen p\u00e4iv\u00e4n nauraen ja muistellen nuoruuttamme\u2026 Kunnes yksi heist\u00e4 sanoi: &#171;Minulla on sinulle asiaa.&#187; Sitten h\u00e4n paljasti todellisen syyn, miksi h\u00e4n toi meid\u00e4t sinne."}]},{"@type":"WebSite","@id":"https:\/\/filan.am\/#website","url":"https:\/\/filan.am\/","name":"","description":"","potentialAction":[{"@type":"SearchAction","target":{"@type":"EntryPoint","urlTemplate":"https:\/\/filan.am\/?s={search_term_string}"},"query-input":{"@type":"PropertyValueSpecification","valueRequired":true,"valueName":"search_term_string"}}],"inLanguage":"ru-RU"},{"@type":"Person","@id":"https:\/\/filan.am\/#\/schema\/person\/b51c4ec26a4fec8a4f9b3ae0356b8f23","name":"filanam","image":{"@type":"ImageObject","inLanguage":"ru-RU","@id":"https:\/\/secure.gravatar.com\/avatar\/a24f4ac3a683f3c87303db525abc00db51ea26ccedee11dfaf1cc0f9a481a5d2?s=96&d=mm&r=g","url":"https:\/\/secure.gravatar.com\/avatar\/a24f4ac3a683f3c87303db525abc00db51ea26ccedee11dfaf1cc0f9a481a5d2?s=96&d=mm&r=g","contentUrl":"https:\/\/secure.gravatar.com\/avatar\/a24f4ac3a683f3c87303db525abc00db51ea26ccedee11dfaf1cc0f9a481a5d2?s=96&d=mm&r=g","caption":"filanam"},"sameAs":["http:\/\/filan.am"],"url":"https:\/\/filan.am\/?author=1"}]}},"_links":{"self":[{"href":"https:\/\/filan.am\/index.php?rest_route=\/wp\/v2\/posts\/4053","targetHints":{"allow":["GET"]}}],"collection":[{"href":"https:\/\/filan.am\/index.php?rest_route=\/wp\/v2\/posts"}],"about":[{"href":"https:\/\/filan.am\/index.php?rest_route=\/wp\/v2\/types\/post"}],"author":[{"embeddable":true,"href":"https:\/\/filan.am\/index.php?rest_route=\/wp\/v2\/users\/1"}],"replies":[{"embeddable":true,"href":"https:\/\/filan.am\/index.php?rest_route=%2Fwp%2Fv2%2Fcomments&post=4053"}],"version-history":[{"count":1,"href":"https:\/\/filan.am\/index.php?rest_route=\/wp\/v2\/posts\/4053\/revisions"}],"predecessor-version":[{"id":4055,"href":"https:\/\/filan.am\/index.php?rest_route=\/wp\/v2\/posts\/4053\/revisions\/4055"}],"wp:featuredmedia":[{"embeddable":true,"href":"https:\/\/filan.am\/index.php?rest_route=\/wp\/v2\/media\/4054"}],"wp:attachment":[{"href":"https:\/\/filan.am\/index.php?rest_route=%2Fwp%2Fv2%2Fmedia&parent=4053"}],"wp:term":[{"taxonomy":"category","embeddable":true,"href":"https:\/\/filan.am\/index.php?rest_route=%2Fwp%2Fv2%2Fcategories&post=4053"},{"taxonomy":"post_tag","embeddable":true,"href":"https:\/\/filan.am\/index.php?rest_route=%2Fwp%2Fv2%2Ftags&post=4053"}],"curies":[{"name":"wp","href":"https:\/\/api.w.org\/{rel}","templated":true}]}}