{"id":4014,"date":"2026-08-30T20:48:54","date_gmt":"2026-08-30T17:48:54","guid":{"rendered":"https:\/\/filan.am\/?p=4014"},"modified":"2026-08-30T20:48:55","modified_gmt":"2026-08-30T17:48:55","slug":"miniani-jatti-kaksivuotiaat-kaksoset-ovelleni-vain-paivia-poikani-kuoleman-jalkeen-10-vuotta-myohemmin-han-palasi-vaatien-lasten-taytta-huoltajuutta-mutta-kun-yksi-pojista-nousi-tuomarin","status":"publish","type":"post","link":"https:\/\/filan.am\/?p=4014","title":{"rendered":"Mini\u00e4ni j\u00e4tti kaksivuotiaat kaksoset ovelleni vain p\u00e4ivi\u00e4 poikani kuoleman j\u00e4lkeen \u2013 10 vuotta my\u00f6hemmin h\u00e4n palasi vaatien lasten t\u00e4ytt\u00e4 huoltajuutta&#8230; Mutta kun yksi pojista nousi tuomarin eteen ja sanoi viisi sanaa, koko oikeussali hiljeni."},"content":{"rendered":"\n<p class=\"wp-block-paragraph\">Mini\u00e4ni j\u00e4tti kaksivuotiaat kaksoset ovensuulle vain p\u00e4ivi\u00e4 poikani kuoleman j\u00e4lkeen \u2013 h\u00e4n palasi kymmenen vuotta my\u00f6hemmin vaatien lasten t\u00e4ytt\u00e4 huoltajuutta\u2026 Mutta kun yksi pojista nousi tuomarin eteen ja sanoi viisi sanaa, koko oikeussali hiljeni.<\/p>\n\n\n\n<p class=\"wp-block-paragraph\">Olin seitsem\u00e4nkymment\u00e4kolmevuotias, kun nainen, joka oli hyl\u00e4nnyt lapsenlapseni, p\u00e4\u00e4tti yht\u00e4kki\u00e4 haluavansa olla heid\u00e4n \u00e4itins\u00e4 uudelleen.<\/p>\n\n\n\n<p class=\"wp-block-paragraph\">Kymmenen vuotta sitten ainoa poikani David kuoli kauheassa auto-onnettomuudessa.<\/p>\n\n\n\n<p class=\"wp-block-paragraph\">H\u00e4nen vaimonsa Vanessa selvisi hengiss\u00e4.<\/p>\n\n\n\n<figure class=\"wp-block-image size-full\"><img loading=\"lazy\" decoding=\"async\" width=\"506\" height=\"630\" src=\"https:\/\/filan.am\/wp-content\/uploads\/2026\/08\/00000000000000222222.png\" alt=\"\" class=\"wp-image-4015\" srcset=\"https:\/\/filan.am\/wp-content\/uploads\/2026\/08\/00000000000000222222.png 506w, https:\/\/filan.am\/wp-content\/uploads\/2026\/08\/00000000000000222222-241x300.png 241w\" sizes=\"auto, (max-width: 506px) 100vw, 506px\" \/><\/figure>\n\n\n\n<p class=\"wp-block-paragraph\">Vain kaksi p\u00e4iv\u00e4\u00e4 hautajaisten j\u00e4lkeen h\u00e4n ilmestyi ovelleni kaksivuotiaiden kaksostensa, Jeffreyn ja Georgen, kanssa.<\/p>\n\n\n\n<p class=\"wp-block-paragraph\">Heill\u00e4 oli viel\u00e4 pyjamat yll\u00e4\u00e4n.<\/p>\n\n\n\n<p class=\"wp-block-paragraph\">Heid\u00e4n vaatteensa oli tungettu roskapussiin.<\/p>\n\n\n\n<p class=\"wp-block-paragraph\">Vanessa ty\u00f6nsi pussin minua kohti ja sanoi jotain, mit\u00e4 en ole koskaan unohtanut.<\/p>\n\n\n\n<p class=\"wp-block-paragraph\">&#171;En ole luotu t\u00e4llaiseen kamppailevaan \u00e4itiyteen. Tarvitsen vapauteni.&#187;<\/p>\n\n\n\n<p class=\"wp-block-paragraph\">Sitten h\u00e4n l\u00e4hti.<\/p>\n\n\n\n<p class=\"wp-block-paragraph\">Kymmenen vuoden ajan olin kaikki, mit\u00e4 nuo pojat tarvitsivat.<\/p>\n\n\n\n<p class=\"wp-block-paragraph\">Heid\u00e4n iso\u00e4itins\u00e4.<\/p>\n\n\n\n<p class=\"wp-block-paragraph\">Heid\u00e4n \u00e4itins\u00e4.<\/p>\n\n\n\n<p class=\"wp-block-paragraph\">Heid\u00e4n asianajajansa.<\/p>\n\n\n\n<p class=\"wp-block-paragraph\">Tein ylit\u00f6it\u00e4, aloin myyd\u00e4 kotitekoisia teesekoituksia paikallisilla toreilla ja lopulta muutin tuon pienen yrityksen arvokkaammaksi kuin olisin koskaan voinut kuvitella.<\/p>\n\n\n\n<p class=\"wp-block-paragraph\">Sitten Vanessa palasi.<\/p>\n\n\n\n<p class=\"wp-block-paragraph\">Ei anteeksipyynn\u00f6n kera.<\/p>\n\n\n\n<p class=\"wp-block-paragraph\">Lakimiehen kanssa.<\/p>\n\n\n\n<p class=\"wp-block-paragraph\">H\u00e4n vaati poikien t\u00e4ytt\u00e4 huoltajuutta.<\/p>\n\n\n\n<p class=\"wp-block-paragraph\">Mutta my\u00f6hemmin, omassa keitti\u00f6ss\u00e4ni, h\u00e4n paljasti, mit\u00e4 h\u00e4n todella halusi.<\/p>\n\n\n\n<p class=\"wp-block-paragraph\">&#171;Anna minulle 51 % yrityksest\u00e4si&#187;, h\u00e4n kuiskasi, &#171;niin luovun huoltajuusoikeudenk\u00e4ynnist\u00e4. Jos et anna, muutan pojat pois osavaltiosta.&#187;<\/p>\n\n\n\n<p class=\"wp-block-paragraph\">Kielt\u00e4ydyin.<\/p>\n\n\n\n<p class=\"wp-block-paragraph\">Kuulemisen aikana Vanessa itki tuomarin edess\u00e4 ja v\u00e4itti, ett\u00e4 h\u00e4n oli &#171;muuttunut&#187;.<\/p>\n\n\n\n<p class=\"wp-block-paragraph\">Sitten h\u00e4n hy\u00f6kk\u00e4si kimppuuni ja sanoi, ett\u00e4 olin liian vanha kasvattamaan kahta teini-ik\u00e4ist\u00e4.<\/p>\n\n\n\n<p class=\"wp-block-paragraph\">Ja mik\u00e4 kauhistuttavaa, tuomari n\u00e4ytti kuuntelevan h\u00e4nt\u00e4.<\/p>\n\n\n\n<p class=\"wp-block-paragraph\">Sitten Jeffrey nousi yht\u00e4kki\u00e4 seisomaan.<\/p>\n\n\n\n<p class=\"wp-block-paragraph\">George seurasi h\u00e4nt\u00e4.<\/p>\n\n\n\n<p class=\"wp-block-paragraph\">Vanessa hymyili kuin olisi jo voittanut.<\/p>\n\n\n\n<p class=\"wp-block-paragraph\">Mutta Jeffrey k\u00e4veli tuomarin luo, k\u00e4\u00e4ntyi h\u00e4net hyl\u00e4nneen \u00e4idin puoleen ja veti vapisevan henk\u00e4yksen.<\/p>\n\n\n\n<p class=\"wp-block-paragraph\">Sitten h\u00e4n sanoi viisi sanaa.<\/p>\n\n\n\n<p class=\"wp-block-paragraph\">Vanessan kasvot kalpenivat v\u00e4litt\u00f6m\u00e4sti.<\/p>\n\n\n\n<p class=\"wp-block-paragraph\">Ja koko oikeussali hiljeni.<\/p>\n\n\n\n<p class=\"wp-block-paragraph\">Olin kuusikymment\u00e4kolmevuotias, kun kaksi poliisia koputti ovelleni kahdelta aamuy\u00f6ll\u00e4 ja pilasi el\u00e4m\u00e4ni.<\/p>\n\n\n\n<p class=\"wp-block-paragraph\">Ulkona satoi rankasti.<\/p>\n\n\n\n<p class=\"wp-block-paragraph\">Heti kun n\u00e4in heid\u00e4n kasvonsa, tiesin, ett\u00e4 jotain kauheaa oli tapahtunut.<\/p>\n\n\n\n<p class=\"wp-block-paragraph\">Ainoa poikani David oli kuollut auto-onnettomuudessa.<\/p>\n\n\n\n<p class=\"wp-block-paragraph\">H\u00e4nen vaimonsa Vanessa selvisi hengiss\u00e4 tuskin naarmuilla.<\/p>\n\n\n\n<p class=\"wp-block-paragraph\">Hautasimme h\u00e4net kaksi p\u00e4iv\u00e4\u00e4 my\u00f6hemmin.<\/p>\n\n\n\n<p class=\"wp-block-paragraph\">Muistan hautajaiset tuskin lainkaan. Ihmiset halasivat minua, rukoilivat puolestani ja sanoivat olevansa pahoillaan, mutta ainoa mit\u00e4 pystyin ajattelemaan oli se, ett\u00e4 poikani oli poissa.<\/p>\n\n\n\n<p class=\"wp-block-paragraph\">Vanessa itki kovimmin.<\/p>\n\n\n\n<p class=\"wp-block-paragraph\">Sill\u00e4 hetkell\u00e4 uskoin h\u00e4nen surunsa olevan todellista.<\/p>\n\n\n\n<p class=\"wp-block-paragraph\">Kaksi p\u00e4iv\u00e4\u00e4 hautajaisten j\u00e4lkeen ovikello soi.<\/p>\n\n\n\n<p class=\"wp-block-paragraph\">Kun avasin oven, kaksivuotiaat kaksospojanpoikani, Jeffrey ja George, seisoivat kuistilla pyjama p\u00e4\u00e4ll\u00e4.<\/p>\n\n\n\n<p class=\"wp-block-paragraph\">Jeffrey piteli pehmoleludinosaurusta.<\/p>\n\n\n\n<p class=\"wp-block-paragraph\">Georgella oli peukalo suussaan.<\/p>\n\n\n\n<p class=\"wp-block-paragraph\">Heid\u00e4n takanaan oli musta roskapussi t\u00e4ynn\u00e4 vaatteita.<\/p>\n\n\n\n<p class=\"wp-block-paragraph\">Vanessa ty\u00f6nsi laukun minua kohti.<\/p>\n\n\n\n<p class=\"wp-block-paragraph\">&#171;En ole luotu t\u00e4h\u00e4n kamppailevan \u00e4idin el\u00e4m\u00e4\u00e4n&#187;, h\u00e4n sanoi. &#171;Tarvitsen vapautta.&#187;<\/p>\n\n\n\n<p class=\"wp-block-paragraph\">Tuijotin h\u00e4nt\u00e4.<\/p>\n\n\n\n<p class=\"wp-block-paragraph\">&#171;Vanessa, n\u00e4m\u00e4 ovat sinun lapsesi.&#187;<\/p>\n\n\n\n<p class=\"wp-block-paragraph\">&#171;Heill\u00e4 on parempi olla kanssasi.&#187;<\/p>\n\n\n\n<p class=\"wp-block-paragraph\">Sitten h\u00e4n k\u00e4\u00e4ntyi ymp\u00e4ri, nousi autoonsa ja ajoi pois.<\/p>\n\n\n\n<p class=\"wp-block-paragraph\">Aivan noin vain.<\/p>\n\n\n\n<p class=\"wp-block-paragraph\">Jeffrey nyk\u00e4isi hihaani.<\/p>\n\n\n\n<p class=\"wp-block-paragraph\">&#171;Mummo?&#187;<\/p>\n\n\n\n<p class=\"wp-block-paragraph\">Polvistuin ja halasin molempia poikia.<\/p>\n\n\n\n<p class=\"wp-block-paragraph\">Siit\u00e4 hetkest\u00e4 l\u00e4htien minusta tuli kaikki, mit\u00e4 he tarvitsivat.<\/p>\n\n\n\n<p class=\"wp-block-paragraph\">Heid\u00e4n iso\u00e4itins\u00e4.<\/p>\n\n\n\n<p class=\"wp-block-paragraph\">Heid\u00e4n \u00e4itins\u00e4.<\/p>\n\n\n\n<p class=\"wp-block-paragraph\">Heid\u00e4n suojelijansa.<\/p>\n\n\n\n<p class=\"wp-block-paragraph\">Kaksivuotiaiden kaksosten kasvattaminen kuusikymment\u00e4kolmevuotiaana ei ollut helppoa.<\/p>\n\n\n\n<p class=\"wp-block-paragraph\">S\u00e4\u00e4st\u00f6ni hupenivat nopeasti, joten palasin t\u00f6ihin. Tein ylim\u00e4\u00e4r\u00e4isi\u00e4 vuoroja ruokakaupassa ja iltaisin sekoitin yrttiteet\u00e4 keitti\u00f6ss\u00e4ni.<\/p>\n\n\n\n<p class=\"wp-block-paragraph\">Kamomillaa.<\/p>\n\n\n\n<p class=\"wp-block-paragraph\">Minttua.<\/p>\n\n\n\n<p class=\"wp-block-paragraph\">Kuivattuja appelsiininkuoria.<\/p>\n\n\n\n<p class=\"wp-block-paragraph\">Yksi naapureistani ehdotti, ett\u00e4 myisin niit\u00e4 maanviljelij\u00f6iden markkinoilla.<\/p>\n\n\n\n<p class=\"wp-block-paragraph\">Ensimm\u00e4isen\u00e4 viikonloppuna ansaitsin nelj\u00e4kymment\u00e4seitsem\u00e4n dollaria.<\/p>\n\n\n\n<p class=\"wp-block-paragraph\">Sitten kolmesataa.<\/p>\n\n\n\n<p class=\"wp-block-paragraph\">Sitten enemm\u00e4n.<\/p>\n\n\n\n<p class=\"wp-block-paragraph\">Lopulta avasin pienen verkkokaupan.<\/p>\n\n\n\n<p class=\"wp-block-paragraph\">Vuodet kuluivat, ja ep\u00e4toivoisena sivubisneksen\u00e4 alkanut yritys oli kasvanut t\u00e4ysimittaiseksi liiketoiminnaksi.<\/p>\n\n\n\n<p class=\"wp-block-paragraph\">Siihen menness\u00e4, kun Jeffrey ja George olivat lukiossa, minulla oli ty\u00f6ntekij\u00f6it\u00e4, varasto ja sopimuksia kahviloiden kanssa ymp\u00e4ri osavaltiota.<\/p>\n\n\n\n<p class=\"wp-block-paragraph\">Mutta mik\u00e4\u00e4n niist\u00e4 ei merkinnyt minulle yht\u00e4 paljon kuin nuo pojat.<\/p>\n\n\n\n<p class=\"wp-block-paragraph\">Jeffrey oli huomaavainen ja hiljainen.<\/p>\n\n\n\n<p class=\"wp-block-paragraph\">George oli energinen ja aina naurava.<\/p>\n\n\n\n<p class=\"wp-block-paragraph\">He kysyiv\u00e4t usein is\u00e4st\u00e4\u00e4n.<\/p>\n\n\n\n<p class=\"wp-block-paragraph\">L\u00e4hes koskaan \u00e4idist\u00e4\u00e4n.<\/p>\n\n\n\n<p class=\"wp-block-paragraph\">Vanessa ei koskaan soittanut.<\/p>\n\n\n\n<p class=\"wp-block-paragraph\">Ei koskaan k\u00e4ynyt heid\u00e4n luonaan.<\/p>\n\n\n\n<p class=\"wp-block-paragraph\">Ei koskaan l\u00e4hett\u00e4nyt syntym\u00e4p\u00e4iv\u00e4kortteja.<\/p>\n\n\n\n<p class=\"wp-block-paragraph\">Ei koskaan maksanut elatusapua.<\/p>\n\n\n\n<p class=\"wp-block-paragraph\">H\u00e4n katosi kokonaan kymmeneksi vuodeksi.<\/p>\n\n\n\n<p class=\"wp-block-paragraph\">Luulin, ett\u00e4 olimme vihdoin turvassa.<\/p>\n\n\n\n<p class=\"wp-block-paragraph\">Sitten er\u00e4\u00e4n\u00e4 iltap\u00e4iv\u00e4n\u00e4 turvapuhelin soi.<\/p>\n\n\n\n<p class=\"wp-block-paragraph\">Vanessa seisoi porttini ulkopuolella.<\/p>\n\n\n\n<p class=\"wp-block-paragraph\">H\u00e4nen vieress\u00e4\u00e4n seisoi h\u00e4nen asianajajansa.<\/p>\n\n\n\n<p class=\"wp-block-paragraph\">H\u00e4n n\u00e4ytti vanhemmalta, tyylikk\u00e4\u00e4mm\u00e4lt\u00e4 ja kalliimmin pukeutuneelta.<\/p>\n\n\n\n<p class=\"wp-block-paragraph\">H\u00e4n ei kysynyt, miten pojille kuuluu.<\/p>\n\n\n\n<p class=\"wp-block-paragraph\">H\u00e4n ei kysynyt, olivatko he onnellisia.<\/p>\n\n\n\n<p class=\"wp-block-paragraph\">H\u00e4n vain ojensi minulle lakipaperit.<\/p>\n\n\n\n<p class=\"wp-block-paragraph\">H\u00e4n vaati t\u00e4ytt\u00e4 huoltajuutta.<\/p>\n\n\n\n<p class=\"wp-block-paragraph\">&#171;J\u00e4tit heid\u00e4t&#187;, kuiskasin.<\/p>\n\n\n\n<p class=\"wp-block-paragraph\">H\u00e4nen hymyns\u00e4 oli kylm\u00e4.<\/p>\n\n\n\n<p class=\"wp-block-paragraph\">&#171;Tein virheit\u00e4.&#187;<\/p>\n\n\n\n<p class=\"wp-block-paragraph\">&#171;Olet ollut kadoksissa kymmenen vuotta.&#187;<\/p>\n\n\n\n<p class=\"wp-block-paragraph\">&#171;Ihmiset muuttuvat.&#187;<\/p>\n\n\n\n<p class=\"wp-block-paragraph\">Soitin heti asianajajalleni.<\/p>\n\n\n\n<p class=\"wp-block-paragraph\">H\u00e4n varoitti minua, ett\u00e4 joskus biologisille vanhemmille annetaan uusi mahdollisuus, jos he pystyv\u00e4t vakuuttamaan oikeuden siit\u00e4, ett\u00e4 he ovat muuttuneet.<\/p>\n\n\n\n<p class=\"wp-block-paragraph\">Se pelotti minua.<\/p>\n\n\n\n<p class=\"wp-block-paragraph\">Mutta se, mit\u00e4 tapahtui seuraavaksi, pelotti minua viel\u00e4 enemm\u00e4n.<\/p>\n\n\n\n<p class=\"wp-block-paragraph\">Vanessa seurasi minua keitti\u00f6\u00f6n.<\/p>\n\n\n\n<p class=\"wp-block-paragraph\">&#171;Pid\u00e4n asian yksinkertaisena&#187;, h\u00e4n sanoi.<\/p>\n\n\n\n<p class=\"wp-block-paragraph\">K\u00e4\u00e4nnyin h\u00e4nen puoleensa.<\/p>\n\n\n\n<p class=\"wp-block-paragraph\">H\u00e4n laski \u00e4\u00e4nt\u00e4\u00e4n.<\/p>\n\n\n\n<p class=\"wp-block-paragraph\">&#171;Tied\u00e4n tarkalleen, kuinka paljon yrityksesi on arvoinen.&#187;<\/p>\n\n\n\n<p class=\"wp-block-paragraph\">Vatsani puristui.<\/p>\n\n\n\n<p class=\"wp-block-paragraph\">&#171;Anna minulle viisikymment\u00e4yksi prosenttia, niin hylk\u00e4\u00e4n huoltajuusjutun.&#187;<\/p>\n\n\n\n<p class=\"wp-block-paragraph\">En pystynyt puhumaan muutamaan sekuntiin.<\/p>\n\n\n\n<p class=\"wp-block-paragraph\">&#171;Haluatko seuraani?&#187;<\/p>\n\n\n\n<p class=\"wp-block-paragraph\">&#171;Haluan turvaa.&#187;<\/p>\n\n\n\n<p class=\"wp-block-paragraph\">&#171;Ent\u00e4 jos sanon ei?&#187;<\/p>\n\n\n\n<p class=\"wp-block-paragraph\">H\u00e4nen katseensa kovettui.<\/p>\n\n\n\n<p class=\"wp-block-paragraph\">&#171;Vien pojat pois osavaltiosta. Et koskaan en\u00e4\u00e4 n\u00e4e heit\u00e4.&#187;<\/p>\n\n\n\n<p class=\"wp-block-paragraph\">K\u00e4teni t\u00e4risiv\u00e4t.<\/p>\n\n\n\n<p class=\"wp-block-paragraph\">Mutta sanoin vain yhden sanan.<\/p>\n\n\n\n<p class=\"wp-block-paragraph\">&#171;Ei.&#187;<\/p>\n\n\n\n<p class=\"wp-block-paragraph\">Kolme viikkoa my\u00f6hemmin olimme oikeudessa.<\/p>\n\n\n\n<p class=\"wp-block-paragraph\">Vanessa saapui tyylikk\u00e4\u00e4ss\u00e4 puvussa ja oli mestari itkem\u00e4\u00e4n k\u00e4skyst\u00e4.<\/p>\n\n\n\n<p class=\"wp-block-paragraph\">&#171;Olin nuori&#187;, h\u00e4n kertoi tuomarille. &#171;Surein. Tein kauheita p\u00e4\u00e4t\u00f6ksi\u00e4, mutta olen muuttunut.&#187;<\/p>\n\n\n\n<p class=\"wp-block-paragraph\">Sitten h\u00e4n katsoi minua.<\/p>\n\n\n\n<p class=\"wp-block-paragraph\">\u201dAnoppini on seitsem\u00e4nkymment\u00e4kolmevuotias. Olen huolissani h\u00e4nen kyvyst\u00e4\u00e4n kasvattaa kahta teini-ik\u00e4ist\u00e4 poikaa.\u201d<\/p>\n\n\n\n<p class=\"wp-block-paragraph\">Tuomari kuunteli tarkkaavaisesti.<\/p>\n\n\n\n<p class=\"wp-block-paragraph\">Liiankin tarkkaavaisesti.<\/p>\n\n\n\n<p class=\"wp-block-paragraph\">Syd\u00e4meni hakkasi.<\/p>\n\n\n\n<p class=\"wp-block-paragraph\">Sitten Jeffrey nousi yht\u00e4kki\u00e4 seisomaan.<\/p>\n\n\n\n<p class=\"wp-block-paragraph\">George seisoi h\u00e4nen vieress\u00e4\u00e4n.<\/p>\n\n\n\n<p class=\"wp-block-paragraph\">Vanessa hymyili aivan kuin olisi luullut heid\u00e4n tulevan h\u00e4nen luokseen.<\/p>\n\n\n\n<p class=\"wp-block-paragraph\">Jeffrey k\u00e4veli tuomarin luo.<\/p>\n\n\n\n<p class=\"wp-block-paragraph\">H\u00e4nen k\u00e4tens\u00e4 t\u00e4risiv\u00e4t.<\/p>\n\n\n\n<p class=\"wp-block-paragraph\">H\u00e4n katsoi Vanessaa ja sitten tuomaria.<\/p>\n\n\n\n<p class=\"wp-block-paragraph\">Ja sanoi viisi sanaa.<\/p>\n\n\n\n<p class=\"wp-block-paragraph\">&#171;H\u00e4n on jo kerran hyl\u00e4nnyt meid\u00e4t.&#187;<\/p>\n\n\n\n<p class=\"wp-block-paragraph\">Koko oikeussali hiljeni.<\/p>\n\n\n\n<p class=\"wp-block-paragraph\">Vanessan hymy katosi.<\/p>\n\n\n\n<p class=\"wp-block-paragraph\">Jeffrey nielaisi syv\u00e4\u00e4n.<\/p>\n\n\n\n<p class=\"wp-block-paragraph\">&#171;H\u00e4n ei koskaan soittanut meille. H\u00e4n ei koskaan k\u00e4ynyt luonamme. Iso\u00e4iti kasvatti meid\u00e4t. Iso\u00e4iti j\u00e4i.&#187;<\/p>\n\n\n\n<p class=\"wp-block-paragraph\">George astui eteenp\u00e4in.<\/p>\n\n\n\n<p class=\"wp-block-paragraph\">&#171;H\u00e4n ei halua meit\u00e4.&#187;<\/p>\n\n\n\n<p class=\"wp-block-paragraph\">Vanessa s\u00e4ps\u00e4hti.<\/p>\n\n\n\n<p class=\"wp-block-paragraph\">&#171;Se ei ole totta!&#187;<\/p>\n\n\n\n<p class=\"wp-block-paragraph\">George katsoi suoraan h\u00e4neen.<\/p>\n\n\n\n<p class=\"wp-block-paragraph\">&#171;Miksi sitten pyysit iso\u00e4idilt\u00e4 seuraa?&#187;<\/p>\n\n\n\n<p class=\"wp-block-paragraph\">Vanessa j\u00e4hmettyi.<\/p>\n\n\n\n<p class=\"wp-block-paragraph\">H\u00e4nen asianajajansa k\u00e4\u00e4ntyi h\u00e4neen p\u00e4in.<\/p>\n\n\n\n<p class=\"wp-block-paragraph\">Tuomarin ilme muuttui v\u00e4litt\u00f6m\u00e4sti.<\/p>\n\n\n\n<p class=\"wp-block-paragraph\">Asianajajani nousi seisomaan.<\/p>\n\n\n\n<p class=\"wp-block-paragraph\">&#171;Arvoisa tuomari, meill\u00e4 on todisteita t\u00e4m\u00e4n v\u00e4itteen tueksi.&#187;<\/p>\n\n\n\n<p class=\"wp-block-paragraph\">Ennen kuin Vanessa tuli keitti\u00f6\u00f6ni sin\u00e4 p\u00e4iv\u00e4n\u00e4, kodin turvaj\u00e4rjestelm\u00e4 oli jo tallentanut.<\/p>\n\n\n\n<p class=\"wp-block-paragraph\">Jokainen sana.<\/p>\n\n\n\n<p class=\"wp-block-paragraph\">Jokainen uhkaus.<\/p>\n\n\n\n<p class=\"wp-block-paragraph\">Jokainen vaatimus 51 prosentista liiketoimistani.<\/p>\n\n\n\n<p class=\"wp-block-paragraph\">Tallenne soitettiin oikeudessa.<\/p>\n\n\n\n<p class=\"wp-block-paragraph\">Vanessan \u00e4\u00e4ni t\u00e4ytti oikeussalin.<\/p>\n\n\n\n<p class=\"wp-block-paragraph\">&#171;Anna minulle 51 prosenttia liiketoimistasi, niin ved\u00e4n kanteen.&#187;<\/p>\n\n\n\n<p class=\"wp-block-paragraph\">Sitten tuli toinen osa.<\/p>\n\n\n\n<p class=\"wp-block-paragraph\">&#171;Jos kielt\u00e4ydyt, vien pojat pois osavaltiosta.&#187;<\/p>\n\n\n\n<p class=\"wp-block-paragraph\">Vanessa kalpeni.<\/p>\n\n\n\n<p class=\"wp-block-paragraph\">H\u00e4nen asianajajansa laski katseensa.<\/p>\n\n\n\n<p class=\"wp-block-paragraph\">Tuomari n\u00e4ytti raivoisalta.<\/p>\n\n\n\n<p class=\"wp-block-paragraph\">&#171;T\u00e4m\u00e4 oikeus ei suvaitse lasten k\u00e4ytt\u00f6\u00e4 vipuvartena taloudellisessa kiistassa.&#187;<\/p>\n\n\n\n<p class=\"wp-block-paragraph\">Vanessa yritti puhua.<\/p>\n\n\n\n<p class=\"wp-block-paragraph\">&#171;Arvoisa tuomari, voin selitt\u00e4\u00e4\u2014&#187;<\/p>\n\n\n\n<p class=\"wp-block-paragraph\">&#171;Ei&#187;, tuomari sanoi. &#171;Olette selitt\u00e4nyt tarpeeksi.&#187;<\/p>\n\n\n\n<p class=\"wp-block-paragraph\">Muutaman minuutin kuluttua h\u00e4n p\u00e4\u00e4tti, ett\u00e4 pojat pysyisiv\u00e4t minun huostassani.<\/p>\n\n\n\n<p class=\"wp-block-paragraph\">Polveni melkein pettiv\u00e4t.<\/p>\n\n\n\n<p class=\"wp-block-paragraph\">George halasi minua heti.<\/p>\n\n\n\n<p class=\"wp-block-paragraph\">Jeffrey yritti pysy\u00e4 rauhallisena, mutta kyyneleet virtasivat h\u00e4nen kasvojaan pitkin.<\/p>\n\n\n\n<p class=\"wp-block-paragraph\">Oikeustalon ulkopuolella Vanessa seisoi muutaman metrin p\u00e4\u00e4ss\u00e4.<\/p>\n\n\n\n<p class=\"wp-block-paragraph\">T\u00e4ll\u00e4 kertaa h\u00e4nell\u00e4 ei ollut mit\u00e4\u00e4n sanottavaa.<\/p>\n\n\n\n<p class=\"wp-block-paragraph\">George kietoi k\u00e4tens\u00e4 vy\u00f6t\u00e4r\u00f6ni ymp\u00e4rille.<\/p>\n\n\n\n<p class=\"wp-block-paragraph\">&#171;Sin\u00e4 teit sen, mummo.&#187;<\/p>\n\n\n\n<p class=\"wp-block-paragraph\">Pudistin p\u00e4\u00e4t\u00e4ni.<\/p>\n\n\n\n<p class=\"wp-block-paragraph\">&#171;Ei, kulta.&#187;<\/p>\n\n\n\n<p class=\"wp-block-paragraph\">Katsoin molempia poikia.<\/p>\n\n\n\n<p class=\"wp-block-paragraph\">&#171;Me teimme sen.&#187;<\/p>\n\n\n\n<p class=\"wp-block-paragraph\">Jeffrey laski p\u00e4\u00e4ns\u00e4 olkap\u00e4\u00e4lleni.<\/p>\n\n\n\n<p class=\"wp-block-paragraph\">Olin el\u00e4nyt kymmenen vuotta pelossa, ett\u00e4 jonain p\u00e4iv\u00e4n\u00e4 joku saattaisi vied\u00e4 heid\u00e4t minulta.<\/p>\n\n\n\n<p class=\"wp-block-paragraph\">Mutta seisoessani siin\u00e4 kahden kasvattamani pojan v\u00e4liss\u00e4 tajusin vihdoin yhden asian.<\/p>\n\n\n\n<p class=\"wp-block-paragraph\">Perhe ei ole aina ne ihmiset, jotka antoivat sinulle el\u00e4m\u00e4n.<\/p>\n\n\n\n<p class=\"wp-block-paragraph\">Joskus perhe on ne ihmiset, jotka j\u00e4\u00e4v\u00e4t, kun kaikki muut l\u00e4htev\u00e4t.<\/p>\n\n\n\n<p class=\"wp-block-paragraph\"><\/p>\n","protected":false},"excerpt":{"rendered":"Mini\u00e4ni j\u00e4tti kaksivuotiaat kaksoset ovensuulle vain p\u00e4ivi\u00e4 poikani kuoleman j\u00e4lkeen \u2013 h\u00e4n palasi kymmenen vuotta my\u00f6hemmin vaatien lasten t\u00e4ytt\u00e4 huoltajuutta\u2026 Mutta kun yksi \n<a class=\"moretag\" href=\"https:\/\/filan.am\/?p=4014\"> [...]<\/a>","protected":false},"author":1,"featured_media":4015,"comment_status":"open","ping_status":"open","sticky":false,"template":"","format":"standard","meta":{"footnotes":""},"categories":[1],"tags":[],"class_list":["post-4014","post","type-post","status-publish","format-standard","has-post-thumbnail","hentry","category-news"],"yoast_head":"<!-- This site is optimized with the Yoast SEO plugin v28.3 - https:\/\/yoast.com\/product\/yoast-seo-wordpress\/ -->\n<title>Mini\u00e4ni j\u00e4tti kaksivuotiaat kaksoset ovelleni vain p\u00e4ivi\u00e4 poikani kuoleman j\u00e4lkeen \u2013 10 vuotta my\u00f6hemmin h\u00e4n palasi vaatien lasten t\u00e4ytt\u00e4 huoltajuutta... Mutta kun yksi pojista nousi tuomarin eteen ja sanoi viisi sanaa, koko oikeussali hiljeni. -<\/title>\n<meta name=\"robots\" content=\"index, follow, max-snippet:-1, max-image-preview:large, max-video-preview:-1\" \/>\n<link rel=\"canonical\" href=\"https:\/\/filan.am\/?p=4014\" \/>\n<meta property=\"og:locale\" content=\"ru_RU\" \/>\n<meta property=\"og:type\" content=\"article\" \/>\n<meta property=\"og:title\" content=\"Mini\u00e4ni j\u00e4tti kaksivuotiaat kaksoset ovelleni vain p\u00e4ivi\u00e4 poikani kuoleman j\u00e4lkeen \u2013 10 vuotta my\u00f6hemmin h\u00e4n palasi vaatien lasten t\u00e4ytt\u00e4 huoltajuutta... Mutta kun yksi pojista nousi tuomarin eteen ja sanoi viisi sanaa, koko oikeussali hiljeni. -\" \/>\n<meta property=\"og:description\" content=\"Mini\u00e4ni j\u00e4tti kaksivuotiaat kaksoset ovensuulle vain p\u00e4ivi\u00e4 poikani kuoleman j\u00e4lkeen \u2013 h\u00e4n palasi kymmenen vuotta my\u00f6hemmin vaatien lasten t\u00e4ytt\u00e4 huoltajuutta\u2026 Mutta kun yksi\" \/>\n<meta property=\"og:url\" content=\"https:\/\/filan.am\/?p=4014\" \/>\n<meta property=\"article:published_time\" content=\"2026-08-30T17:48:54+00:00\" \/>\n<meta property=\"article:modified_time\" content=\"2026-08-30T17:48:55+00:00\" \/>\n<meta property=\"og:image\" content=\"https:\/\/filan.am\/wp-content\/uploads\/2026\/08\/00000000000000222222.png\" \/>\n\t<meta property=\"og:image:width\" content=\"506\" \/>\n\t<meta property=\"og:image:height\" content=\"630\" \/>\n\t<meta property=\"og:image:type\" content=\"image\/png\" \/>\n<meta name=\"author\" content=\"filanam\" \/>\n<meta name=\"twitter:card\" content=\"summary_large_image\" \/>\n<meta name=\"twitter:label1\" content=\"\u041d\u0430\u043f\u0438\u0441\u0430\u043d\u043e \u0430\u0432\u0442\u043e\u0440\u043e\u043c\" \/>\n\t<meta name=\"twitter:data1\" content=\"filanam\" \/>\n\t<meta name=\"twitter:label2\" content=\"\u041f\u0440\u0438\u043c\u0435\u0440\u043d\u043e\u0435 \u0432\u0440\u0435\u043c\u044f \u0434\u043b\u044f \u0447\u0442\u0435\u043d\u0438\u044f\" \/>\n\t<meta name=\"twitter:data2\" content=\"7 \u043c\u0438\u043d\u0443\u0442\" \/>\n<script type=\"application\/ld+json\" class=\"yoast-schema-graph\">{\"@context\":\"https:\\\/\\\/schema.org\",\"@graph\":[{\"@type\":\"Article\",\"@id\":\"https:\\\/\\\/filan.am\\\/?p=4014#article\",\"isPartOf\":{\"@id\":\"https:\\\/\\\/filan.am\\\/?p=4014\"},\"author\":{\"name\":\"filanam\",\"@id\":\"https:\\\/\\\/filan.am\\\/#\\\/schema\\\/person\\\/b51c4ec26a4fec8a4f9b3ae0356b8f23\"},\"headline\":\"Mini\u00e4ni j\u00e4tti kaksivuotiaat kaksoset ovelleni vain p\u00e4ivi\u00e4 poikani kuoleman j\u00e4lkeen \u2013 10 vuotta my\u00f6hemmin h\u00e4n palasi vaatien lasten t\u00e4ytt\u00e4 huoltajuutta&#8230; Mutta kun yksi pojista nousi tuomarin eteen ja sanoi viisi sanaa, koko oikeussali hiljeni.\",\"datePublished\":\"2026-08-30T17:48:54+00:00\",\"dateModified\":\"2026-08-30T17:48:55+00:00\",\"mainEntityOfPage\":{\"@id\":\"https:\\\/\\\/filan.am\\\/?p=4014\"},\"wordCount\":1356,\"commentCount\":0,\"image\":{\"@id\":\"https:\\\/\\\/filan.am\\\/?p=4014#primaryimage\"},\"thumbnailUrl\":\"https:\\\/\\\/filan.am\\\/wp-content\\\/uploads\\\/2026\\\/08\\\/00000000000000222222.png\",\"articleSection\":[\"NEWS\"],\"inLanguage\":\"ru-RU\",\"potentialAction\":[{\"@type\":\"CommentAction\",\"name\":\"Comment\",\"target\":[\"https:\\\/\\\/filan.am\\\/?p=4014#respond\"]}]},{\"@type\":\"WebPage\",\"@id\":\"https:\\\/\\\/filan.am\\\/?p=4014\",\"url\":\"https:\\\/\\\/filan.am\\\/?p=4014\",\"name\":\"Mini\u00e4ni j\u00e4tti kaksivuotiaat kaksoset ovelleni vain p\u00e4ivi\u00e4 poikani kuoleman j\u00e4lkeen \u2013 10 vuotta my\u00f6hemmin h\u00e4n palasi vaatien lasten t\u00e4ytt\u00e4 huoltajuutta... Mutta kun yksi pojista nousi tuomarin eteen ja sanoi viisi sanaa, koko oikeussali hiljeni. -\",\"isPartOf\":{\"@id\":\"https:\\\/\\\/filan.am\\\/#website\"},\"primaryImageOfPage\":{\"@id\":\"https:\\\/\\\/filan.am\\\/?p=4014#primaryimage\"},\"image\":{\"@id\":\"https:\\\/\\\/filan.am\\\/?p=4014#primaryimage\"},\"thumbnailUrl\":\"https:\\\/\\\/filan.am\\\/wp-content\\\/uploads\\\/2026\\\/08\\\/00000000000000222222.png\",\"datePublished\":\"2026-08-30T17:48:54+00:00\",\"dateModified\":\"2026-08-30T17:48:55+00:00\",\"author\":{\"@id\":\"https:\\\/\\\/filan.am\\\/#\\\/schema\\\/person\\\/b51c4ec26a4fec8a4f9b3ae0356b8f23\"},\"breadcrumb\":{\"@id\":\"https:\\\/\\\/filan.am\\\/?p=4014#breadcrumb\"},\"inLanguage\":\"ru-RU\",\"potentialAction\":[{\"@type\":\"ReadAction\",\"target\":[\"https:\\\/\\\/filan.am\\\/?p=4014\"]}]},{\"@type\":\"ImageObject\",\"inLanguage\":\"ru-RU\",\"@id\":\"https:\\\/\\\/filan.am\\\/?p=4014#primaryimage\",\"url\":\"https:\\\/\\\/filan.am\\\/wp-content\\\/uploads\\\/2026\\\/08\\\/00000000000000222222.png\",\"contentUrl\":\"https:\\\/\\\/filan.am\\\/wp-content\\\/uploads\\\/2026\\\/08\\\/00000000000000222222.png\",\"width\":506,\"height\":630},{\"@type\":\"BreadcrumbList\",\"@id\":\"https:\\\/\\\/filan.am\\\/?p=4014#breadcrumb\",\"itemListElement\":[{\"@type\":\"ListItem\",\"position\":1,\"name\":\"\u0413\u043b\u0430\u0432\u043d\u0430\u044f \u0441\u0442\u0440\u0430\u043d\u0438\u0446\u0430\",\"item\":\"https:\\\/\\\/filan.am\\\/\"},{\"@type\":\"ListItem\",\"position\":2,\"name\":\"Mini\u00e4ni j\u00e4tti kaksivuotiaat kaksoset ovelleni vain p\u00e4ivi\u00e4 poikani kuoleman j\u00e4lkeen \u2013 10 vuotta my\u00f6hemmin h\u00e4n palasi vaatien lasten t\u00e4ytt\u00e4 huoltajuutta&#8230; Mutta kun yksi pojista nousi tuomarin eteen ja sanoi viisi sanaa, koko oikeussali hiljeni.\"}]},{\"@type\":\"WebSite\",\"@id\":\"https:\\\/\\\/filan.am\\\/#website\",\"url\":\"https:\\\/\\\/filan.am\\\/\",\"name\":\"\",\"description\":\"\",\"potentialAction\":[{\"@type\":\"SearchAction\",\"target\":{\"@type\":\"EntryPoint\",\"urlTemplate\":\"https:\\\/\\\/filan.am\\\/?s={search_term_string}\"},\"query-input\":{\"@type\":\"PropertyValueSpecification\",\"valueRequired\":true,\"valueName\":\"search_term_string\"}}],\"inLanguage\":\"ru-RU\"},{\"@type\":\"Person\",\"@id\":\"https:\\\/\\\/filan.am\\\/#\\\/schema\\\/person\\\/b51c4ec26a4fec8a4f9b3ae0356b8f23\",\"name\":\"filanam\",\"image\":{\"@type\":\"ImageObject\",\"inLanguage\":\"ru-RU\",\"@id\":\"https:\\\/\\\/secure.gravatar.com\\\/avatar\\\/a24f4ac3a683f3c87303db525abc00db51ea26ccedee11dfaf1cc0f9a481a5d2?s=96&d=mm&r=g\",\"url\":\"https:\\\/\\\/secure.gravatar.com\\\/avatar\\\/a24f4ac3a683f3c87303db525abc00db51ea26ccedee11dfaf1cc0f9a481a5d2?s=96&d=mm&r=g\",\"contentUrl\":\"https:\\\/\\\/secure.gravatar.com\\\/avatar\\\/a24f4ac3a683f3c87303db525abc00db51ea26ccedee11dfaf1cc0f9a481a5d2?s=96&d=mm&r=g\",\"caption\":\"filanam\"},\"sameAs\":[\"http:\\\/\\\/filan.am\"],\"url\":\"https:\\\/\\\/filan.am\\\/?author=1\"}]}<\/script>\n<!-- \/ Yoast SEO plugin. -->","yoast_head_json":{"title":"Mini\u00e4ni j\u00e4tti kaksivuotiaat kaksoset ovelleni vain p\u00e4ivi\u00e4 poikani kuoleman j\u00e4lkeen \u2013 10 vuotta my\u00f6hemmin h\u00e4n palasi vaatien lasten t\u00e4ytt\u00e4 huoltajuutta... Mutta kun yksi pojista nousi tuomarin eteen ja sanoi viisi sanaa, koko oikeussali hiljeni. -","robots":{"index":"index","follow":"follow","max-snippet":"max-snippet:-1","max-image-preview":"max-image-preview:large","max-video-preview":"max-video-preview:-1"},"canonical":"https:\/\/filan.am\/?p=4014","og_locale":"ru_RU","og_type":"article","og_title":"Mini\u00e4ni j\u00e4tti kaksivuotiaat kaksoset ovelleni vain p\u00e4ivi\u00e4 poikani kuoleman j\u00e4lkeen \u2013 10 vuotta my\u00f6hemmin h\u00e4n palasi vaatien lasten t\u00e4ytt\u00e4 huoltajuutta... Mutta kun yksi pojista nousi tuomarin eteen ja sanoi viisi sanaa, koko oikeussali hiljeni. -","og_description":"Mini\u00e4ni j\u00e4tti kaksivuotiaat kaksoset ovensuulle vain p\u00e4ivi\u00e4 poikani kuoleman j\u00e4lkeen \u2013 h\u00e4n palasi kymmenen vuotta my\u00f6hemmin vaatien lasten t\u00e4ytt\u00e4 huoltajuutta\u2026 Mutta kun yksi","og_url":"https:\/\/filan.am\/?p=4014","article_published_time":"2026-08-30T17:48:54+00:00","article_modified_time":"2026-08-30T17:48:55+00:00","og_image":[{"width":506,"height":630,"url":"https:\/\/filan.am\/wp-content\/uploads\/2026\/08\/00000000000000222222.png","type":"image\/png"}],"author":"filanam","twitter_card":"summary_large_image","twitter_misc":{"\u041d\u0430\u043f\u0438\u0441\u0430\u043d\u043e \u0430\u0432\u0442\u043e\u0440\u043e\u043c":"filanam","\u041f\u0440\u0438\u043c\u0435\u0440\u043d\u043e\u0435 \u0432\u0440\u0435\u043c\u044f \u0434\u043b\u044f \u0447\u0442\u0435\u043d\u0438\u044f":"7 \u043c\u0438\u043d\u0443\u0442"},"schema":{"@context":"https:\/\/schema.org","@graph":[{"@type":"Article","@id":"https:\/\/filan.am\/?p=4014#article","isPartOf":{"@id":"https:\/\/filan.am\/?p=4014"},"author":{"name":"filanam","@id":"https:\/\/filan.am\/#\/schema\/person\/b51c4ec26a4fec8a4f9b3ae0356b8f23"},"headline":"Mini\u00e4ni j\u00e4tti kaksivuotiaat kaksoset ovelleni vain p\u00e4ivi\u00e4 poikani kuoleman j\u00e4lkeen \u2013 10 vuotta my\u00f6hemmin h\u00e4n palasi vaatien lasten t\u00e4ytt\u00e4 huoltajuutta&#8230; Mutta kun yksi pojista nousi tuomarin eteen ja sanoi viisi sanaa, koko oikeussali hiljeni.","datePublished":"2026-08-30T17:48:54+00:00","dateModified":"2026-08-30T17:48:55+00:00","mainEntityOfPage":{"@id":"https:\/\/filan.am\/?p=4014"},"wordCount":1356,"commentCount":0,"image":{"@id":"https:\/\/filan.am\/?p=4014#primaryimage"},"thumbnailUrl":"https:\/\/filan.am\/wp-content\/uploads\/2026\/08\/00000000000000222222.png","articleSection":["NEWS"],"inLanguage":"ru-RU","potentialAction":[{"@type":"CommentAction","name":"Comment","target":["https:\/\/filan.am\/?p=4014#respond"]}]},{"@type":"WebPage","@id":"https:\/\/filan.am\/?p=4014","url":"https:\/\/filan.am\/?p=4014","name":"Mini\u00e4ni j\u00e4tti kaksivuotiaat kaksoset ovelleni vain p\u00e4ivi\u00e4 poikani kuoleman j\u00e4lkeen \u2013 10 vuotta my\u00f6hemmin h\u00e4n palasi vaatien lasten t\u00e4ytt\u00e4 huoltajuutta... Mutta kun yksi pojista nousi tuomarin eteen ja sanoi viisi sanaa, koko oikeussali hiljeni. -","isPartOf":{"@id":"https:\/\/filan.am\/#website"},"primaryImageOfPage":{"@id":"https:\/\/filan.am\/?p=4014#primaryimage"},"image":{"@id":"https:\/\/filan.am\/?p=4014#primaryimage"},"thumbnailUrl":"https:\/\/filan.am\/wp-content\/uploads\/2026\/08\/00000000000000222222.png","datePublished":"2026-08-30T17:48:54+00:00","dateModified":"2026-08-30T17:48:55+00:00","author":{"@id":"https:\/\/filan.am\/#\/schema\/person\/b51c4ec26a4fec8a4f9b3ae0356b8f23"},"breadcrumb":{"@id":"https:\/\/filan.am\/?p=4014#breadcrumb"},"inLanguage":"ru-RU","potentialAction":[{"@type":"ReadAction","target":["https:\/\/filan.am\/?p=4014"]}]},{"@type":"ImageObject","inLanguage":"ru-RU","@id":"https:\/\/filan.am\/?p=4014#primaryimage","url":"https:\/\/filan.am\/wp-content\/uploads\/2026\/08\/00000000000000222222.png","contentUrl":"https:\/\/filan.am\/wp-content\/uploads\/2026\/08\/00000000000000222222.png","width":506,"height":630},{"@type":"BreadcrumbList","@id":"https:\/\/filan.am\/?p=4014#breadcrumb","itemListElement":[{"@type":"ListItem","position":1,"name":"\u0413\u043b\u0430\u0432\u043d\u0430\u044f \u0441\u0442\u0440\u0430\u043d\u0438\u0446\u0430","item":"https:\/\/filan.am\/"},{"@type":"ListItem","position":2,"name":"Mini\u00e4ni j\u00e4tti kaksivuotiaat kaksoset ovelleni vain p\u00e4ivi\u00e4 poikani kuoleman j\u00e4lkeen \u2013 10 vuotta my\u00f6hemmin h\u00e4n palasi vaatien lasten t\u00e4ytt\u00e4 huoltajuutta&#8230; Mutta kun yksi pojista nousi tuomarin eteen ja sanoi viisi sanaa, koko oikeussali hiljeni."}]},{"@type":"WebSite","@id":"https:\/\/filan.am\/#website","url":"https:\/\/filan.am\/","name":"","description":"","potentialAction":[{"@type":"SearchAction","target":{"@type":"EntryPoint","urlTemplate":"https:\/\/filan.am\/?s={search_term_string}"},"query-input":{"@type":"PropertyValueSpecification","valueRequired":true,"valueName":"search_term_string"}}],"inLanguage":"ru-RU"},{"@type":"Person","@id":"https:\/\/filan.am\/#\/schema\/person\/b51c4ec26a4fec8a4f9b3ae0356b8f23","name":"filanam","image":{"@type":"ImageObject","inLanguage":"ru-RU","@id":"https:\/\/secure.gravatar.com\/avatar\/a24f4ac3a683f3c87303db525abc00db51ea26ccedee11dfaf1cc0f9a481a5d2?s=96&d=mm&r=g","url":"https:\/\/secure.gravatar.com\/avatar\/a24f4ac3a683f3c87303db525abc00db51ea26ccedee11dfaf1cc0f9a481a5d2?s=96&d=mm&r=g","contentUrl":"https:\/\/secure.gravatar.com\/avatar\/a24f4ac3a683f3c87303db525abc00db51ea26ccedee11dfaf1cc0f9a481a5d2?s=96&d=mm&r=g","caption":"filanam"},"sameAs":["http:\/\/filan.am"],"url":"https:\/\/filan.am\/?author=1"}]}},"_links":{"self":[{"href":"https:\/\/filan.am\/index.php?rest_route=\/wp\/v2\/posts\/4014","targetHints":{"allow":["GET"]}}],"collection":[{"href":"https:\/\/filan.am\/index.php?rest_route=\/wp\/v2\/posts"}],"about":[{"href":"https:\/\/filan.am\/index.php?rest_route=\/wp\/v2\/types\/post"}],"author":[{"embeddable":true,"href":"https:\/\/filan.am\/index.php?rest_route=\/wp\/v2\/users\/1"}],"replies":[{"embeddable":true,"href":"https:\/\/filan.am\/index.php?rest_route=%2Fwp%2Fv2%2Fcomments&post=4014"}],"version-history":[{"count":1,"href":"https:\/\/filan.am\/index.php?rest_route=\/wp\/v2\/posts\/4014\/revisions"}],"predecessor-version":[{"id":4016,"href":"https:\/\/filan.am\/index.php?rest_route=\/wp\/v2\/posts\/4014\/revisions\/4016"}],"wp:featuredmedia":[{"embeddable":true,"href":"https:\/\/filan.am\/index.php?rest_route=\/wp\/v2\/media\/4015"}],"wp:attachment":[{"href":"https:\/\/filan.am\/index.php?rest_route=%2Fwp%2Fv2%2Fmedia&parent=4014"}],"wp:term":[{"taxonomy":"category","embeddable":true,"href":"https:\/\/filan.am\/index.php?rest_route=%2Fwp%2Fv2%2Fcategories&post=4014"},{"taxonomy":"post_tag","embeddable":true,"href":"https:\/\/filan.am\/index.php?rest_route=%2Fwp%2Fv2%2Ftags&post=4014"}],"curies":[{"name":"wp","href":"https:\/\/api.w.org\/{rel}","templated":true}]}}