{"id":1665,"date":"2026-05-01T14:25:32","date_gmt":"2026-05-01T11:25:32","guid":{"rendered":"https:\/\/filan.am\/?p=1665"},"modified":"2026-05-01T14:25:32","modified_gmt":"2026-05-01T11:25:32","slug":"tulin-kotiin-ja-loysin-vauvani-ulkoa-sateelta-aitini-torjui-hanet-ja-siskoni-nauroi","status":"publish","type":"post","link":"https:\/\/filan.am\/?p=1665","title":{"rendered":"Tulin kotiin ja l\u00f6ysin vauvani ulkoa sateelta \u2013 \u00e4itini torjui h\u00e4net ja siskoni nauroi"},"content":{"rendered":"\n<p>Palasin kotiin uupuneena ty\u00f6st\u00e4, mutta syd\u00e4meni t\u00e4yttyi yksinkertaisesta halusta pit\u00e4\u00e4 pient\u00e4ni syliss\u00e4. Mutta se, mit\u00e4 n\u00e4in ovella, kylmeni minua sis\u00e4lt\u00e4.<\/p>\n\n\n\n<p>Vauvani oli ulkona. Sateessa.<\/p>\n\n\n\n<figure class=\"wp-block-image size-large\"><img loading=\"lazy\" decoding=\"async\" width=\"819\" height=\"1024\" src=\"https:\/\/filan.am\/wp-content\/uploads\/2026\/05\/02000000000000000000022222222220-819x1024.jpg\" alt=\"\" class=\"wp-image-1666\" srcset=\"https:\/\/filan.am\/wp-content\/uploads\/2026\/05\/02000000000000000000022222222220-819x1024.jpg 819w, https:\/\/filan.am\/wp-content\/uploads\/2026\/05\/02000000000000000000022222222220-240x300.jpg 240w, https:\/\/filan.am\/wp-content\/uploads\/2026\/05\/02000000000000000000022222222220-768x960.jpg 768w, https:\/\/filan.am\/wp-content\/uploads\/2026\/05\/02000000000000000000022222222220.jpg 1080w\" sizes=\"auto, (max-width: 819px) 100vw, 819px\" \/><\/figure>\n\n\n\n<p>H\u00e4n itki, tukehtui nyyhkytt\u00e4en, vapisi aivan kuin h\u00e4nen pieni ruumiinsa ei kest\u00e4isi kylm\u00e4\u00e4.<\/p>\n\n\n\n<p>\u00c4itini seisoi oviaukossa liikkumattomana, t\u00e4ysin liikkumattomana.<\/p>\n\n\n\n<p>&#171;En aio kasvattaa jonkun toisen lasta&#187;, h\u00e4n sanoi kylm\u00e4ll\u00e4, vieraalla \u00e4\u00e4nell\u00e4.<\/p>\n\n\n\n<p>Siskoni Lena nojasi sein\u00e4\u00e4n viinilasi k\u00e4dess\u00e4\u00e4n ja hymyili. Hymyss\u00e4 ei ollut l\u00e4mp\u00f6\u00e4.<\/p>\n\n\n\n<p>&#171;Olet arvokas&#187;, h\u00e4n sanoi. &#171;T\u00e4m\u00e4 oli sinun valintasi.&#187;<\/p>\n\n\n\n<p>En vastannut. Sanat olivat merkityksett\u00f6mi\u00e4 sill\u00e4 hetkell\u00e4.<\/p>\n\n\n\n<p>Juoksin vain poikani luo.<\/p>\n\n\n\n<p>H\u00e4n oli kiinnitettyn\u00e4 rattaisiin, t\u00e4ysin l\u00e4pim\u00e4rk\u00e4, hengitti katkonaisesti, ep\u00e4s\u00e4\u00e4nn\u00f6llisesti. H\u00e4nen pienet k\u00e4tens\u00e4 olivat siniset kylm\u00e4st\u00e4. Avasin h\u00e4net, k\u00e4\u00e4rin h\u00e4net takkiini ja halasin h\u00e4nt\u00e4 tiukasti, ik\u00e4\u00e4n kuin voisin tuoda h\u00e4net takaisin maailmaan siin\u00e4 syleilyss\u00e4.<br>\u2013 Ei h\u00e4t\u00e4\u00e4\u2026 \u00e4iti on t\u00e4\u00e4ll\u00e4\u2026 kuiskasin kurkkuni tiukalla.<\/p>\n\n\n\n<p>\u00c4itini nauroi kylm\u00e4ll\u00e4 ironialla.<\/p>\n\n\n\n<p>\u2013 Sinun pit\u00e4isi olla kiitollinen. Ehk\u00e4 sinun pit\u00e4isi oppia olemaan ujo nyt.<\/p>\n\n\n\n<p>Sill\u00e4 hetkell\u00e4 katsoin h\u00e4nt\u00e4, todella katsoin h\u00e4nt\u00e4.<br>H\u00e4nen kasvonsa olivat t\u00e4ydelliset, hiukset ehj\u00e4t, pisarakaan sadetta ei ollut koskettanut niit\u00e4. Lenan kynnet kiilsiv\u00e4t valossa.<br>T\u00e4m\u00e4 ei ollut tarkkaamattomuus.<br>T\u00e4m\u00e4 oli valinta.<br>He olivat kuulleet vauvani itkun\u2026 ja p\u00e4\u00e4tt\u00e4neet olla tulematta l\u00e4helle.<br>Jokin sis\u00e4ll\u00e4ni hiljeni. Syv\u00e4sti, peruuttamattomasti.<br>Sanomatta sanaakaan k\u00e4velin heid\u00e4n ohitseen, astuin sis\u00e4\u00e4n taloon ja nappasin mukaani v\u00e4ltt\u00e4m\u00e4tt\u00f6m\u00e4t: vauvakassin, maidon, l\u00e4\u00e4k\u00e4rintodistukset\u2026 ja pienen harmaan laatikon, jota s\u00e4ilytin syv\u00e4ll\u00e4 kaapissa.<\/p>\n\n\n\n<p>\u2013 Pakenetko salaista miest\u00e4si? Lena nauroi.<br>Pys\u00e4hdyin ovelle.<br>\u2013 En, sanoin rauhallisesti. \u2013 \u2013 Pakenen viimeisint\u00e4 virhett\u00e4ni.<\/p>\n\n\n\n<p>He luulivat, ett\u00e4 puhuin lapsestani.<\/p>\n\n\n\n<p>Mutta tarkoitin jotain muuta.<br>Sairaalan l\u00e4\u00e4k\u00e4ri ymm\u00e4rsi kaiken yhdell\u00e4 silm\u00e4yksell\u00e4.<\/p>\n\n\n\n<p>Liev\u00e4\u00e4 hypotermiaa. Vaarallista, mutta ohimenev\u00e4\u00e4.<\/p>\n\n\n\n<p>H\u00e4n toipuisi.<\/p>\n\n\n\n<p>Istuin h\u00e4nen vieress\u00e4\u00e4n, k\u00e4teni olivat viel\u00e4 m\u00e4r\u00e4t, mutta sis\u00e4ll\u00e4ni ei en\u00e4\u00e4 raivonnut myrsky. Viha oli j\u00e4\u00e4htynyt ja muuttunut selke\u00e4ksi, ter\u00e4v\u00e4ksi p\u00e4\u00e4t\u00f6kseksi.<br>Soitin kolme puhelua.<\/p>\n\n\n\n<p>Lakimiehelle.<\/p>\n\n\n\n<p>Lastensuojeluviranomaisille.<\/p>\n\n\n\n<p>Ja tutkijalle, joka oli odottanut &#171;kyll\u00e4&#187;-sanomaani pitk\u00e4\u00e4n.<\/p>\n\n\n\n<p>&#171;Olen valmis&#187;, sanoin. \u2013 &#171;Todistan.&#187;<br>Sylilapsissani oleva laatikko sis\u00e4lsi kuukausien hiljaisuuden: asiakirjoja, v\u00e4\u00e4rennettyj\u00e4 tilej\u00e4, piilotettuja tapahtumia. Totuus, joka odotti hetke\u00e4\u00e4n.<\/p>\n\n\n\n<p>&#171;He koskettivat lastani&#187;, sanoin.<br>Vastaus oli lyhyt.<\/p>\n\n\n\n<p>&#171;Sitten kaikki on selv\u00e4\u00e4.&#187;<\/p>\n\n\n\n<p>Sin\u00e4 y\u00f6n\u00e4 poikani nukkui l\u00e4mpim\u00e4n\u00e4 ja rauhallisena.<\/p>\n\n\n\n<p>Ja min\u00e4 allekirjoitin hiljaisuuteni loppua.<\/p>\n\n\n\n<p>Ulkona myrsky raivosi edelleen.<br>Mutta sis\u00e4ll\u00e4 oli jo valoisaa.<br>Aamulla he yrittiv\u00e4t muuttaa tarinaa. He esitteliv\u00e4t minut hulluna, avuttomana. Siskoni pilkkasi minua julkisesti.<br>Mutta en ollut en\u00e4\u00e4 sama ihminen.<br>L\u00e4hdin. Hiljaa, mutta lopullisesti.<br>Kun \u00e4itini tuli tapaamaan minua luottavaisena siihen, ett\u00e4 h\u00e4n pystyi yh\u00e4 hallitsemaan minua, istutin h\u00e4net p\u00f6yt\u00e4\u00e4n.<br>Ja yksi toisensa j\u00e4lkeen esittelin todisteet.<\/p>\n\n\n\n<p>Lapseni l\u00e4\u00e4k\u00e4rinlausunto.<br>Video vauvasta, joka oli j\u00e4tetty sateeseen.<br>Ja lopuksi heid\u00e4n salaisuuksiensa raskas kansio.<br>T\u00e4ll\u00e4 kertaa, ensimm\u00e4ist\u00e4 kertaa, pelko ilmestyi h\u00e4nen silmiins\u00e4.<br>&#171;Et uskaltaisi&#187;, h\u00e4n kuiskasi.<br>Katsoin suoraan h\u00e4nen silmiins\u00e4.<br>&#171;Min\u00e4 jo uskalsin.&#187;<br>Ovi avautui. Sis\u00e4\u00e4n astuivat ne, jotka eiv\u00e4t en\u00e4\u00e4 kuuntelisi tekosyit\u00e4.<br>Ja ensimm\u00e4ist\u00e4 kertaa \u00e4itini vaikeni.<br>Kaikki oli ohi nopeasti. Kuten aina, kun totuus vihdoin tulee p\u00e4iv\u00e4nvaloon.<br>Kuukausia my\u00f6hemmin kev\u00e4t tuli, pehme\u00e4n\u00e4, kirkkaana.<br>Poikani nauroi auringossa. H\u00e4nen naurussaan ei en\u00e4\u00e4 ollut kipua. Vain el\u00e4m\u00e4\u00e4.<br>Suljin menneisyyden. Myin talon. Poistin jokaisen yhteyden, jokaisen varjon.<\/p>\n\n\n\n<p>He menettiv\u00e4t sen, mit\u00e4 he eniten rakastivat: nimens\u00e4.<br>Ja er\u00e4\u00e4n\u00e4 iltana, kun taivas oli kultainen, pidin lastani syliss\u00e4ni ja tajusin \u2013<br>Kerran he seisoivat ovella ja p\u00e4\u00e4ttiv\u00e4t, ettei pojallani ollut arvoa.<br>T\u00e4n\u00e4\u00e4n tuo ovi on minun.<br>Ja minun maailmassani \u2013<br>rakkaus ei koskaan j\u00e4\u00e4 ulos, sateeseen.<\/p>\n","protected":false},"excerpt":{"rendered":"Palasin kotiin uupuneena ty\u00f6st\u00e4, mutta syd\u00e4meni t\u00e4yttyi yksinkertaisesta halusta pit\u00e4\u00e4 pient\u00e4ni syliss\u00e4. Mutta se, mit\u00e4 n\u00e4in ovella, kylmeni minua sis\u00e4lt\u00e4. Vauvani oli ulkona. \n<a class=\"moretag\" href=\"https:\/\/filan.am\/?p=1665\"> [...]<\/a>","protected":false},"author":1,"featured_media":1666,"comment_status":"open","ping_status":"open","sticky":false,"template":"","format":"standard","meta":{"footnotes":""},"categories":[1],"tags":[],"class_list":["post-1665","post","type-post","status-publish","format-standard","has-post-thumbnail","hentry","category-news"],"yoast_head":"<!-- This site is optimized with the Yoast SEO plugin v27.5 - https:\/\/yoast.com\/product\/yoast-seo-wordpress\/ -->\n<title>Tulin kotiin ja l\u00f6ysin vauvani ulkoa sateelta \u2013 \u00e4itini torjui h\u00e4net ja siskoni nauroi -<\/title>\n<meta name=\"robots\" content=\"index, follow, max-snippet:-1, max-image-preview:large, max-video-preview:-1\" \/>\n<link rel=\"canonical\" href=\"https:\/\/filan.am\/?p=1665\" \/>\n<meta property=\"og:locale\" content=\"ru_RU\" \/>\n<meta property=\"og:type\" content=\"article\" \/>\n<meta property=\"og:title\" content=\"Tulin kotiin ja l\u00f6ysin vauvani ulkoa sateelta \u2013 \u00e4itini torjui h\u00e4net ja siskoni nauroi -\" \/>\n<meta property=\"og:description\" content=\"Palasin kotiin uupuneena ty\u00f6st\u00e4, mutta syd\u00e4meni t\u00e4yttyi yksinkertaisesta halusta pit\u00e4\u00e4 pient\u00e4ni syliss\u00e4. Mutta se, mit\u00e4 n\u00e4in ovella, kylmeni minua sis\u00e4lt\u00e4. Vauvani oli ulkona.\" \/>\n<meta property=\"og:url\" content=\"https:\/\/filan.am\/?p=1665\" \/>\n<meta property=\"article:published_time\" content=\"2026-05-01T11:25:32+00:00\" \/>\n<meta property=\"og:image\" content=\"https:\/\/filan.am\/wp-content\/uploads\/2026\/05\/02000000000000000000022222222220.jpg\" \/>\n\t<meta property=\"og:image:width\" content=\"1080\" \/>\n\t<meta property=\"og:image:height\" content=\"1350\" \/>\n\t<meta property=\"og:image:type\" content=\"image\/jpeg\" \/>\n<meta name=\"author\" content=\"filanam\" \/>\n<meta name=\"twitter:card\" content=\"summary_large_image\" \/>\n<meta name=\"twitter:label1\" content=\"\u041d\u0430\u043f\u0438\u0441\u0430\u043d\u043e \u0430\u0432\u0442\u043e\u0440\u043e\u043c\" \/>\n\t<meta name=\"twitter:data1\" content=\"filanam\" \/>\n\t<meta name=\"twitter:label2\" content=\"\u041f\u0440\u0438\u043c\u0435\u0440\u043d\u043e\u0435 \u0432\u0440\u0435\u043c\u044f \u0434\u043b\u044f \u0447\u0442\u0435\u043d\u0438\u044f\" \/>\n\t<meta name=\"twitter:data2\" content=\"4 \u043c\u0438\u043d\u0443\u0442\u044b\" \/>\n<script type=\"application\/ld+json\" class=\"yoast-schema-graph\">{\"@context\":\"https:\\\/\\\/schema.org\",\"@graph\":[{\"@type\":\"Article\",\"@id\":\"https:\\\/\\\/filan.am\\\/?p=1665#article\",\"isPartOf\":{\"@id\":\"https:\\\/\\\/filan.am\\\/?p=1665\"},\"author\":{\"name\":\"filanam\",\"@id\":\"https:\\\/\\\/filan.am\\\/#\\\/schema\\\/person\\\/b51c4ec26a4fec8a4f9b3ae0356b8f23\"},\"headline\":\"Tulin kotiin ja l\u00f6ysin vauvani ulkoa sateelta \u2013 \u00e4itini torjui h\u00e4net ja siskoni nauroi\",\"datePublished\":\"2026-05-01T11:25:32+00:00\",\"mainEntityOfPage\":{\"@id\":\"https:\\\/\\\/filan.am\\\/?p=1665\"},\"wordCount\":649,\"commentCount\":0,\"image\":{\"@id\":\"https:\\\/\\\/filan.am\\\/?p=1665#primaryimage\"},\"thumbnailUrl\":\"https:\\\/\\\/filan.am\\\/wp-content\\\/uploads\\\/2026\\\/05\\\/02000000000000000000022222222220.jpg\",\"articleSection\":[\"NEWS\"],\"inLanguage\":\"ru-RU\",\"potentialAction\":[{\"@type\":\"CommentAction\",\"name\":\"Comment\",\"target\":[\"https:\\\/\\\/filan.am\\\/?p=1665#respond\"]}]},{\"@type\":\"WebPage\",\"@id\":\"https:\\\/\\\/filan.am\\\/?p=1665\",\"url\":\"https:\\\/\\\/filan.am\\\/?p=1665\",\"name\":\"Tulin kotiin ja l\u00f6ysin vauvani ulkoa sateelta \u2013 \u00e4itini torjui h\u00e4net ja siskoni nauroi -\",\"isPartOf\":{\"@id\":\"https:\\\/\\\/filan.am\\\/#website\"},\"primaryImageOfPage\":{\"@id\":\"https:\\\/\\\/filan.am\\\/?p=1665#primaryimage\"},\"image\":{\"@id\":\"https:\\\/\\\/filan.am\\\/?p=1665#primaryimage\"},\"thumbnailUrl\":\"https:\\\/\\\/filan.am\\\/wp-content\\\/uploads\\\/2026\\\/05\\\/02000000000000000000022222222220.jpg\",\"datePublished\":\"2026-05-01T11:25:32+00:00\",\"author\":{\"@id\":\"https:\\\/\\\/filan.am\\\/#\\\/schema\\\/person\\\/b51c4ec26a4fec8a4f9b3ae0356b8f23\"},\"breadcrumb\":{\"@id\":\"https:\\\/\\\/filan.am\\\/?p=1665#breadcrumb\"},\"inLanguage\":\"ru-RU\",\"potentialAction\":[{\"@type\":\"ReadAction\",\"target\":[\"https:\\\/\\\/filan.am\\\/?p=1665\"]}]},{\"@type\":\"ImageObject\",\"inLanguage\":\"ru-RU\",\"@id\":\"https:\\\/\\\/filan.am\\\/?p=1665#primaryimage\",\"url\":\"https:\\\/\\\/filan.am\\\/wp-content\\\/uploads\\\/2026\\\/05\\\/02000000000000000000022222222220.jpg\",\"contentUrl\":\"https:\\\/\\\/filan.am\\\/wp-content\\\/uploads\\\/2026\\\/05\\\/02000000000000000000022222222220.jpg\",\"width\":1080,\"height\":1350},{\"@type\":\"BreadcrumbList\",\"@id\":\"https:\\\/\\\/filan.am\\\/?p=1665#breadcrumb\",\"itemListElement\":[{\"@type\":\"ListItem\",\"position\":1,\"name\":\"\u0413\u043b\u0430\u0432\u043d\u0430\u044f \u0441\u0442\u0440\u0430\u043d\u0438\u0446\u0430\",\"item\":\"https:\\\/\\\/filan.am\\\/\"},{\"@type\":\"ListItem\",\"position\":2,\"name\":\"Tulin kotiin ja l\u00f6ysin vauvani ulkoa sateelta \u2013 \u00e4itini torjui h\u00e4net ja siskoni nauroi\"}]},{\"@type\":\"WebSite\",\"@id\":\"https:\\\/\\\/filan.am\\\/#website\",\"url\":\"https:\\\/\\\/filan.am\\\/\",\"name\":\"\",\"description\":\"\",\"potentialAction\":[{\"@type\":\"SearchAction\",\"target\":{\"@type\":\"EntryPoint\",\"urlTemplate\":\"https:\\\/\\\/filan.am\\\/?s={search_term_string}\"},\"query-input\":{\"@type\":\"PropertyValueSpecification\",\"valueRequired\":true,\"valueName\":\"search_term_string\"}}],\"inLanguage\":\"ru-RU\"},{\"@type\":\"Person\",\"@id\":\"https:\\\/\\\/filan.am\\\/#\\\/schema\\\/person\\\/b51c4ec26a4fec8a4f9b3ae0356b8f23\",\"name\":\"filanam\",\"image\":{\"@type\":\"ImageObject\",\"inLanguage\":\"ru-RU\",\"@id\":\"https:\\\/\\\/secure.gravatar.com\\\/avatar\\\/a24f4ac3a683f3c87303db525abc00db51ea26ccedee11dfaf1cc0f9a481a5d2?s=96&d=mm&r=g\",\"url\":\"https:\\\/\\\/secure.gravatar.com\\\/avatar\\\/a24f4ac3a683f3c87303db525abc00db51ea26ccedee11dfaf1cc0f9a481a5d2?s=96&d=mm&r=g\",\"contentUrl\":\"https:\\\/\\\/secure.gravatar.com\\\/avatar\\\/a24f4ac3a683f3c87303db525abc00db51ea26ccedee11dfaf1cc0f9a481a5d2?s=96&d=mm&r=g\",\"caption\":\"filanam\"},\"sameAs\":[\"http:\\\/\\\/filan.am\"],\"url\":\"https:\\\/\\\/filan.am\\\/?author=1\"}]}<\/script>\n<!-- \/ Yoast SEO plugin. -->","yoast_head_json":{"title":"Tulin kotiin ja l\u00f6ysin vauvani ulkoa sateelta \u2013 \u00e4itini torjui h\u00e4net ja siskoni nauroi -","robots":{"index":"index","follow":"follow","max-snippet":"max-snippet:-1","max-image-preview":"max-image-preview:large","max-video-preview":"max-video-preview:-1"},"canonical":"https:\/\/filan.am\/?p=1665","og_locale":"ru_RU","og_type":"article","og_title":"Tulin kotiin ja l\u00f6ysin vauvani ulkoa sateelta \u2013 \u00e4itini torjui h\u00e4net ja siskoni nauroi -","og_description":"Palasin kotiin uupuneena ty\u00f6st\u00e4, mutta syd\u00e4meni t\u00e4yttyi yksinkertaisesta halusta pit\u00e4\u00e4 pient\u00e4ni syliss\u00e4. Mutta se, mit\u00e4 n\u00e4in ovella, kylmeni minua sis\u00e4lt\u00e4. Vauvani oli ulkona.","og_url":"https:\/\/filan.am\/?p=1665","article_published_time":"2026-05-01T11:25:32+00:00","og_image":[{"width":1080,"height":1350,"url":"https:\/\/filan.am\/wp-content\/uploads\/2026\/05\/02000000000000000000022222222220.jpg","type":"image\/jpeg"}],"author":"filanam","twitter_card":"summary_large_image","twitter_misc":{"\u041d\u0430\u043f\u0438\u0441\u0430\u043d\u043e \u0430\u0432\u0442\u043e\u0440\u043e\u043c":"filanam","\u041f\u0440\u0438\u043c\u0435\u0440\u043d\u043e\u0435 \u0432\u0440\u0435\u043c\u044f \u0434\u043b\u044f \u0447\u0442\u0435\u043d\u0438\u044f":"4 \u043c\u0438\u043d\u0443\u0442\u044b"},"schema":{"@context":"https:\/\/schema.org","@graph":[{"@type":"Article","@id":"https:\/\/filan.am\/?p=1665#article","isPartOf":{"@id":"https:\/\/filan.am\/?p=1665"},"author":{"name":"filanam","@id":"https:\/\/filan.am\/#\/schema\/person\/b51c4ec26a4fec8a4f9b3ae0356b8f23"},"headline":"Tulin kotiin ja l\u00f6ysin vauvani ulkoa sateelta \u2013 \u00e4itini torjui h\u00e4net ja siskoni nauroi","datePublished":"2026-05-01T11:25:32+00:00","mainEntityOfPage":{"@id":"https:\/\/filan.am\/?p=1665"},"wordCount":649,"commentCount":0,"image":{"@id":"https:\/\/filan.am\/?p=1665#primaryimage"},"thumbnailUrl":"https:\/\/filan.am\/wp-content\/uploads\/2026\/05\/02000000000000000000022222222220.jpg","articleSection":["NEWS"],"inLanguage":"ru-RU","potentialAction":[{"@type":"CommentAction","name":"Comment","target":["https:\/\/filan.am\/?p=1665#respond"]}]},{"@type":"WebPage","@id":"https:\/\/filan.am\/?p=1665","url":"https:\/\/filan.am\/?p=1665","name":"Tulin kotiin ja l\u00f6ysin vauvani ulkoa sateelta \u2013 \u00e4itini torjui h\u00e4net ja siskoni nauroi -","isPartOf":{"@id":"https:\/\/filan.am\/#website"},"primaryImageOfPage":{"@id":"https:\/\/filan.am\/?p=1665#primaryimage"},"image":{"@id":"https:\/\/filan.am\/?p=1665#primaryimage"},"thumbnailUrl":"https:\/\/filan.am\/wp-content\/uploads\/2026\/05\/02000000000000000000022222222220.jpg","datePublished":"2026-05-01T11:25:32+00:00","author":{"@id":"https:\/\/filan.am\/#\/schema\/person\/b51c4ec26a4fec8a4f9b3ae0356b8f23"},"breadcrumb":{"@id":"https:\/\/filan.am\/?p=1665#breadcrumb"},"inLanguage":"ru-RU","potentialAction":[{"@type":"ReadAction","target":["https:\/\/filan.am\/?p=1665"]}]},{"@type":"ImageObject","inLanguage":"ru-RU","@id":"https:\/\/filan.am\/?p=1665#primaryimage","url":"https:\/\/filan.am\/wp-content\/uploads\/2026\/05\/02000000000000000000022222222220.jpg","contentUrl":"https:\/\/filan.am\/wp-content\/uploads\/2026\/05\/02000000000000000000022222222220.jpg","width":1080,"height":1350},{"@type":"BreadcrumbList","@id":"https:\/\/filan.am\/?p=1665#breadcrumb","itemListElement":[{"@type":"ListItem","position":1,"name":"\u0413\u043b\u0430\u0432\u043d\u0430\u044f \u0441\u0442\u0440\u0430\u043d\u0438\u0446\u0430","item":"https:\/\/filan.am\/"},{"@type":"ListItem","position":2,"name":"Tulin kotiin ja l\u00f6ysin vauvani ulkoa sateelta \u2013 \u00e4itini torjui h\u00e4net ja siskoni nauroi"}]},{"@type":"WebSite","@id":"https:\/\/filan.am\/#website","url":"https:\/\/filan.am\/","name":"","description":"","potentialAction":[{"@type":"SearchAction","target":{"@type":"EntryPoint","urlTemplate":"https:\/\/filan.am\/?s={search_term_string}"},"query-input":{"@type":"PropertyValueSpecification","valueRequired":true,"valueName":"search_term_string"}}],"inLanguage":"ru-RU"},{"@type":"Person","@id":"https:\/\/filan.am\/#\/schema\/person\/b51c4ec26a4fec8a4f9b3ae0356b8f23","name":"filanam","image":{"@type":"ImageObject","inLanguage":"ru-RU","@id":"https:\/\/secure.gravatar.com\/avatar\/a24f4ac3a683f3c87303db525abc00db51ea26ccedee11dfaf1cc0f9a481a5d2?s=96&d=mm&r=g","url":"https:\/\/secure.gravatar.com\/avatar\/a24f4ac3a683f3c87303db525abc00db51ea26ccedee11dfaf1cc0f9a481a5d2?s=96&d=mm&r=g","contentUrl":"https:\/\/secure.gravatar.com\/avatar\/a24f4ac3a683f3c87303db525abc00db51ea26ccedee11dfaf1cc0f9a481a5d2?s=96&d=mm&r=g","caption":"filanam"},"sameAs":["http:\/\/filan.am"],"url":"https:\/\/filan.am\/?author=1"}]}},"_links":{"self":[{"href":"https:\/\/filan.am\/index.php?rest_route=\/wp\/v2\/posts\/1665","targetHints":{"allow":["GET"]}}],"collection":[{"href":"https:\/\/filan.am\/index.php?rest_route=\/wp\/v2\/posts"}],"about":[{"href":"https:\/\/filan.am\/index.php?rest_route=\/wp\/v2\/types\/post"}],"author":[{"embeddable":true,"href":"https:\/\/filan.am\/index.php?rest_route=\/wp\/v2\/users\/1"}],"replies":[{"embeddable":true,"href":"https:\/\/filan.am\/index.php?rest_route=%2Fwp%2Fv2%2Fcomments&post=1665"}],"version-history":[{"count":1,"href":"https:\/\/filan.am\/index.php?rest_route=\/wp\/v2\/posts\/1665\/revisions"}],"predecessor-version":[{"id":1667,"href":"https:\/\/filan.am\/index.php?rest_route=\/wp\/v2\/posts\/1665\/revisions\/1667"}],"wp:featuredmedia":[{"embeddable":true,"href":"https:\/\/filan.am\/index.php?rest_route=\/wp\/v2\/media\/1666"}],"wp:attachment":[{"href":"https:\/\/filan.am\/index.php?rest_route=%2Fwp%2Fv2%2Fmedia&parent=1665"}],"wp:term":[{"taxonomy":"category","embeddable":true,"href":"https:\/\/filan.am\/index.php?rest_route=%2Fwp%2Fv2%2Fcategories&post=1665"},{"taxonomy":"post_tag","embeddable":true,"href":"https:\/\/filan.am\/index.php?rest_route=%2Fwp%2Fv2%2Ftags&post=1665"}],"curies":[{"name":"wp","href":"https:\/\/api.w.org\/{rel}","templated":true}]}}