{"id":1638,"date":"2026-04-30T18:23:19","date_gmt":"2026-04-30T15:23:19","guid":{"rendered":"https:\/\/filan.am\/?p=1638"},"modified":"2026-04-30T18:23:20","modified_gmt":"2026-04-30T15:23:20","slug":"heidan-aitinsa-katosi-yhdessa-yossa-jattaen-yhdeksanvuotiaan-pojan-huolehtimaan-kaikista-vuosia-myohemmin-han-palasi-perheen-luo-joka-ei-enaa-tarvinnut-hanta","status":"publish","type":"post","link":"https:\/\/filan.am\/?p=1638","title":{"rendered":"Heid\u00e4n \u00e4itins\u00e4 katosi yhdess\u00e4 y\u00f6ss\u00e4 j\u00e4tt\u00e4en yhdeks\u00e4nvuotiaan pojan huolehtimaan kaikista \u2013 vuosia my\u00f6hemmin h\u00e4n palasi perheen luo, joka ei en\u00e4\u00e4 tarvinnut h\u00e4nt\u00e4."},"content":{"rendered":"\n<p>Heid\u00e4n \u00e4itins\u00e4 katosi y\u00f6n aikana j\u00e4tt\u00e4en yhdeks\u00e4nvuotiaan pojan kaikkien huolenpitoon \u2013 vuosia my\u00f6hemmin h\u00e4n palasi perheen luo, joka ei en\u00e4\u00e4 tarvinnut h\u00e4nt\u00e4.<\/p>\n\n\n\n<p>Heid\u00e4n \u00e4itins\u00e4 l\u00e4hti keskell\u00e4 y\u00f6t\u00e4 j\u00e4tt\u00e4en yhdeks\u00e4nvuotiaan poikansa Ethanin kasvattamaan nuorempia sisaruksiaan yksin. Nelj\u00e4toista vuotta my\u00f6hemmin h\u00e4n palasi ja kohtasi perheen, joka ei en\u00e4\u00e4 tarvinnut h\u00e4nt\u00e4, samassa olohuoneessa, jonka h\u00e4n oli kerran hyl\u00e4nnyt.<\/p>\n\n\n\n<figure class=\"wp-block-image size-full\"><img loading=\"lazy\" decoding=\"async\" width=\"532\" height=\"800\" src=\"https:\/\/filan.am\/wp-content\/uploads\/2026\/04\/2022222222222222222222.jpg\" alt=\"\" class=\"wp-image-1639\" srcset=\"https:\/\/filan.am\/wp-content\/uploads\/2026\/04\/2022222222222222222222.jpg 532w, https:\/\/filan.am\/wp-content\/uploads\/2026\/04\/2022222222222222222222-200x300.jpg 200w\" sizes=\"auto, (max-width: 532px) 100vw, 532px\" \/><\/figure>\n\n\n\n<p>Ethan ei ymm\u00e4rt\u00e4nyt, mit\u00e4 tapahtui sin\u00e4 y\u00f6n\u00e4, kun h\u00e4n l\u00e4hti. H\u00e4n oli paljain jaloin h\u00e4m\u00e4r\u00e4ss\u00e4 keitti\u00f6ss\u00e4 kurottamassa maap\u00e4hkin\u00e4voipurkkia kohti, kun h\u00e4nen sisarensa Lily istui hiljaa tuolissa ja pieni Noah touhusi sy\u00f6tt\u00f6tuolissaan. Talo tuntui v\u00e4\u00e4r\u00e4lt\u00e4 \u2013 liian hiljaiselta, liian liikkumattomalta.<\/p>\n\n\n\n<p>Yleens\u00e4 heid\u00e4n \u00e4itins\u00e4 k\u00e4veli edestakaisin y\u00f6ll\u00e4 avaten laatikoita tai mumisten itsekseen. Mutta ei t\u00e4ll\u00e4 kertaa.<\/p>\n\n\n\n<p>Ethan huomasi huoneensa tyhj\u00e4ksi. S\u00e4nky petaamatta, vaatekaappi auki ja matkalaukku poissa. H\u00e4nen rintaansa puristui.<\/p>\n\n\n\n<p>&#171;\u00c4iti?&#187; h\u00e4n huusi ymp\u00e4ri taloa. Ei vastausta.<\/p>\n\n\n\n<p>Kun h\u00e4n palasi keitti\u00f6\u00f6n, Lily katsoi yl\u00f6s. \u2013 Miss\u00e4 \u00e4iti on?<\/p>\n\n\n\n<p>Ethan ep\u00e4r\u00f6i. \u2013 H\u00e4nen t\u00e4ytyi l\u00e4hte\u00e4, h\u00e4n sanoi hiljaa. \u2013 Mutta min\u00e4 olen t\u00e4\u00e4ll\u00e4.<\/p>\n\n\n\n<p>Se oli valhe, mutta h\u00e4n ei tiennyt, miten muuten selvit\u00e4 totuudesta.<\/p>\n\n\n\n<p>Siit\u00e4 hetkest\u00e4 l\u00e4htien kaikki muuttui. Ethanista tuli se, joka piti perheen koossa. H\u00e4n oppi pit\u00e4m\u00e4\u00e4n ruokaa riitt\u00e4vin\u00e4 p\u00e4iviksi, pyyt\u00e4m\u00e4\u00e4n apua naapureilta, vaihtamaan Noahin vaipat ja letitt\u00e4m\u00e4\u00e4n Lilyn hiukset ennen koulua. H\u00e4n piti heid\u00e4t ruokittuina, turvassa ja yhdess\u00e4.<\/p>\n\n\n\n<p>Koulusta tuli toissijaista. Joina p\u00e4ivin\u00e4 h\u00e4n ei mennyt kouluun ollenkaan, koska oli liian v\u00e4synyt tai liian peloissaan j\u00e4tt\u00e4\u00e4kseen heid\u00e4t yksin. H\u00e4n ei koskaan kertonut kenellek\u00e4\u00e4n, mit\u00e4 oli tapahtunut, peloissaan siit\u00e4, ett\u00e4 viranomaiset erottaisivat heid\u00e4t. Niinp\u00e4 h\u00e4n kantoi kaiken itse.<\/p>\n\n\n\n<p>Kuukaudet muuttuivat vuosiksi. El\u00e4m\u00e4 oli kovaa, mutta he selvisiv\u00e4t. Ei mukavasti \u2013 mutta yhdess\u00e4. Lily takertui h\u00e4neen, luottaen h\u00e4neen t\u00e4ysin. Noah varttui kutsuen Ethania &#171;is\u00e4ksi&#187; jo ennen kuin h\u00e4n edes oppi sanaa &#171;\u00e4iti&#187;.<\/p>\n\n\n\n<p>Sitten, kun Ethan oli kymmenen, kaikki muuttui j\u00e4lleen.<\/p>\n\n\n\n<p>H\u00e4n oli supermarketin ulkopuolella laskimassa kolikoita, kun nainen l\u00e4hestyi h\u00e4nt\u00e4. Nainen esitteli itsens\u00e4 naapurinaan Sarahiksi. Nainen huomasi lapset, heid\u00e4n v\u00e4symyksens\u00e4 ja tarjosi huomaamattomasti apua.<\/p>\n\n\n\n<p>Ethan kielt\u00e4ytyi aluksi. H\u00e4n ei luottanut kehenk\u00e4\u00e4n. Mutta Sarah ei vaatinut. H\u00e4n vain pysyi l\u00e4hell\u00e4. H\u00e4n vei ruokaostokset kotiin, auttoi l\u00e4ksyiss\u00e4, huolehti Noahista tarvittaessa ja astui hitaasti heid\u00e4n el\u00e4m\u00e4\u00e4ns\u00e4.<\/p>\n\n\n\n<p>Ajan my\u00f6t\u00e4 h\u00e4nest\u00e4 tuli heid\u00e4n vakaa paikkansa. Heid\u00e4n rutiininsa. Heid\u00e4n kotinsa.<\/p>\n\n\n\n<p>H\u00e4n ei koskaan yritt\u00e4nyt korvata \u00e4iti\u00e4\u00e4n. H\u00e4n ei koskaan pakottanut sanomaan &#171;\u00e4iti&#187;. Mutta Lily sanoi sen ensin, luonnollisesti ja lempe\u00e4sti. Noah seurasi per\u00e4ss\u00e4. Ja lopulta, vuosien ep\u00e4r\u00f6innin j\u00e4lkeen, Ethan teki samoin.<\/p>\n\n\n\n<p>Nelj\u00e4toista vuotta kului.<\/p>\n\n\n\n<p>Talo muuttui \u2013 l\u00e4mpim\u00e4mm\u00e4ksi, t\u00e4ydemm\u00e4ksi, el\u00e4v\u00e4mm\u00e4ksi. Ethan oli nyt aikuinen, ty\u00f6skenteli ja auttoi el\u00e4tt\u00e4m\u00e4\u00e4n perhett\u00e4\u00e4n. Lily oli yliopistossa. Noah oli teini-ik\u00e4inen. Ja Sarahista oli tullut heid\u00e4n maailmansa keskipiste \u2013 ei pakolla, vaan omasta valinnastaan.<\/p>\n\n\n\n<p>Sitten, er\u00e4\u00e4n\u00e4 iltap\u00e4iv\u00e4n\u00e4, joku koputti.<\/p>\n\n\n\n<p>Ethan avasi oven ja pys\u00e4htyi. H\u00e4nen \u00e4itins\u00e4 oli siin\u00e4, vanhempi ja ryppyisempi, silm\u00e4t t\u00e4ynn\u00e4 katumusta.<\/p>\n\n\n\n<p>&#171;Olen \u00e4itisi&#187;, h\u00e4n sanoi.<\/p>\n\n\n\n<p>N\u00e4m\u00e4 sanat merkitsiv\u00e4t h\u00e4nelle en\u00e4\u00e4 mit\u00e4\u00e4n.<\/p>\n\n\n\n<p>H\u00e4n astui sivuun vastaamatta.<\/p>\n\n\n\n<p>Sis\u00e4ll\u00e4 Lily ja Noah tunnistivat h\u00e4net heti. J\u00e4nnitys oli v\u00e4lit\u00f6n. &#171;Olet poissa&#187;, Noah sanoi kylm\u00e4sti. Lily pysyi Sarahin l\u00e4hell\u00e4, joka tarkkaili kaikkea rauhallisesti.<\/p>\n\n\n\n<p>\u00c4iti yritti selitt\u00e4\u00e4 \u2013 pelkoa, virheit\u00e4, ajatusta siit\u00e4, ett\u00e4 heill\u00e4 olisi parempi ilman h\u00e4nt\u00e4. Mutta h\u00e4nen sanansa eiv\u00e4t tavoittaneet heit\u00e4. He olivat jo rakentaneet el\u00e4m\u00e4n ilman h\u00e4nt\u00e4.<\/p>\n\n\n\n<p>Ethan puhui lopulta. &#171;Meill\u00e4 on kaikki hyvin&#187;, h\u00e4n sanoi. &#171;T\u00e4m\u00e4 on kotimme. T\u00e4m\u00e4 on perheemme.&#187;<\/p>\n\n\n\n<p>H\u00e4n katsoi Sarahia. &#171;H\u00e4n on \u00e4itimme.&#187;<\/p>\n\n\n\n<p>Totuus t\u00e4ytti huoneen painolla.<\/p>\n\n\n\n<p>Sarah ei reagoinut voitokkaasti tai vihaisesti. Vain hiljaisella ymm\u00e4rryksell\u00e4. &#171;He ovat rakentaneet jotain vahvaa&#187;, h\u00e4n sanoi pehme\u00e4sti. &#171;Ja se ansaitsee kunnioitusta.&#187;<\/p>\n\n\n\n<p>Heid\u00e4n \u00e4itins\u00e4 murtui tajutessaan, ettei h\u00e4n voinut korjata menetettyj\u00e4 vuosia.<\/p>\n\n\n\n<p>Ennen l\u00e4ht\u00f6\u00e4\u00e4n h\u00e4n pyysi anteeksi. Kukaan ei pys\u00e4ytt\u00e4nyt h\u00e4nt\u00e4, mutta kukaan ei seurannut h\u00e4nt\u00e4.<\/p>\n\n\n\n<p>Kun ovi sulkeutui, hiljaisuus palasi taloon \u2013 mutta se oli erilainen. Rauhallinen.<\/p>\n\n\n\n<p>Lily halasi Sarahia tiukasti. Noah siirtyi l\u00e4hemm\u00e4s. Ethan lopulta huokaisi, rauhallisena ja vakaana.<\/p>\n\n\n\n<p>&#171;\u00c4iti&#187;, h\u00e4n sanoi pehme\u00e4sti.<\/p>\n\n\n\n<p>Sarah katsoi h\u00e4nt\u00e4. &#171;Niin?&#187;<\/p>\n\n\n\n<p>&#171;Kiitos.&#187;<\/p>\n\n\n\n<p>Koska perhe ei ole koskaan ollut niit\u00e4, jotka l\u00e4htev\u00e4t. Vaan niit\u00e4, jotka j\u00e4\u00e4v\u00e4t. Ja lopulta he olivat jo l\u00f6yt\u00e4neet omansa.<\/p>\n","protected":false},"excerpt":{"rendered":"Heid\u00e4n \u00e4itins\u00e4 katosi y\u00f6n aikana j\u00e4tt\u00e4en yhdeks\u00e4nvuotiaan pojan kaikkien huolenpitoon \u2013 vuosia my\u00f6hemmin h\u00e4n palasi perheen luo, joka ei en\u00e4\u00e4 tarvinnut h\u00e4nt\u00e4. Heid\u00e4n \n<a class=\"moretag\" href=\"https:\/\/filan.am\/?p=1638\"> [...]<\/a>","protected":false},"author":1,"featured_media":1639,"comment_status":"open","ping_status":"open","sticky":false,"template":"","format":"standard","meta":{"footnotes":""},"categories":[1],"tags":[],"class_list":["post-1638","post","type-post","status-publish","format-standard","has-post-thumbnail","hentry","category-news"],"yoast_head":"<!-- This site is optimized with the Yoast SEO plugin v27.5 - https:\/\/yoast.com\/product\/yoast-seo-wordpress\/ -->\n<title>Heid\u00e4n \u00e4itins\u00e4 katosi yhdess\u00e4 y\u00f6ss\u00e4 j\u00e4tt\u00e4en yhdeks\u00e4nvuotiaan pojan huolehtimaan kaikista \u2013 vuosia my\u00f6hemmin h\u00e4n palasi perheen luo, joka ei en\u00e4\u00e4 tarvinnut h\u00e4nt\u00e4. -<\/title>\n<meta name=\"robots\" content=\"index, follow, max-snippet:-1, max-image-preview:large, max-video-preview:-1\" \/>\n<link rel=\"canonical\" href=\"https:\/\/filan.am\/?p=1638\" \/>\n<meta property=\"og:locale\" content=\"ru_RU\" \/>\n<meta property=\"og:type\" content=\"article\" \/>\n<meta property=\"og:title\" content=\"Heid\u00e4n \u00e4itins\u00e4 katosi yhdess\u00e4 y\u00f6ss\u00e4 j\u00e4tt\u00e4en yhdeks\u00e4nvuotiaan pojan huolehtimaan kaikista \u2013 vuosia my\u00f6hemmin h\u00e4n palasi perheen luo, joka ei en\u00e4\u00e4 tarvinnut h\u00e4nt\u00e4. -\" \/>\n<meta property=\"og:description\" content=\"Heid\u00e4n \u00e4itins\u00e4 katosi y\u00f6n aikana j\u00e4tt\u00e4en yhdeks\u00e4nvuotiaan pojan kaikkien huolenpitoon \u2013 vuosia my\u00f6hemmin h\u00e4n palasi perheen luo, joka ei en\u00e4\u00e4 tarvinnut h\u00e4nt\u00e4. Heid\u00e4n\" \/>\n<meta property=\"og:url\" content=\"https:\/\/filan.am\/?p=1638\" \/>\n<meta property=\"article:published_time\" content=\"2026-04-30T15:23:19+00:00\" \/>\n<meta property=\"article:modified_time\" content=\"2026-04-30T15:23:20+00:00\" \/>\n<meta property=\"og:image\" content=\"https:\/\/filan.am\/wp-content\/uploads\/2026\/04\/2022222222222222222222.jpg\" \/>\n\t<meta property=\"og:image:width\" content=\"532\" \/>\n\t<meta property=\"og:image:height\" content=\"800\" \/>\n\t<meta property=\"og:image:type\" content=\"image\/jpeg\" \/>\n<meta name=\"author\" content=\"filanam\" \/>\n<meta name=\"twitter:card\" content=\"summary_large_image\" \/>\n<meta name=\"twitter:label1\" content=\"\u041d\u0430\u043f\u0438\u0441\u0430\u043d\u043e \u0430\u0432\u0442\u043e\u0440\u043e\u043c\" \/>\n\t<meta name=\"twitter:data1\" content=\"filanam\" \/>\n\t<meta name=\"twitter:label2\" content=\"\u041f\u0440\u0438\u043c\u0435\u0440\u043d\u043e\u0435 \u0432\u0440\u0435\u043c\u044f \u0434\u043b\u044f \u0447\u0442\u0435\u043d\u0438\u044f\" \/>\n\t<meta name=\"twitter:data2\" content=\"4 \u043c\u0438\u043d\u0443\u0442\u044b\" \/>\n<script type=\"application\/ld+json\" class=\"yoast-schema-graph\">{\"@context\":\"https:\\\/\\\/schema.org\",\"@graph\":[{\"@type\":\"Article\",\"@id\":\"https:\\\/\\\/filan.am\\\/?p=1638#article\",\"isPartOf\":{\"@id\":\"https:\\\/\\\/filan.am\\\/?p=1638\"},\"author\":{\"name\":\"filanam\",\"@id\":\"https:\\\/\\\/filan.am\\\/#\\\/schema\\\/person\\\/b51c4ec26a4fec8a4f9b3ae0356b8f23\"},\"headline\":\"Heid\u00e4n \u00e4itins\u00e4 katosi yhdess\u00e4 y\u00f6ss\u00e4 j\u00e4tt\u00e4en yhdeks\u00e4nvuotiaan pojan huolehtimaan kaikista \u2013 vuosia my\u00f6hemmin h\u00e4n palasi perheen luo, joka ei en\u00e4\u00e4 tarvinnut h\u00e4nt\u00e4.\",\"datePublished\":\"2026-04-30T15:23:19+00:00\",\"dateModified\":\"2026-04-30T15:23:20+00:00\",\"mainEntityOfPage\":{\"@id\":\"https:\\\/\\\/filan.am\\\/?p=1638\"},\"wordCount\":829,\"commentCount\":0,\"image\":{\"@id\":\"https:\\\/\\\/filan.am\\\/?p=1638#primaryimage\"},\"thumbnailUrl\":\"https:\\\/\\\/filan.am\\\/wp-content\\\/uploads\\\/2026\\\/04\\\/2022222222222222222222.jpg\",\"articleSection\":[\"NEWS\"],\"inLanguage\":\"ru-RU\",\"potentialAction\":[{\"@type\":\"CommentAction\",\"name\":\"Comment\",\"target\":[\"https:\\\/\\\/filan.am\\\/?p=1638#respond\"]}]},{\"@type\":\"WebPage\",\"@id\":\"https:\\\/\\\/filan.am\\\/?p=1638\",\"url\":\"https:\\\/\\\/filan.am\\\/?p=1638\",\"name\":\"Heid\u00e4n \u00e4itins\u00e4 katosi yhdess\u00e4 y\u00f6ss\u00e4 j\u00e4tt\u00e4en yhdeks\u00e4nvuotiaan pojan huolehtimaan kaikista \u2013 vuosia my\u00f6hemmin h\u00e4n palasi perheen luo, joka ei en\u00e4\u00e4 tarvinnut h\u00e4nt\u00e4. -\",\"isPartOf\":{\"@id\":\"https:\\\/\\\/filan.am\\\/#website\"},\"primaryImageOfPage\":{\"@id\":\"https:\\\/\\\/filan.am\\\/?p=1638#primaryimage\"},\"image\":{\"@id\":\"https:\\\/\\\/filan.am\\\/?p=1638#primaryimage\"},\"thumbnailUrl\":\"https:\\\/\\\/filan.am\\\/wp-content\\\/uploads\\\/2026\\\/04\\\/2022222222222222222222.jpg\",\"datePublished\":\"2026-04-30T15:23:19+00:00\",\"dateModified\":\"2026-04-30T15:23:20+00:00\",\"author\":{\"@id\":\"https:\\\/\\\/filan.am\\\/#\\\/schema\\\/person\\\/b51c4ec26a4fec8a4f9b3ae0356b8f23\"},\"breadcrumb\":{\"@id\":\"https:\\\/\\\/filan.am\\\/?p=1638#breadcrumb\"},\"inLanguage\":\"ru-RU\",\"potentialAction\":[{\"@type\":\"ReadAction\",\"target\":[\"https:\\\/\\\/filan.am\\\/?p=1638\"]}]},{\"@type\":\"ImageObject\",\"inLanguage\":\"ru-RU\",\"@id\":\"https:\\\/\\\/filan.am\\\/?p=1638#primaryimage\",\"url\":\"https:\\\/\\\/filan.am\\\/wp-content\\\/uploads\\\/2026\\\/04\\\/2022222222222222222222.jpg\",\"contentUrl\":\"https:\\\/\\\/filan.am\\\/wp-content\\\/uploads\\\/2026\\\/04\\\/2022222222222222222222.jpg\",\"width\":532,\"height\":800},{\"@type\":\"BreadcrumbList\",\"@id\":\"https:\\\/\\\/filan.am\\\/?p=1638#breadcrumb\",\"itemListElement\":[{\"@type\":\"ListItem\",\"position\":1,\"name\":\"\u0413\u043b\u0430\u0432\u043d\u0430\u044f \u0441\u0442\u0440\u0430\u043d\u0438\u0446\u0430\",\"item\":\"https:\\\/\\\/filan.am\\\/\"},{\"@type\":\"ListItem\",\"position\":2,\"name\":\"Heid\u00e4n \u00e4itins\u00e4 katosi yhdess\u00e4 y\u00f6ss\u00e4 j\u00e4tt\u00e4en yhdeks\u00e4nvuotiaan pojan huolehtimaan kaikista \u2013 vuosia my\u00f6hemmin h\u00e4n palasi perheen luo, joka ei en\u00e4\u00e4 tarvinnut h\u00e4nt\u00e4.\"}]},{\"@type\":\"WebSite\",\"@id\":\"https:\\\/\\\/filan.am\\\/#website\",\"url\":\"https:\\\/\\\/filan.am\\\/\",\"name\":\"\",\"description\":\"\",\"potentialAction\":[{\"@type\":\"SearchAction\",\"target\":{\"@type\":\"EntryPoint\",\"urlTemplate\":\"https:\\\/\\\/filan.am\\\/?s={search_term_string}\"},\"query-input\":{\"@type\":\"PropertyValueSpecification\",\"valueRequired\":true,\"valueName\":\"search_term_string\"}}],\"inLanguage\":\"ru-RU\"},{\"@type\":\"Person\",\"@id\":\"https:\\\/\\\/filan.am\\\/#\\\/schema\\\/person\\\/b51c4ec26a4fec8a4f9b3ae0356b8f23\",\"name\":\"filanam\",\"image\":{\"@type\":\"ImageObject\",\"inLanguage\":\"ru-RU\",\"@id\":\"https:\\\/\\\/secure.gravatar.com\\\/avatar\\\/a24f4ac3a683f3c87303db525abc00db51ea26ccedee11dfaf1cc0f9a481a5d2?s=96&d=mm&r=g\",\"url\":\"https:\\\/\\\/secure.gravatar.com\\\/avatar\\\/a24f4ac3a683f3c87303db525abc00db51ea26ccedee11dfaf1cc0f9a481a5d2?s=96&d=mm&r=g\",\"contentUrl\":\"https:\\\/\\\/secure.gravatar.com\\\/avatar\\\/a24f4ac3a683f3c87303db525abc00db51ea26ccedee11dfaf1cc0f9a481a5d2?s=96&d=mm&r=g\",\"caption\":\"filanam\"},\"sameAs\":[\"http:\\\/\\\/filan.am\"],\"url\":\"https:\\\/\\\/filan.am\\\/?author=1\"}]}<\/script>\n<!-- \/ Yoast SEO plugin. -->","yoast_head_json":{"title":"Heid\u00e4n \u00e4itins\u00e4 katosi yhdess\u00e4 y\u00f6ss\u00e4 j\u00e4tt\u00e4en yhdeks\u00e4nvuotiaan pojan huolehtimaan kaikista \u2013 vuosia my\u00f6hemmin h\u00e4n palasi perheen luo, joka ei en\u00e4\u00e4 tarvinnut h\u00e4nt\u00e4. -","robots":{"index":"index","follow":"follow","max-snippet":"max-snippet:-1","max-image-preview":"max-image-preview:large","max-video-preview":"max-video-preview:-1"},"canonical":"https:\/\/filan.am\/?p=1638","og_locale":"ru_RU","og_type":"article","og_title":"Heid\u00e4n \u00e4itins\u00e4 katosi yhdess\u00e4 y\u00f6ss\u00e4 j\u00e4tt\u00e4en yhdeks\u00e4nvuotiaan pojan huolehtimaan kaikista \u2013 vuosia my\u00f6hemmin h\u00e4n palasi perheen luo, joka ei en\u00e4\u00e4 tarvinnut h\u00e4nt\u00e4. -","og_description":"Heid\u00e4n \u00e4itins\u00e4 katosi y\u00f6n aikana j\u00e4tt\u00e4en yhdeks\u00e4nvuotiaan pojan kaikkien huolenpitoon \u2013 vuosia my\u00f6hemmin h\u00e4n palasi perheen luo, joka ei en\u00e4\u00e4 tarvinnut h\u00e4nt\u00e4. Heid\u00e4n","og_url":"https:\/\/filan.am\/?p=1638","article_published_time":"2026-04-30T15:23:19+00:00","article_modified_time":"2026-04-30T15:23:20+00:00","og_image":[{"width":532,"height":800,"url":"https:\/\/filan.am\/wp-content\/uploads\/2026\/04\/2022222222222222222222.jpg","type":"image\/jpeg"}],"author":"filanam","twitter_card":"summary_large_image","twitter_misc":{"\u041d\u0430\u043f\u0438\u0441\u0430\u043d\u043e \u0430\u0432\u0442\u043e\u0440\u043e\u043c":"filanam","\u041f\u0440\u0438\u043c\u0435\u0440\u043d\u043e\u0435 \u0432\u0440\u0435\u043c\u044f \u0434\u043b\u044f \u0447\u0442\u0435\u043d\u0438\u044f":"4 \u043c\u0438\u043d\u0443\u0442\u044b"},"schema":{"@context":"https:\/\/schema.org","@graph":[{"@type":"Article","@id":"https:\/\/filan.am\/?p=1638#article","isPartOf":{"@id":"https:\/\/filan.am\/?p=1638"},"author":{"name":"filanam","@id":"https:\/\/filan.am\/#\/schema\/person\/b51c4ec26a4fec8a4f9b3ae0356b8f23"},"headline":"Heid\u00e4n \u00e4itins\u00e4 katosi yhdess\u00e4 y\u00f6ss\u00e4 j\u00e4tt\u00e4en yhdeks\u00e4nvuotiaan pojan huolehtimaan kaikista \u2013 vuosia my\u00f6hemmin h\u00e4n palasi perheen luo, joka ei en\u00e4\u00e4 tarvinnut h\u00e4nt\u00e4.","datePublished":"2026-04-30T15:23:19+00:00","dateModified":"2026-04-30T15:23:20+00:00","mainEntityOfPage":{"@id":"https:\/\/filan.am\/?p=1638"},"wordCount":829,"commentCount":0,"image":{"@id":"https:\/\/filan.am\/?p=1638#primaryimage"},"thumbnailUrl":"https:\/\/filan.am\/wp-content\/uploads\/2026\/04\/2022222222222222222222.jpg","articleSection":["NEWS"],"inLanguage":"ru-RU","potentialAction":[{"@type":"CommentAction","name":"Comment","target":["https:\/\/filan.am\/?p=1638#respond"]}]},{"@type":"WebPage","@id":"https:\/\/filan.am\/?p=1638","url":"https:\/\/filan.am\/?p=1638","name":"Heid\u00e4n \u00e4itins\u00e4 katosi yhdess\u00e4 y\u00f6ss\u00e4 j\u00e4tt\u00e4en yhdeks\u00e4nvuotiaan pojan huolehtimaan kaikista \u2013 vuosia my\u00f6hemmin h\u00e4n palasi perheen luo, joka ei en\u00e4\u00e4 tarvinnut h\u00e4nt\u00e4. -","isPartOf":{"@id":"https:\/\/filan.am\/#website"},"primaryImageOfPage":{"@id":"https:\/\/filan.am\/?p=1638#primaryimage"},"image":{"@id":"https:\/\/filan.am\/?p=1638#primaryimage"},"thumbnailUrl":"https:\/\/filan.am\/wp-content\/uploads\/2026\/04\/2022222222222222222222.jpg","datePublished":"2026-04-30T15:23:19+00:00","dateModified":"2026-04-30T15:23:20+00:00","author":{"@id":"https:\/\/filan.am\/#\/schema\/person\/b51c4ec26a4fec8a4f9b3ae0356b8f23"},"breadcrumb":{"@id":"https:\/\/filan.am\/?p=1638#breadcrumb"},"inLanguage":"ru-RU","potentialAction":[{"@type":"ReadAction","target":["https:\/\/filan.am\/?p=1638"]}]},{"@type":"ImageObject","inLanguage":"ru-RU","@id":"https:\/\/filan.am\/?p=1638#primaryimage","url":"https:\/\/filan.am\/wp-content\/uploads\/2026\/04\/2022222222222222222222.jpg","contentUrl":"https:\/\/filan.am\/wp-content\/uploads\/2026\/04\/2022222222222222222222.jpg","width":532,"height":800},{"@type":"BreadcrumbList","@id":"https:\/\/filan.am\/?p=1638#breadcrumb","itemListElement":[{"@type":"ListItem","position":1,"name":"\u0413\u043b\u0430\u0432\u043d\u0430\u044f \u0441\u0442\u0440\u0430\u043d\u0438\u0446\u0430","item":"https:\/\/filan.am\/"},{"@type":"ListItem","position":2,"name":"Heid\u00e4n \u00e4itins\u00e4 katosi yhdess\u00e4 y\u00f6ss\u00e4 j\u00e4tt\u00e4en yhdeks\u00e4nvuotiaan pojan huolehtimaan kaikista \u2013 vuosia my\u00f6hemmin h\u00e4n palasi perheen luo, joka ei en\u00e4\u00e4 tarvinnut h\u00e4nt\u00e4."}]},{"@type":"WebSite","@id":"https:\/\/filan.am\/#website","url":"https:\/\/filan.am\/","name":"","description":"","potentialAction":[{"@type":"SearchAction","target":{"@type":"EntryPoint","urlTemplate":"https:\/\/filan.am\/?s={search_term_string}"},"query-input":{"@type":"PropertyValueSpecification","valueRequired":true,"valueName":"search_term_string"}}],"inLanguage":"ru-RU"},{"@type":"Person","@id":"https:\/\/filan.am\/#\/schema\/person\/b51c4ec26a4fec8a4f9b3ae0356b8f23","name":"filanam","image":{"@type":"ImageObject","inLanguage":"ru-RU","@id":"https:\/\/secure.gravatar.com\/avatar\/a24f4ac3a683f3c87303db525abc00db51ea26ccedee11dfaf1cc0f9a481a5d2?s=96&d=mm&r=g","url":"https:\/\/secure.gravatar.com\/avatar\/a24f4ac3a683f3c87303db525abc00db51ea26ccedee11dfaf1cc0f9a481a5d2?s=96&d=mm&r=g","contentUrl":"https:\/\/secure.gravatar.com\/avatar\/a24f4ac3a683f3c87303db525abc00db51ea26ccedee11dfaf1cc0f9a481a5d2?s=96&d=mm&r=g","caption":"filanam"},"sameAs":["http:\/\/filan.am"],"url":"https:\/\/filan.am\/?author=1"}]}},"_links":{"self":[{"href":"https:\/\/filan.am\/index.php?rest_route=\/wp\/v2\/posts\/1638","targetHints":{"allow":["GET"]}}],"collection":[{"href":"https:\/\/filan.am\/index.php?rest_route=\/wp\/v2\/posts"}],"about":[{"href":"https:\/\/filan.am\/index.php?rest_route=\/wp\/v2\/types\/post"}],"author":[{"embeddable":true,"href":"https:\/\/filan.am\/index.php?rest_route=\/wp\/v2\/users\/1"}],"replies":[{"embeddable":true,"href":"https:\/\/filan.am\/index.php?rest_route=%2Fwp%2Fv2%2Fcomments&post=1638"}],"version-history":[{"count":1,"href":"https:\/\/filan.am\/index.php?rest_route=\/wp\/v2\/posts\/1638\/revisions"}],"predecessor-version":[{"id":1640,"href":"https:\/\/filan.am\/index.php?rest_route=\/wp\/v2\/posts\/1638\/revisions\/1640"}],"wp:featuredmedia":[{"embeddable":true,"href":"https:\/\/filan.am\/index.php?rest_route=\/wp\/v2\/media\/1639"}],"wp:attachment":[{"href":"https:\/\/filan.am\/index.php?rest_route=%2Fwp%2Fv2%2Fmedia&parent=1638"}],"wp:term":[{"taxonomy":"category","embeddable":true,"href":"https:\/\/filan.am\/index.php?rest_route=%2Fwp%2Fv2%2Fcategories&post=1638"},{"taxonomy":"post_tag","embeddable":true,"href":"https:\/\/filan.am\/index.php?rest_route=%2Fwp%2Fv2%2Ftags&post=1638"}],"curies":[{"name":"wp","href":"https:\/\/api.w.org\/{rel}","templated":true}]}}