{"id":1629,"date":"2026-04-29T23:00:17","date_gmt":"2026-04-29T20:00:17","guid":{"rendered":"https:\/\/filan.am\/?p=1629"},"modified":"2026-04-29T23:00:18","modified_gmt":"2026-04-29T20:00:18","slug":"siskoni-katosi-myrskyssa-ja-jatti-minulle-yhdeksan-lastaan-12-vuotta-myohemmin-hanen-poikansa-kuiskasi-tiedan-missa-aiti-on","status":"publish","type":"post","link":"https:\/\/filan.am\/?p=1629","title":{"rendered":"Siskoni katosi myrskyss\u00e4 ja j\u00e4tti minulle yhdeks\u00e4n lastaan \u200b\u200b- 12 vuotta my\u00f6hemmin h\u00e4nen poikansa kuiskasi: &#171;Tied\u00e4n miss\u00e4 \u00e4iti on.&#187;"},"content":{"rendered":"\n<p>Kaksitoista vuotta sitten tein lupauksen kadonneen sisareni lapsille: etteiv\u00e4t he koskaan joutuisi hyl\u00e4tyiksi. Pidin lupaukseni parhaani mukaan. Sitten er\u00e4\u00e4n\u00e4 p\u00e4iv\u00e4n\u00e4 h\u00e4nen nuorin poikansa tuli kotiin koulusta, katsoi minua suoraan silmiin ja sanoi olevansa vihdoin valmis paljastamaan totuuden.<\/p>\n\n\n\n<figure class=\"wp-block-image size-large\"><img loading=\"lazy\" decoding=\"async\" width=\"903\" height=\"1024\" src=\"https:\/\/filan.am\/wp-content\/uploads\/2026\/04\/02222222222222-6-903x1024.jpg\" alt=\"\" class=\"wp-image-1630\" srcset=\"https:\/\/filan.am\/wp-content\/uploads\/2026\/04\/02222222222222-6-903x1024.jpg 903w, https:\/\/filan.am\/wp-content\/uploads\/2026\/04\/02222222222222-6-265x300.jpg 265w, https:\/\/filan.am\/wp-content\/uploads\/2026\/04\/02222222222222-6-768x871.jpg 768w, https:\/\/filan.am\/wp-content\/uploads\/2026\/04\/02222222222222-6.jpg 1100w\" sizes=\"auto, (max-width: 903px) 100vw, 903px\" \/><\/figure>\n\n\n\n<p>En koskaan kuvitellut kirjoittavani t\u00e4t\u00e4. Silti kaksitoista vuotta sisareni katoamisen j\u00e4lkeen l\u00f6ysin h\u00e4net elossa piileskelem\u00e4st\u00e4 hyl\u00e4tyn kappelin kellarista.<\/p>\n\n\n\n<p>Siskoni miehen kuoltua sy\u00f6p\u00e4\u00e4n olin k\u00e4yt\u00e4nn\u00f6ss\u00e4 alkanut asua heid\u00e4n kanssaan. H\u00e4nell\u00e4 oli yhdeks\u00e4n lasta \u2013 osa adoptoituja, osa biologisia \u2013 mutta kaikki olivat kokonaan h\u00e4nen. Sin\u00e4 y\u00f6n\u00e4, kun h\u00e4n katosi, raju myrsky ravisteli taloa ja sai ikkunat helisem\u00e4\u00e4n kuin ne voisivat s\u00e4rky\u00e4. H\u00e4n oli pyyt\u00e4nyt minua vahtimaan lapsia, kun h\u00e4n meni kaupunkiin. H\u00e4n ei koskaan palannut.<\/p>\n\n\n\n<p>H\u00e4nen autonsa oli ajautunut tielt\u00e4 ja t\u00f6rm\u00e4nnyt kaatuneeseen puuhun.<\/p>\n\n\n\n<p>Alice oli poissa.<\/p>\n\n\n\n<p>Muutin h\u00e4nen taloonsa ennen kuin pataruoat olivat edes lakanneet saapumasta. Itse asiassa olin jo is\u00e4ns\u00e4 kuoleman j\u00e4lkeen osallistunut n\u00e4iden lasten kasvattamiseen. Sin\u00e4 talvena Alice oli allekirjoittanut v\u00e4liaikaisen holhoussopimuksen. H\u00e4n vihasi myrskyss\u00e4 ajamista ja vitsaili: &#171;Jos p\u00e4\u00e4dyn ojaan, tarvitsen jonkun, joka voi v\u00e4itell\u00e4 koulujen kanssa puolestani.&#187;<\/p>\n\n\n\n<p>En nauranut, kun nuo asiakirjat tulivat v\u00e4ltt\u00e4m\u00e4tt\u00f6miksi. Daniel, nuorin, oli vasta nelj\u00e4vuotias ja kyseli jatkuvasti, milloin h\u00e4nen \u00e4itins\u00e4 tulisi kotiin.<\/p>\n\n\n\n<p>Kaksitoista vuotta kului. Daniel oli kuusitoista, kun kaikki alkoi muuttua. Viikkojen ajan h\u00e4n oli ollut erilainen: hiljainen, j\u00e4nnittynyt, helposti s\u00e4ik\u00e4ht\u00e4v\u00e4. H\u00e4n tuli kotiin koulusta ja lukitsi itsens\u00e4 huoneeseensa. Jos koputin, h\u00e4n vastasi vain: &#171;J\u00e4t\u00e4 minut rauhaan, ole hyv\u00e4.&#187;<\/p>\n\n\n\n<p>Er\u00e4\u00e4n\u00e4 p\u00e4iv\u00e4n\u00e4 en kest\u00e4nyt sit\u00e4 en\u00e4\u00e4.<\/p>\n\n\n\n<p>Pys\u00e4ytin h\u00e4net k\u00e4yt\u00e4v\u00e4ll\u00e4. &#171;Lopeta minun v\u00e4lttelyni. Kerro minulle, mit\u00e4 tapahtuu.&#187;<\/p>\n\n\n\n<p>H\u00e4n kalpeni. Sitten h\u00e4n sanoi hiljaisella \u00e4\u00e4nell\u00e4: &#171;Olen valmis kertomaan sinulle totuuden.&#187;<\/p>\n\n\n\n<p>H\u00e4n avasi reppunsa ja veti esiin vanhan, ruosteisen peltirasian.<\/p>\n\n\n\n<p>&#171;L\u00f6ysin sen ullakon lattialautojen alta.&#187;<\/p>\n\n\n\n<p>H\u00e4n asetti sen p\u00f6yd\u00e4lle.<\/p>\n\n\n\n<p>Sis\u00e4ll\u00e4 oli hopeinen kaulakoru, jonka olin antanut Alicelle, haalistunut valokuva ja joitakin sinisell\u00e4 nauhalla sidottuja kirjeit\u00e4.<\/p>\n\n\n\n<p>Yhdess\u00e4 luki:<\/p>\n\n\n\n<p>&#171;Jos luet t\u00e4t\u00e4, jotain tapahtui, enk\u00e4 voinut palata. Piilotin kaiken ennen l\u00e4ht\u00f6\u00e4ni. Joku tarkkaili minua. Jos lapset ovat tarpeeksi vanhoja ymm\u00e4rt\u00e4\u00e4kseen, mene Blackwoodin kappeliin. Jos heit\u00e4 ei ole siell\u00e4, odota iltaan.&#187;<\/p>\n\n\n\n<p>Toisessa, lyhyemm\u00e4ss\u00e4 viestiss\u00e4 luki:<\/p>\n\n\n\n<p>&#171;\u00c4l\u00e4 luota kehenk\u00e4\u00e4n, joka itki minun vuokseni.&#187;<\/p>\n\n\n\n<p>Daniel oli selv\u00e4sti j\u00e4rkyttynyt.<\/p>\n\n\n\n<p>&#171;Olen saanut viikon ajan nimett\u00f6mi\u00e4 viestej\u00e4&#187;, h\u00e4n sanoi. &#171;Ei nimi\u00e4, ei valokuvia. He sanoivat, ett\u00e4 tiettyjen hautojen pit\u00e4isi pysy\u00e4 suljettuina\u2026 ett\u00e4 kuolleiden naisten pit\u00e4isi pysy\u00e4 kuolleina.&#187;<\/p>\n\n\n\n<p>Sin\u00e4 iltana menimme Blackwoodin kappeliin.<\/p>\n\n\n\n<p>Rikkoutuneen alttarin takaa l\u00f6ysimme kapean oven. Menimme alakertaan.<\/p>\n\n\n\n<p>Taskulampun valo valaisi vanhan takin, joka roikkui naulalla.<\/p>\n\n\n\n<p>Alicen takin.<\/p>\n\n\n\n<p>Sitten \u00e4\u00e4ni pimeydest\u00e4:<\/p>\n\n\n\n<p>&#171;Tiesin, ett\u00e4 tulisit jonain p\u00e4iv\u00e4n\u00e4.&#187;<\/p>\n\n\n\n<p>K\u00e4\u00e4nnyin.<\/p>\n\n\n\n<p>Ja siin\u00e4 h\u00e4n oli.<\/p>\n\n\n\n<p>Laihempi. Vaaleampi. Mutta kiistatta Alice.<\/p>\n\n\n\n<p>Daniel juoksi h\u00e4nen luokseen ja halasi h\u00e4nt\u00e4 tiukasti, aivan kuin ei koskaan haluaisi p\u00e4\u00e4st\u00e4\u00e4 irti.<\/p>\n\n\n\n<p>Kahdentoista vuoden j\u00e4lkeen h\u00e4n oli elossa.<\/p>\n\n\n\n<p>&#171;Halusin palata&#187;, h\u00e4n sanoi kyynelten l\u00e4pi.<\/p>\n\n\n\n<p>&#171;Miksi et sitten tullut?&#187; kysyin.<\/p>\n\n\n\n<p>Alice vapisi.<\/p>\n\n\n\n<p>H\u00e4n selitti, ett\u00e4 onnettomuusp\u00e4iv\u00e4n\u00e4 h\u00e4n ei ollut menossa vain kaupunkiin, vaan tapaamaan jotakuta, jolla oli tietoja h\u00e4nen miehest\u00e4\u00e4n. Ennen kuolemaansa t\u00e4m\u00e4 oli havainnut ep\u00e4s\u00e4\u00e4nn\u00f6llisyyksi\u00e4 kirkon hyv\u00e4ntekev\u00e4isyysj\u00e4rjest\u00f6ss\u00e4: kadonneita rahoja, muutettuja adoptioasiakirjoja, laittomasti muutettuja lapsia.<\/p>\n\n\n\n<p>Miehen kuoleman j\u00e4lkeen Alice alkoi saada uhkauksia: mykki\u00e4 puheluita, tuntemattomia autoja, ihmisi\u00e4, jotka tiesiv\u00e4t lasten nimet ja miss\u00e4 he olivat.<\/p>\n\n\n\n<p>&#171;Olin peloissani&#187;, h\u00e4n sanoi. &#171;Ajattelin, ett\u00e4 hiljaisuus saattaisi pys\u00e4ytt\u00e4\u00e4 heid\u00e4t.&#187;<\/p>\n\n\n\n<p>H\u00e4n kertoi onnettomuudesta: joku oli pakottanut h\u00e4net tielt\u00e4. H\u00e4n oli selvinnyt, mutta siit\u00e4 l\u00e4htien h\u00e4n oli ollut jatkuvasti piilossa.<\/p>\n\n\n\n<p>Sitten h\u00e4n nimesi miehen, joka oli &#171;pelastanut&#187; h\u00e4net: Tom, sheriffi.<\/p>\n\n\n\n<p>Sama mies, joka oli johtanut etsint\u00e4\u00e4.<\/p>\n\n\n\n<p>Sama mies, joka oli istunut keitti\u00f6ss\u00e4mme teeskennellen auttavansa.<\/p>\n\n\n\n<p>&#171;H\u00e4n sanoi minulle, ett\u00e4 jos palaisin, lapset maksaisivat&#187;, Alice sanoi.<\/p>\n\n\n\n<p>Ja niin pako alkoi: vuosia muuttoa, laittomia ty\u00f6paikkoja, v\u00e4\u00e4ri\u00e4 henkil\u00f6llisyyksi\u00e4, jatkuvaa pelkoa.<\/p>\n\n\n\n<p>Kunnes h\u00e4n palasi kappeliin.<\/p>\n\n\n\n<p>Kun kysyin miksi sitten, h\u00e4n vastasi:<\/p>\n\n\n\n<p>&#171;Tom on j\u00e4\u00e4m\u00e4ss\u00e4 el\u00e4kkeelle. Ja nyt meill\u00e4 on todisteita.&#187;<\/p>\n\n\n\n<p>Todisteet olivat piilossa vanhassa tallelokerossa ensimm\u00e4isen talomme kellarin alla.<\/p>\n\n\n\n<p>Menimme sinne sin\u00e4 y\u00f6n\u00e4.<\/p>\n\n\n\n<p>Ja Tom odotti meit\u00e4.<\/p>\n\n\n\n<p>Aseistettuna.<\/p>\n\n\n\n<p>&#171;Teid\u00e4n olisi pit\u00e4nyt j\u00e4tt\u00e4\u00e4 se haudatuksi&#187;, h\u00e4n sanoi.<\/p>\n\n\n\n<p>Sitten kaikki romahti.<\/p>\n\n\n\n<p>Laukaus, huudot, kamppailu. Rakenne romahti, ja Tom putosi alla olevaan kuoppaan.<\/p>\n\n\n\n<p>Kun poliisi saapui paikalle, Danielin tallenne ja tallelokero vahvistivat kaiken: asiakirjat, tiedot, pankkitiedot.<\/p>\n\n\n\n<p>J\u00e4rjestelm\u00e4 oli korruptoitunut.<\/p>\n\n\n\n<p>JaSe oli vihdoin ohi.<\/p>\n\n\n\n<p>Alice palasi kotiin kaksi p\u00e4iv\u00e4\u00e4 my\u00f6hemmin.<\/p>\n\n\n\n<p>Ei ihmeen\u00e4, vaan kuin joku palaisi pimeydest\u00e4.<\/p>\n\n\n\n<p>Lapset halasivat h\u00e4nt\u00e4 kyynelten l\u00e4pi.<\/p>\n\n\n\n<p>Daniel ei koskaan j\u00e4tt\u00e4nyt h\u00e4nen viere\u00e4\u00e4n.<\/p>\n\n\n\n<p>Min\u00e4 taas en en\u00e4\u00e4 tiennyt paikkaani.<\/p>\n\n\n\n<p>Er\u00e4\u00e4n\u00e4 iltana sanoin: &#171;En en\u00e4\u00e4 tied\u00e4, mit\u00e4 minusta on tullut.&#187;<\/p>\n\n\n\n<p>Alice katsoi minua ja sanoi:<\/p>\n\n\n\n<p>&#171;Sin\u00e4 olet syy, miksi he selvisiv\u00e4t.&#187;<\/p>\n\n\n\n<p>Ja tajusin, ett\u00e4 ehk\u00e4 se oli totta.<\/p>\n\n\n\n<p>Sin\u00e4 iltana me kaikki yksitoista istuimme saman p\u00f6yd\u00e4n \u00e4\u00e4ress\u00e4.<\/p>\n\n\n\n<p>Melua. Kaaosta. El\u00e4m\u00e4\u00e4.<\/p>\n\n\n\n<p>Daniel sanoi: &#171;Luulin, ett\u00e4 totuus tuhoaisi meid\u00e4t.&#187;<\/p>\n\n\n\n<p>Alice katsoi h\u00e4nt\u00e4.<\/p>\n\n\n\n<p>&#171;Valheet tekiv\u00e4t sit\u00e4 jo.&#187;<\/p>\n\n\n\n<p>Eik\u00e4 kukaan sanonut mit\u00e4\u00e4n muuta.<\/p>\n","protected":false},"excerpt":{"rendered":"Kaksitoista vuotta sitten tein lupauksen kadonneen sisareni lapsille: etteiv\u00e4t he koskaan joutuisi hyl\u00e4tyiksi. Pidin lupaukseni parhaani mukaan. Sitten er\u00e4\u00e4n\u00e4 p\u00e4iv\u00e4n\u00e4 h\u00e4nen nuorin poikansa \n<a class=\"moretag\" href=\"https:\/\/filan.am\/?p=1629\"> [...]<\/a>","protected":false},"author":1,"featured_media":1630,"comment_status":"open","ping_status":"open","sticky":false,"template":"","format":"standard","meta":{"footnotes":""},"categories":[1],"tags":[],"class_list":["post-1629","post","type-post","status-publish","format-standard","has-post-thumbnail","hentry","category-news"],"yoast_head":"<!-- This site is optimized with the Yoast SEO plugin v27.5 - https:\/\/yoast.com\/product\/yoast-seo-wordpress\/ -->\n<title>Siskoni katosi myrskyss\u00e4 ja j\u00e4tti minulle yhdeks\u00e4n lastaan \u200b\u200b- 12 vuotta my\u00f6hemmin h\u00e4nen poikansa kuiskasi: &quot;Tied\u00e4n miss\u00e4 \u00e4iti on.&quot; -<\/title>\n<meta name=\"robots\" content=\"index, follow, max-snippet:-1, max-image-preview:large, max-video-preview:-1\" \/>\n<link rel=\"canonical\" href=\"https:\/\/filan.am\/?p=1629\" \/>\n<meta property=\"og:locale\" content=\"ru_RU\" \/>\n<meta property=\"og:type\" content=\"article\" \/>\n<meta property=\"og:title\" content=\"Siskoni katosi myrskyss\u00e4 ja j\u00e4tti minulle yhdeks\u00e4n lastaan \u200b\u200b- 12 vuotta my\u00f6hemmin h\u00e4nen poikansa kuiskasi: &quot;Tied\u00e4n miss\u00e4 \u00e4iti on.&quot; -\" \/>\n<meta property=\"og:description\" content=\"Kaksitoista vuotta sitten tein lupauksen kadonneen sisareni lapsille: etteiv\u00e4t he koskaan joutuisi hyl\u00e4tyiksi. Pidin lupaukseni parhaani mukaan. Sitten er\u00e4\u00e4n\u00e4 p\u00e4iv\u00e4n\u00e4 h\u00e4nen nuorin poikansa\" \/>\n<meta property=\"og:url\" content=\"https:\/\/filan.am\/?p=1629\" \/>\n<meta property=\"article:published_time\" content=\"2026-04-29T20:00:17+00:00\" \/>\n<meta property=\"article:modified_time\" content=\"2026-04-29T20:00:18+00:00\" \/>\n<meta property=\"og:image\" content=\"https:\/\/filan.am\/wp-content\/uploads\/2026\/04\/02222222222222-6.jpg\" \/>\n\t<meta property=\"og:image:width\" content=\"1100\" \/>\n\t<meta property=\"og:image:height\" content=\"1247\" \/>\n\t<meta property=\"og:image:type\" content=\"image\/jpeg\" \/>\n<meta name=\"author\" content=\"filanam\" \/>\n<meta name=\"twitter:card\" content=\"summary_large_image\" \/>\n<meta name=\"twitter:label1\" content=\"\u041d\u0430\u043f\u0438\u0441\u0430\u043d\u043e \u0430\u0432\u0442\u043e\u0440\u043e\u043c\" \/>\n\t<meta name=\"twitter:data1\" content=\"filanam\" \/>\n\t<meta name=\"twitter:label2\" content=\"\u041f\u0440\u0438\u043c\u0435\u0440\u043d\u043e\u0435 \u0432\u0440\u0435\u043c\u044f \u0434\u043b\u044f \u0447\u0442\u0435\u043d\u0438\u044f\" \/>\n\t<meta name=\"twitter:data2\" content=\"5 \u043c\u0438\u043d\u0443\u0442\" \/>\n<script type=\"application\/ld+json\" class=\"yoast-schema-graph\">{\"@context\":\"https:\\\/\\\/schema.org\",\"@graph\":[{\"@type\":\"Article\",\"@id\":\"https:\\\/\\\/filan.am\\\/?p=1629#article\",\"isPartOf\":{\"@id\":\"https:\\\/\\\/filan.am\\\/?p=1629\"},\"author\":{\"name\":\"filanam\",\"@id\":\"https:\\\/\\\/filan.am\\\/#\\\/schema\\\/person\\\/b51c4ec26a4fec8a4f9b3ae0356b8f23\"},\"headline\":\"Siskoni katosi myrskyss\u00e4 ja j\u00e4tti minulle yhdeks\u00e4n lastaan \u200b\u200b- 12 vuotta my\u00f6hemmin h\u00e4nen poikansa kuiskasi: &#171;Tied\u00e4n miss\u00e4 \u00e4iti on.&#187;\",\"datePublished\":\"2026-04-29T20:00:17+00:00\",\"dateModified\":\"2026-04-29T20:00:18+00:00\",\"mainEntityOfPage\":{\"@id\":\"https:\\\/\\\/filan.am\\\/?p=1629\"},\"wordCount\":912,\"commentCount\":0,\"image\":{\"@id\":\"https:\\\/\\\/filan.am\\\/?p=1629#primaryimage\"},\"thumbnailUrl\":\"https:\\\/\\\/filan.am\\\/wp-content\\\/uploads\\\/2026\\\/04\\\/02222222222222-6.jpg\",\"articleSection\":[\"NEWS\"],\"inLanguage\":\"ru-RU\",\"potentialAction\":[{\"@type\":\"CommentAction\",\"name\":\"Comment\",\"target\":[\"https:\\\/\\\/filan.am\\\/?p=1629#respond\"]}]},{\"@type\":\"WebPage\",\"@id\":\"https:\\\/\\\/filan.am\\\/?p=1629\",\"url\":\"https:\\\/\\\/filan.am\\\/?p=1629\",\"name\":\"Siskoni katosi myrskyss\u00e4 ja j\u00e4tti minulle yhdeks\u00e4n lastaan \u200b\u200b- 12 vuotta my\u00f6hemmin h\u00e4nen poikansa kuiskasi: \\\"Tied\u00e4n miss\u00e4 \u00e4iti on.\\\" -\",\"isPartOf\":{\"@id\":\"https:\\\/\\\/filan.am\\\/#website\"},\"primaryImageOfPage\":{\"@id\":\"https:\\\/\\\/filan.am\\\/?p=1629#primaryimage\"},\"image\":{\"@id\":\"https:\\\/\\\/filan.am\\\/?p=1629#primaryimage\"},\"thumbnailUrl\":\"https:\\\/\\\/filan.am\\\/wp-content\\\/uploads\\\/2026\\\/04\\\/02222222222222-6.jpg\",\"datePublished\":\"2026-04-29T20:00:17+00:00\",\"dateModified\":\"2026-04-29T20:00:18+00:00\",\"author\":{\"@id\":\"https:\\\/\\\/filan.am\\\/#\\\/schema\\\/person\\\/b51c4ec26a4fec8a4f9b3ae0356b8f23\"},\"breadcrumb\":{\"@id\":\"https:\\\/\\\/filan.am\\\/?p=1629#breadcrumb\"},\"inLanguage\":\"ru-RU\",\"potentialAction\":[{\"@type\":\"ReadAction\",\"target\":[\"https:\\\/\\\/filan.am\\\/?p=1629\"]}]},{\"@type\":\"ImageObject\",\"inLanguage\":\"ru-RU\",\"@id\":\"https:\\\/\\\/filan.am\\\/?p=1629#primaryimage\",\"url\":\"https:\\\/\\\/filan.am\\\/wp-content\\\/uploads\\\/2026\\\/04\\\/02222222222222-6.jpg\",\"contentUrl\":\"https:\\\/\\\/filan.am\\\/wp-content\\\/uploads\\\/2026\\\/04\\\/02222222222222-6.jpg\",\"width\":1100,\"height\":1247},{\"@type\":\"BreadcrumbList\",\"@id\":\"https:\\\/\\\/filan.am\\\/?p=1629#breadcrumb\",\"itemListElement\":[{\"@type\":\"ListItem\",\"position\":1,\"name\":\"\u0413\u043b\u0430\u0432\u043d\u0430\u044f \u0441\u0442\u0440\u0430\u043d\u0438\u0446\u0430\",\"item\":\"https:\\\/\\\/filan.am\\\/\"},{\"@type\":\"ListItem\",\"position\":2,\"name\":\"Siskoni katosi myrskyss\u00e4 ja j\u00e4tti minulle yhdeks\u00e4n lastaan \u200b\u200b- 12 vuotta my\u00f6hemmin h\u00e4nen poikansa kuiskasi: &#171;Tied\u00e4n miss\u00e4 \u00e4iti on.&#187;\"}]},{\"@type\":\"WebSite\",\"@id\":\"https:\\\/\\\/filan.am\\\/#website\",\"url\":\"https:\\\/\\\/filan.am\\\/\",\"name\":\"\",\"description\":\"\",\"potentialAction\":[{\"@type\":\"SearchAction\",\"target\":{\"@type\":\"EntryPoint\",\"urlTemplate\":\"https:\\\/\\\/filan.am\\\/?s={search_term_string}\"},\"query-input\":{\"@type\":\"PropertyValueSpecification\",\"valueRequired\":true,\"valueName\":\"search_term_string\"}}],\"inLanguage\":\"ru-RU\"},{\"@type\":\"Person\",\"@id\":\"https:\\\/\\\/filan.am\\\/#\\\/schema\\\/person\\\/b51c4ec26a4fec8a4f9b3ae0356b8f23\",\"name\":\"filanam\",\"image\":{\"@type\":\"ImageObject\",\"inLanguage\":\"ru-RU\",\"@id\":\"https:\\\/\\\/secure.gravatar.com\\\/avatar\\\/a24f4ac3a683f3c87303db525abc00db51ea26ccedee11dfaf1cc0f9a481a5d2?s=96&d=mm&r=g\",\"url\":\"https:\\\/\\\/secure.gravatar.com\\\/avatar\\\/a24f4ac3a683f3c87303db525abc00db51ea26ccedee11dfaf1cc0f9a481a5d2?s=96&d=mm&r=g\",\"contentUrl\":\"https:\\\/\\\/secure.gravatar.com\\\/avatar\\\/a24f4ac3a683f3c87303db525abc00db51ea26ccedee11dfaf1cc0f9a481a5d2?s=96&d=mm&r=g\",\"caption\":\"filanam\"},\"sameAs\":[\"http:\\\/\\\/filan.am\"],\"url\":\"https:\\\/\\\/filan.am\\\/?author=1\"}]}<\/script>\n<!-- \/ Yoast SEO plugin. -->","yoast_head_json":{"title":"Siskoni katosi myrskyss\u00e4 ja j\u00e4tti minulle yhdeks\u00e4n lastaan \u200b\u200b- 12 vuotta my\u00f6hemmin h\u00e4nen poikansa kuiskasi: \"Tied\u00e4n miss\u00e4 \u00e4iti on.\" -","robots":{"index":"index","follow":"follow","max-snippet":"max-snippet:-1","max-image-preview":"max-image-preview:large","max-video-preview":"max-video-preview:-1"},"canonical":"https:\/\/filan.am\/?p=1629","og_locale":"ru_RU","og_type":"article","og_title":"Siskoni katosi myrskyss\u00e4 ja j\u00e4tti minulle yhdeks\u00e4n lastaan \u200b\u200b- 12 vuotta my\u00f6hemmin h\u00e4nen poikansa kuiskasi: \"Tied\u00e4n miss\u00e4 \u00e4iti on.\" -","og_description":"Kaksitoista vuotta sitten tein lupauksen kadonneen sisareni lapsille: etteiv\u00e4t he koskaan joutuisi hyl\u00e4tyiksi. Pidin lupaukseni parhaani mukaan. Sitten er\u00e4\u00e4n\u00e4 p\u00e4iv\u00e4n\u00e4 h\u00e4nen nuorin poikansa","og_url":"https:\/\/filan.am\/?p=1629","article_published_time":"2026-04-29T20:00:17+00:00","article_modified_time":"2026-04-29T20:00:18+00:00","og_image":[{"width":1100,"height":1247,"url":"https:\/\/filan.am\/wp-content\/uploads\/2026\/04\/02222222222222-6.jpg","type":"image\/jpeg"}],"author":"filanam","twitter_card":"summary_large_image","twitter_misc":{"\u041d\u0430\u043f\u0438\u0441\u0430\u043d\u043e \u0430\u0432\u0442\u043e\u0440\u043e\u043c":"filanam","\u041f\u0440\u0438\u043c\u0435\u0440\u043d\u043e\u0435 \u0432\u0440\u0435\u043c\u044f \u0434\u043b\u044f \u0447\u0442\u0435\u043d\u0438\u044f":"5 \u043c\u0438\u043d\u0443\u0442"},"schema":{"@context":"https:\/\/schema.org","@graph":[{"@type":"Article","@id":"https:\/\/filan.am\/?p=1629#article","isPartOf":{"@id":"https:\/\/filan.am\/?p=1629"},"author":{"name":"filanam","@id":"https:\/\/filan.am\/#\/schema\/person\/b51c4ec26a4fec8a4f9b3ae0356b8f23"},"headline":"Siskoni katosi myrskyss\u00e4 ja j\u00e4tti minulle yhdeks\u00e4n lastaan \u200b\u200b- 12 vuotta my\u00f6hemmin h\u00e4nen poikansa kuiskasi: &#171;Tied\u00e4n miss\u00e4 \u00e4iti on.&#187;","datePublished":"2026-04-29T20:00:17+00:00","dateModified":"2026-04-29T20:00:18+00:00","mainEntityOfPage":{"@id":"https:\/\/filan.am\/?p=1629"},"wordCount":912,"commentCount":0,"image":{"@id":"https:\/\/filan.am\/?p=1629#primaryimage"},"thumbnailUrl":"https:\/\/filan.am\/wp-content\/uploads\/2026\/04\/02222222222222-6.jpg","articleSection":["NEWS"],"inLanguage":"ru-RU","potentialAction":[{"@type":"CommentAction","name":"Comment","target":["https:\/\/filan.am\/?p=1629#respond"]}]},{"@type":"WebPage","@id":"https:\/\/filan.am\/?p=1629","url":"https:\/\/filan.am\/?p=1629","name":"Siskoni katosi myrskyss\u00e4 ja j\u00e4tti minulle yhdeks\u00e4n lastaan \u200b\u200b- 12 vuotta my\u00f6hemmin h\u00e4nen poikansa kuiskasi: \"Tied\u00e4n miss\u00e4 \u00e4iti on.\" -","isPartOf":{"@id":"https:\/\/filan.am\/#website"},"primaryImageOfPage":{"@id":"https:\/\/filan.am\/?p=1629#primaryimage"},"image":{"@id":"https:\/\/filan.am\/?p=1629#primaryimage"},"thumbnailUrl":"https:\/\/filan.am\/wp-content\/uploads\/2026\/04\/02222222222222-6.jpg","datePublished":"2026-04-29T20:00:17+00:00","dateModified":"2026-04-29T20:00:18+00:00","author":{"@id":"https:\/\/filan.am\/#\/schema\/person\/b51c4ec26a4fec8a4f9b3ae0356b8f23"},"breadcrumb":{"@id":"https:\/\/filan.am\/?p=1629#breadcrumb"},"inLanguage":"ru-RU","potentialAction":[{"@type":"ReadAction","target":["https:\/\/filan.am\/?p=1629"]}]},{"@type":"ImageObject","inLanguage":"ru-RU","@id":"https:\/\/filan.am\/?p=1629#primaryimage","url":"https:\/\/filan.am\/wp-content\/uploads\/2026\/04\/02222222222222-6.jpg","contentUrl":"https:\/\/filan.am\/wp-content\/uploads\/2026\/04\/02222222222222-6.jpg","width":1100,"height":1247},{"@type":"BreadcrumbList","@id":"https:\/\/filan.am\/?p=1629#breadcrumb","itemListElement":[{"@type":"ListItem","position":1,"name":"\u0413\u043b\u0430\u0432\u043d\u0430\u044f \u0441\u0442\u0440\u0430\u043d\u0438\u0446\u0430","item":"https:\/\/filan.am\/"},{"@type":"ListItem","position":2,"name":"Siskoni katosi myrskyss\u00e4 ja j\u00e4tti minulle yhdeks\u00e4n lastaan \u200b\u200b- 12 vuotta my\u00f6hemmin h\u00e4nen poikansa kuiskasi: &#171;Tied\u00e4n miss\u00e4 \u00e4iti on.&#187;"}]},{"@type":"WebSite","@id":"https:\/\/filan.am\/#website","url":"https:\/\/filan.am\/","name":"","description":"","potentialAction":[{"@type":"SearchAction","target":{"@type":"EntryPoint","urlTemplate":"https:\/\/filan.am\/?s={search_term_string}"},"query-input":{"@type":"PropertyValueSpecification","valueRequired":true,"valueName":"search_term_string"}}],"inLanguage":"ru-RU"},{"@type":"Person","@id":"https:\/\/filan.am\/#\/schema\/person\/b51c4ec26a4fec8a4f9b3ae0356b8f23","name":"filanam","image":{"@type":"ImageObject","inLanguage":"ru-RU","@id":"https:\/\/secure.gravatar.com\/avatar\/a24f4ac3a683f3c87303db525abc00db51ea26ccedee11dfaf1cc0f9a481a5d2?s=96&d=mm&r=g","url":"https:\/\/secure.gravatar.com\/avatar\/a24f4ac3a683f3c87303db525abc00db51ea26ccedee11dfaf1cc0f9a481a5d2?s=96&d=mm&r=g","contentUrl":"https:\/\/secure.gravatar.com\/avatar\/a24f4ac3a683f3c87303db525abc00db51ea26ccedee11dfaf1cc0f9a481a5d2?s=96&d=mm&r=g","caption":"filanam"},"sameAs":["http:\/\/filan.am"],"url":"https:\/\/filan.am\/?author=1"}]}},"_links":{"self":[{"href":"https:\/\/filan.am\/index.php?rest_route=\/wp\/v2\/posts\/1629","targetHints":{"allow":["GET"]}}],"collection":[{"href":"https:\/\/filan.am\/index.php?rest_route=\/wp\/v2\/posts"}],"about":[{"href":"https:\/\/filan.am\/index.php?rest_route=\/wp\/v2\/types\/post"}],"author":[{"embeddable":true,"href":"https:\/\/filan.am\/index.php?rest_route=\/wp\/v2\/users\/1"}],"replies":[{"embeddable":true,"href":"https:\/\/filan.am\/index.php?rest_route=%2Fwp%2Fv2%2Fcomments&post=1629"}],"version-history":[{"count":1,"href":"https:\/\/filan.am\/index.php?rest_route=\/wp\/v2\/posts\/1629\/revisions"}],"predecessor-version":[{"id":1631,"href":"https:\/\/filan.am\/index.php?rest_route=\/wp\/v2\/posts\/1629\/revisions\/1631"}],"wp:featuredmedia":[{"embeddable":true,"href":"https:\/\/filan.am\/index.php?rest_route=\/wp\/v2\/media\/1630"}],"wp:attachment":[{"href":"https:\/\/filan.am\/index.php?rest_route=%2Fwp%2Fv2%2Fmedia&parent=1629"}],"wp:term":[{"taxonomy":"category","embeddable":true,"href":"https:\/\/filan.am\/index.php?rest_route=%2Fwp%2Fv2%2Fcategories&post=1629"},{"taxonomy":"post_tag","embeddable":true,"href":"https:\/\/filan.am\/index.php?rest_route=%2Fwp%2Fv2%2Ftags&post=1629"}],"curies":[{"name":"wp","href":"https:\/\/api.w.org\/{rel}","templated":true}]}}