{"id":1623,"date":"2026-04-29T19:22:53","date_gmt":"2026-04-29T16:22:53","guid":{"rendered":"https:\/\/filan.am\/?p=1623"},"modified":"2026-04-29T19:22:53","modified_gmt":"2026-04-29T16:22:53","slug":"menin-naimisiin-lesken-kanssa-jolla-oli-kaksi-tytarta-sitten-toinen-heista-johdatti-minut-kellariin-ja-kysyi-haluaisinko-nahda-missa-hanen-aitinsa-asuu","status":"publish","type":"post","link":"https:\/\/filan.am\/?p=1623","title":{"rendered":"Menin naimisiin lesken kanssa, jolla oli kaksi tyt\u00e4rt\u00e4 \u2013 sitten toinen heist\u00e4 johdatti minut kellariin ja kysyi, haluaisinko n\u00e4hd\u00e4, miss\u00e4 h\u00e4nen \u00e4itins\u00e4 asuu"},"content":{"rendered":"\n<p>Luulin liittyv\u00e4ni perheeseen, joka oli jo k\u00e4ynyt l\u00e4pi kovimman koetuksensa. Mutta Danielin vanhimman tytt\u00e4ren pieni sana sai minut ymm\u00e4rt\u00e4m\u00e4\u00e4n, ett\u00e4 jokin ei ollut oikein siin\u00e4 talossa.<\/p>\n\n\n\n<p>Kun aloimme seurustella, Daniel sanoi toisilla treffeill\u00e4mme jotain, mik\u00e4 melkein sai minut l\u00e4htem\u00e4\u00e4n.<\/p>\n\n\n\n<p>&#171;Minulla on kaksi tyt\u00e4rt\u00e4&#187;, h\u00e4n sanoi. &#171;Grace on kuusivuotias, Emily nelj\u00e4vuotias. Heid\u00e4n \u00e4itins\u00e4 kuoli kolme vuotta sitten.&#187;<\/p>\n\n\n\n<figure class=\"wp-block-image size-large\"><img loading=\"lazy\" decoding=\"async\" width=\"819\" height=\"1024\" src=\"https:\/\/filan.am\/wp-content\/uploads\/2026\/04\/02222222222222222222-819x1024.jpg\" alt=\"\" class=\"wp-image-1624\" srcset=\"https:\/\/filan.am\/wp-content\/uploads\/2026\/04\/02222222222222222222-819x1024.jpg 819w, https:\/\/filan.am\/wp-content\/uploads\/2026\/04\/02222222222222222222-240x300.jpg 240w, https:\/\/filan.am\/wp-content\/uploads\/2026\/04\/02222222222222222222-768x960.jpg 768w, https:\/\/filan.am\/wp-content\/uploads\/2026\/04\/02222222222222222222.jpg 1080w\" sizes=\"auto, (max-width: 819px) 100vw, 819px\" \/><\/figure>\n\n\n\n<p>H\u00e4n puhui hiljaa, mutta tunsin h\u00e4nen \u00e4\u00e4nens\u00e4 painon.<br>Ojensin k\u00e4teni h\u00e4nen puoleensa.<\/p>\n\n\n\n<p>&#171;Kiitos, ett\u00e4 sanoit noin.&#187;<\/p>\n\n\n\n<p>H\u00e4n hymyili hieman.<\/p>\n\n\n\n<p>&#171;Jotkut ihmiset l\u00e4htev\u00e4t kuultuaan noin.&#187;<\/p>\n\n\n\n<p>&#171;Olen edelleen t\u00e4\u00e4ll\u00e4.&#187;<\/p>\n\n\n\n<p>Ja min\u00e4 j\u00e4in, todellakin.<br>Oli helppo rakastaa tytt\u00f6j\u00e4. Gracella oli ter\u00e4v\u00e4 mieli, h\u00e4n kysyi aina kysymyksi\u00e4, ik\u00e4\u00e4n kuin maailma olisi h\u00e4nelle velkaa vastaukset. Emily oli hiljaisempi. Aluksi h\u00e4n piiloutui is\u00e4ns\u00e4 taakse, sitten muutaman viikon kuluttua h\u00e4n istui syliss\u00e4ni kirja k\u00e4dess\u00e4\u00e4n, aivan kuten h\u00e4n oli aina tuntenut minut.<br>Tapasimme vuotta my\u00f6hemmin, sitten menimme naimisiin. Pienet h\u00e4\u00e4t j\u00e4rven rannalla. Vain perhe. Gracella oli seppele p\u00e4\u00e4ss\u00e4\u00e4n ja h\u00e4n kysyi kymmenen minuutin v\u00e4lein, milloin kakku olisi. Emily nukkui auringonlaskuun asti. Daniel vaikutti onnelliselta, mutta varovaiselta, aivan kuin h\u00e4n ei luottaisi onneen.<\/p>\n\n\n\n<p>H\u00e4iden j\u00e4lkeen muutin h\u00e4nen taloonsa.<\/p>\n\n\n\n<p>Talo oli l\u00e4mmin ja kaunis. Suuri keitti\u00f6, iso parveke, leluja kaikkialla, perhekuvia seinill\u00e4.<\/p>\n\n\n\n<p>Ja suljettu ovi, joka johti kellariin.<\/p>\n\n\n\n<p>Huomasin sen ensimm\u00e4isell\u00e4 viikolla.<\/p>\n\n\n\n<p>&#171;Miksi se on aina kiinni?&#187; kysyin er\u00e4\u00e4n\u00e4 iltana.<\/p>\n\n\n\n<p>Daniel sanoi k\u00e4\u00e4ntym\u00e4tt\u00e4 ymp\u00e4ri.<br>&#171;Se on varasto. Vanhoja tavaroita, ty\u00f6kaluja\u2026 En halua tytt\u00f6jen loukkaantuvan.&#187;<br>Vastaus oli hyv\u00e4ksytt\u00e4v\u00e4. Mutta jokin sis\u00e4ll\u00e4ni ei rauhoittunut.<\/p>\n\n\n\n<p>Joskus Grace katsoi ovea, varma, ettei kukaan katsonut.<\/p>\n\n\n\n<p>Joskus Emily tuli luokseni, seisoi hetken ja k\u00e4veli nopeasti pois.<br>Kerran n\u00e4in Gracen istuvan lattialla oven vieress\u00e4 ja tuijottavan ovenkahvaa.<br>&#171;Mit\u00e4 sin\u00e4 teet?&#187; kysyin.<br>&#171;Ei mit\u00e4\u00e4n.&#187;<br>Se oli outoa. Mutta ei tarpeeksi saadakseen minua v\u00e4ittelem\u00e4\u00e4n.<br>Kunnes p\u00e4iv\u00e4n\u00e4 kaikki muuttui.<br>Tyt\u00f6t olivat flunssassa, ja min\u00e4 j\u00e4in kotiin heid\u00e4n kanssaan. He nurisivat tunnin ajan, sitten heist\u00e4 tuli \u00e4\u00e4nek\u00e4s pieni myrsky.<br>&#171;Min\u00e4 kuolen&#187;, Grace ilmoitti sohvalta.<br>&#171;Sinulla on vain vuotava nen\u00e4&#187;, sanoin.<br>&#171;Min\u00e4kin kuolen&#187;, Emily sanoi aivastaen peittoon.<br>&#171;Se on niin traagista. Juo mehu.&#187;<br>He leikkiv\u00e4t piilosta keskip\u00e4iv\u00e4\u00e4n menness\u00e4.<br>&#171;\u00c4l\u00e4 juokse&#187;, huusin.<\/p>\n\n\n\n<p>He juoksivat.<br>\u2014 \u00c4l\u00e4 hypp\u00e4\u00e4 huonekaluilta.<br>\u2014 Se oli Emily, Grace huusi.<br>\u2014 Olen nuori, en tied\u00e4 s\u00e4\u00e4nt\u00f6j\u00e4, Emily vastasi.<\/p>\n\n\n\n<p>L\u00e4mmitin keittoa, kun Grace tuli luokseni ja veti minua k\u00e4dest\u00e4.<\/p>\n\n\n\n<p>H\u00e4nen kasvonsa olivat vakavat.<br>\u2014 Haluatko tavata \u00e4itini?<br>J\u00e4hmyin.<br>\u2014 Mit\u00e4?<br>H\u00e4n ny\u00f6kk\u00e4si.<br>\u2014 Haluatko n\u00e4hd\u00e4, miss\u00e4 h\u00e4n asuu?<br>Emily tuli taakseni.<br>\u2013 \u00c4iti on alakerrassa, h\u00e4n sanoi.<br>Syd\u00e4meni alkoi hakata.<br>Grace otti k\u00e4dest\u00e4ni kiinni ja johdatti minut k\u00e4yt\u00e4v\u00e4\u00e4 pitkin.<br>\u2013 Miss\u00e4 alakerrassa?<br>\u2013 Kellarissa. Tule.<br>Kaikki pahat ajatukset tulivat kerralla. Suljettu ovi. Salassapito. Kuollut nainen. Kellari, joka ei koskaan avautunut minulle.<br>Ovella h\u00e4n katsoi minua.<br>\u2013 Sinun t\u00e4ytyy vain avata se.<br>Minun olisi pit\u00e4nyt odottaa. Nyt tied\u00e4n.<br>Mutta k\u00e4teni t\u00e4risiv\u00e4t. Avasin hiusneulani ja yritin avata lukon.<br>Kuului napsahdus.<br>Avasin oven.<br>Sis\u00e4ll\u00e4 oli pime\u00e4\u00e4, leijui kostea haju.<br>Menin alas muutaman askelman\u2026 ja pelkoni muuttui.<br>Se ei ollut ruumis eik\u00e4 salainen kauhu.<br>Se oli pyh\u00e4kk\u00f6.<br>Vanha sohva, hyllyt t\u00e4ynn\u00e4 albumeita, valokuvia kaikkialla. Lasten kuvia. Laatikot. Pieni teep\u00f6yt\u00e4. Naisen villapaita tuolilla. Sadekeng\u00e4t. Televisio videonauhoineen.<br>\u2013 Ja is\u00e4 puhuu h\u00e4nelle, Grace sanoi.<br>Katsoin h\u00e4nt\u00e4.<br>\u2013 Mit\u00e4 sin\u00e4\u2026 sanoen, kulta?\u201d<\/p>\n\n\n\n<p>\u201dIs\u00e4 tuo meid\u00e4t t\u00e4nne \u00e4idin luokse.\u201d<\/p>\n\n\n\n<p>Emily halasi lelua.<br>\u201dKatsomme h\u00e4nt\u00e4 televisiosta.\u201d<br>Ymm\u00e4rsin.<\/p>\n\n\n\n<p>Danielin suru oli lukittuna siihen huoneeseen.<br>Ei rikos.<br>Ei salainen kauhu.<br>Jotain painavampaa.<br>Suru, joka asui suljetun oven takana.<br>Kun Daniel tuli kotiin ja n\u00e4ki oven auki, h\u00e4nen kasvonsa kalpenivat.<br>\u2014 Mit\u00e4 olet tehnyt?<br>Seisoin tytt\u00f6jen edess\u00e4.<br>\u2014 \u00c4l\u00e4 puhu minulle noin.<\/p>\n\n\n\n<p>H\u00e4n piteli p\u00e4\u00e4t\u00e4\u00e4n.<br>\u2014 Miksi se on auki?<br>\u2014 Koska tytt\u00e4resi luulee, ett\u00e4 h\u00e4nen \u00e4itins\u00e4 asuu t\u00e4\u00e4ll\u00e4.<br>Hiljaisuus.<br>Sitten tunnustus. Murtunut, raskas.<br>H\u00e4n ei ollut pystynyt p\u00e4\u00e4st\u00e4m\u00e4\u00e4n irti.<br>Eik\u00e4 h\u00e4n ollut pystynyt selitt\u00e4m\u00e4\u00e4n sit\u00e4 kunnolla.<br>Ja niin surusta oli tullut todellista lapsille.<br>Katsoin h\u00e4nt\u00e4.<br>\u2014 Sinun ei tarvitse unohtaa h\u00e4nt\u00e4. Mutta sinun on lopetettava teeskentely, ett\u00e4 h\u00e4n asuu t\u00e4\u00e4ll\u00e4.<br>Sin\u00e4 y\u00f6n\u00e4, kun kaikki nukkuivat, menin taas alakertaan. Huone ei ollut en\u00e4\u00e4 pelottava. Se oli vain raskas.<br>Otin kuvan. H\u00e4n hymyili. Se oli todellista. Rakas.<\/p>\n\n\n\n<p>Kun Daniel tuli alas, sanoin:<br>&#171;H\u00e4n ei asu&#187; t\u00e4\u00e4ll\u00e4. Surusi tekee niin.\u201d<\/p>\n\n\n\n<p>Seuraavana p\u00e4iv\u00e4n\u00e4 h\u00e4n istui tytt\u00f6jen kanssa.<br>\u201d\u00c4iti ei asu kellarissa\u201d, h\u00e4n sanoi hiljaa.<br>\u201dMutta me n\u00e4emme h\u00e4net\u201d, Grace kuiskasi.<br>\u201dSin\u00e4 n\u00e4et h\u00e4nen muistonsa.\u201d<br>Emily kysyi.<br>\u201dMiss\u00e4 h\u00e4n on?\u201d<br>\u201dSyd\u00e4miss\u00e4nne.\u201d<br>Viikkoa my\u00f6hemmin putki korjattiin.<br>Terapeutin numero ilmestyi j\u00e4\u00e4kaappiin.<br>Kellarin ovi ei en\u00e4\u00e4 ollut kiinni.<br>Ja mik\u00e4 t\u00e4rkeint\u00e4, kukaan ei en\u00e4\u00e4 teeskennellyt.<br>Olen edelleen t\u00e4\u00e4ll\u00e4.<br>Se ei ole satu.<br>Se on totta.<br>Jotkut avioliitot hajoavat hetkess\u00e4.<br>Meid\u00e4n avioliittomme avautui kosteassa kellarissa, joka haisi vanhalle surulle.<br>Mutta nyt, kun k\u00e4velemme tuon oven ohi, emme en\u00e4\u00e4 valehtele itsellemme.<\/p>\n","protected":false},"excerpt":{"rendered":"Luulin liittyv\u00e4ni perheeseen, joka oli jo k\u00e4ynyt l\u00e4pi kovimman koetuksensa. Mutta Danielin vanhimman tytt\u00e4ren pieni sana sai minut ymm\u00e4rt\u00e4m\u00e4\u00e4n, ett\u00e4 jokin ei ollut \n<a class=\"moretag\" href=\"https:\/\/filan.am\/?p=1623\"> [...]<\/a>","protected":false},"author":1,"featured_media":1624,"comment_status":"open","ping_status":"open","sticky":false,"template":"","format":"standard","meta":{"footnotes":""},"categories":[1],"tags":[],"class_list":["post-1623","post","type-post","status-publish","format-standard","has-post-thumbnail","hentry","category-news"],"yoast_head":"<!-- This site is optimized with the Yoast SEO plugin v27.5 - https:\/\/yoast.com\/product\/yoast-seo-wordpress\/ -->\n<title>Menin naimisiin lesken kanssa, jolla oli kaksi tyt\u00e4rt\u00e4 \u2013 sitten toinen heist\u00e4 johdatti minut kellariin ja kysyi, haluaisinko n\u00e4hd\u00e4, miss\u00e4 h\u00e4nen \u00e4itins\u00e4 asuu -<\/title>\n<meta name=\"robots\" content=\"index, follow, max-snippet:-1, max-image-preview:large, max-video-preview:-1\" \/>\n<link rel=\"canonical\" href=\"https:\/\/filan.am\/?p=1623\" \/>\n<meta property=\"og:locale\" content=\"ru_RU\" \/>\n<meta property=\"og:type\" content=\"article\" \/>\n<meta property=\"og:title\" content=\"Menin naimisiin lesken kanssa, jolla oli kaksi tyt\u00e4rt\u00e4 \u2013 sitten toinen heist\u00e4 johdatti minut kellariin ja kysyi, haluaisinko n\u00e4hd\u00e4, miss\u00e4 h\u00e4nen \u00e4itins\u00e4 asuu -\" \/>\n<meta property=\"og:description\" content=\"Luulin liittyv\u00e4ni perheeseen, joka oli jo k\u00e4ynyt l\u00e4pi kovimman koetuksensa. Mutta Danielin vanhimman tytt\u00e4ren pieni sana sai minut ymm\u00e4rt\u00e4m\u00e4\u00e4n, ett\u00e4 jokin ei ollut\" \/>\n<meta property=\"og:url\" content=\"https:\/\/filan.am\/?p=1623\" \/>\n<meta property=\"article:published_time\" content=\"2026-04-29T16:22:53+00:00\" \/>\n<meta property=\"og:image\" content=\"https:\/\/filan.am\/wp-content\/uploads\/2026\/04\/02222222222222222222.jpg\" \/>\n\t<meta property=\"og:image:width\" content=\"1080\" \/>\n\t<meta property=\"og:image:height\" content=\"1350\" \/>\n\t<meta property=\"og:image:type\" content=\"image\/jpeg\" \/>\n<meta name=\"author\" content=\"filanam\" \/>\n<meta name=\"twitter:card\" content=\"summary_large_image\" \/>\n<meta name=\"twitter:label1\" content=\"\u041d\u0430\u043f\u0438\u0441\u0430\u043d\u043e \u0430\u0432\u0442\u043e\u0440\u043e\u043c\" \/>\n\t<meta name=\"twitter:data1\" content=\"filanam\" \/>\n\t<meta name=\"twitter:label2\" content=\"\u041f\u0440\u0438\u043c\u0435\u0440\u043d\u043e\u0435 \u0432\u0440\u0435\u043c\u044f \u0434\u043b\u044f \u0447\u0442\u0435\u043d\u0438\u044f\" \/>\n\t<meta name=\"twitter:data2\" content=\"5 \u043c\u0438\u043d\u0443\u0442\" \/>\n<script type=\"application\/ld+json\" class=\"yoast-schema-graph\">{\"@context\":\"https:\\\/\\\/schema.org\",\"@graph\":[{\"@type\":\"Article\",\"@id\":\"https:\\\/\\\/filan.am\\\/?p=1623#article\",\"isPartOf\":{\"@id\":\"https:\\\/\\\/filan.am\\\/?p=1623\"},\"author\":{\"name\":\"filanam\",\"@id\":\"https:\\\/\\\/filan.am\\\/#\\\/schema\\\/person\\\/b51c4ec26a4fec8a4f9b3ae0356b8f23\"},\"headline\":\"Menin naimisiin lesken kanssa, jolla oli kaksi tyt\u00e4rt\u00e4 \u2013 sitten toinen heist\u00e4 johdatti minut kellariin ja kysyi, haluaisinko n\u00e4hd\u00e4, miss\u00e4 h\u00e4nen \u00e4itins\u00e4 asuu\",\"datePublished\":\"2026-04-29T16:22:53+00:00\",\"mainEntityOfPage\":{\"@id\":\"https:\\\/\\\/filan.am\\\/?p=1623\"},\"wordCount\":894,\"commentCount\":0,\"image\":{\"@id\":\"https:\\\/\\\/filan.am\\\/?p=1623#primaryimage\"},\"thumbnailUrl\":\"https:\\\/\\\/filan.am\\\/wp-content\\\/uploads\\\/2026\\\/04\\\/02222222222222222222.jpg\",\"articleSection\":[\"NEWS\"],\"inLanguage\":\"ru-RU\",\"potentialAction\":[{\"@type\":\"CommentAction\",\"name\":\"Comment\",\"target\":[\"https:\\\/\\\/filan.am\\\/?p=1623#respond\"]}]},{\"@type\":\"WebPage\",\"@id\":\"https:\\\/\\\/filan.am\\\/?p=1623\",\"url\":\"https:\\\/\\\/filan.am\\\/?p=1623\",\"name\":\"Menin naimisiin lesken kanssa, jolla oli kaksi tyt\u00e4rt\u00e4 \u2013 sitten toinen heist\u00e4 johdatti minut kellariin ja kysyi, haluaisinko n\u00e4hd\u00e4, miss\u00e4 h\u00e4nen \u00e4itins\u00e4 asuu -\",\"isPartOf\":{\"@id\":\"https:\\\/\\\/filan.am\\\/#website\"},\"primaryImageOfPage\":{\"@id\":\"https:\\\/\\\/filan.am\\\/?p=1623#primaryimage\"},\"image\":{\"@id\":\"https:\\\/\\\/filan.am\\\/?p=1623#primaryimage\"},\"thumbnailUrl\":\"https:\\\/\\\/filan.am\\\/wp-content\\\/uploads\\\/2026\\\/04\\\/02222222222222222222.jpg\",\"datePublished\":\"2026-04-29T16:22:53+00:00\",\"author\":{\"@id\":\"https:\\\/\\\/filan.am\\\/#\\\/schema\\\/person\\\/b51c4ec26a4fec8a4f9b3ae0356b8f23\"},\"breadcrumb\":{\"@id\":\"https:\\\/\\\/filan.am\\\/?p=1623#breadcrumb\"},\"inLanguage\":\"ru-RU\",\"potentialAction\":[{\"@type\":\"ReadAction\",\"target\":[\"https:\\\/\\\/filan.am\\\/?p=1623\"]}]},{\"@type\":\"ImageObject\",\"inLanguage\":\"ru-RU\",\"@id\":\"https:\\\/\\\/filan.am\\\/?p=1623#primaryimage\",\"url\":\"https:\\\/\\\/filan.am\\\/wp-content\\\/uploads\\\/2026\\\/04\\\/02222222222222222222.jpg\",\"contentUrl\":\"https:\\\/\\\/filan.am\\\/wp-content\\\/uploads\\\/2026\\\/04\\\/02222222222222222222.jpg\",\"width\":1080,\"height\":1350},{\"@type\":\"BreadcrumbList\",\"@id\":\"https:\\\/\\\/filan.am\\\/?p=1623#breadcrumb\",\"itemListElement\":[{\"@type\":\"ListItem\",\"position\":1,\"name\":\"\u0413\u043b\u0430\u0432\u043d\u0430\u044f \u0441\u0442\u0440\u0430\u043d\u0438\u0446\u0430\",\"item\":\"https:\\\/\\\/filan.am\\\/\"},{\"@type\":\"ListItem\",\"position\":2,\"name\":\"Menin naimisiin lesken kanssa, jolla oli kaksi tyt\u00e4rt\u00e4 \u2013 sitten toinen heist\u00e4 johdatti minut kellariin ja kysyi, haluaisinko n\u00e4hd\u00e4, miss\u00e4 h\u00e4nen \u00e4itins\u00e4 asuu\"}]},{\"@type\":\"WebSite\",\"@id\":\"https:\\\/\\\/filan.am\\\/#website\",\"url\":\"https:\\\/\\\/filan.am\\\/\",\"name\":\"\",\"description\":\"\",\"potentialAction\":[{\"@type\":\"SearchAction\",\"target\":{\"@type\":\"EntryPoint\",\"urlTemplate\":\"https:\\\/\\\/filan.am\\\/?s={search_term_string}\"},\"query-input\":{\"@type\":\"PropertyValueSpecification\",\"valueRequired\":true,\"valueName\":\"search_term_string\"}}],\"inLanguage\":\"ru-RU\"},{\"@type\":\"Person\",\"@id\":\"https:\\\/\\\/filan.am\\\/#\\\/schema\\\/person\\\/b51c4ec26a4fec8a4f9b3ae0356b8f23\",\"name\":\"filanam\",\"image\":{\"@type\":\"ImageObject\",\"inLanguage\":\"ru-RU\",\"@id\":\"https:\\\/\\\/secure.gravatar.com\\\/avatar\\\/a24f4ac3a683f3c87303db525abc00db51ea26ccedee11dfaf1cc0f9a481a5d2?s=96&d=mm&r=g\",\"url\":\"https:\\\/\\\/secure.gravatar.com\\\/avatar\\\/a24f4ac3a683f3c87303db525abc00db51ea26ccedee11dfaf1cc0f9a481a5d2?s=96&d=mm&r=g\",\"contentUrl\":\"https:\\\/\\\/secure.gravatar.com\\\/avatar\\\/a24f4ac3a683f3c87303db525abc00db51ea26ccedee11dfaf1cc0f9a481a5d2?s=96&d=mm&r=g\",\"caption\":\"filanam\"},\"sameAs\":[\"http:\\\/\\\/filan.am\"],\"url\":\"https:\\\/\\\/filan.am\\\/?author=1\"}]}<\/script>\n<!-- \/ Yoast SEO plugin. -->","yoast_head_json":{"title":"Menin naimisiin lesken kanssa, jolla oli kaksi tyt\u00e4rt\u00e4 \u2013 sitten toinen heist\u00e4 johdatti minut kellariin ja kysyi, haluaisinko n\u00e4hd\u00e4, miss\u00e4 h\u00e4nen \u00e4itins\u00e4 asuu -","robots":{"index":"index","follow":"follow","max-snippet":"max-snippet:-1","max-image-preview":"max-image-preview:large","max-video-preview":"max-video-preview:-1"},"canonical":"https:\/\/filan.am\/?p=1623","og_locale":"ru_RU","og_type":"article","og_title":"Menin naimisiin lesken kanssa, jolla oli kaksi tyt\u00e4rt\u00e4 \u2013 sitten toinen heist\u00e4 johdatti minut kellariin ja kysyi, haluaisinko n\u00e4hd\u00e4, miss\u00e4 h\u00e4nen \u00e4itins\u00e4 asuu -","og_description":"Luulin liittyv\u00e4ni perheeseen, joka oli jo k\u00e4ynyt l\u00e4pi kovimman koetuksensa. Mutta Danielin vanhimman tytt\u00e4ren pieni sana sai minut ymm\u00e4rt\u00e4m\u00e4\u00e4n, ett\u00e4 jokin ei ollut","og_url":"https:\/\/filan.am\/?p=1623","article_published_time":"2026-04-29T16:22:53+00:00","og_image":[{"width":1080,"height":1350,"url":"https:\/\/filan.am\/wp-content\/uploads\/2026\/04\/02222222222222222222.jpg","type":"image\/jpeg"}],"author":"filanam","twitter_card":"summary_large_image","twitter_misc":{"\u041d\u0430\u043f\u0438\u0441\u0430\u043d\u043e \u0430\u0432\u0442\u043e\u0440\u043e\u043c":"filanam","\u041f\u0440\u0438\u043c\u0435\u0440\u043d\u043e\u0435 \u0432\u0440\u0435\u043c\u044f \u0434\u043b\u044f \u0447\u0442\u0435\u043d\u0438\u044f":"5 \u043c\u0438\u043d\u0443\u0442"},"schema":{"@context":"https:\/\/schema.org","@graph":[{"@type":"Article","@id":"https:\/\/filan.am\/?p=1623#article","isPartOf":{"@id":"https:\/\/filan.am\/?p=1623"},"author":{"name":"filanam","@id":"https:\/\/filan.am\/#\/schema\/person\/b51c4ec26a4fec8a4f9b3ae0356b8f23"},"headline":"Menin naimisiin lesken kanssa, jolla oli kaksi tyt\u00e4rt\u00e4 \u2013 sitten toinen heist\u00e4 johdatti minut kellariin ja kysyi, haluaisinko n\u00e4hd\u00e4, miss\u00e4 h\u00e4nen \u00e4itins\u00e4 asuu","datePublished":"2026-04-29T16:22:53+00:00","mainEntityOfPage":{"@id":"https:\/\/filan.am\/?p=1623"},"wordCount":894,"commentCount":0,"image":{"@id":"https:\/\/filan.am\/?p=1623#primaryimage"},"thumbnailUrl":"https:\/\/filan.am\/wp-content\/uploads\/2026\/04\/02222222222222222222.jpg","articleSection":["NEWS"],"inLanguage":"ru-RU","potentialAction":[{"@type":"CommentAction","name":"Comment","target":["https:\/\/filan.am\/?p=1623#respond"]}]},{"@type":"WebPage","@id":"https:\/\/filan.am\/?p=1623","url":"https:\/\/filan.am\/?p=1623","name":"Menin naimisiin lesken kanssa, jolla oli kaksi tyt\u00e4rt\u00e4 \u2013 sitten toinen heist\u00e4 johdatti minut kellariin ja kysyi, haluaisinko n\u00e4hd\u00e4, miss\u00e4 h\u00e4nen \u00e4itins\u00e4 asuu -","isPartOf":{"@id":"https:\/\/filan.am\/#website"},"primaryImageOfPage":{"@id":"https:\/\/filan.am\/?p=1623#primaryimage"},"image":{"@id":"https:\/\/filan.am\/?p=1623#primaryimage"},"thumbnailUrl":"https:\/\/filan.am\/wp-content\/uploads\/2026\/04\/02222222222222222222.jpg","datePublished":"2026-04-29T16:22:53+00:00","author":{"@id":"https:\/\/filan.am\/#\/schema\/person\/b51c4ec26a4fec8a4f9b3ae0356b8f23"},"breadcrumb":{"@id":"https:\/\/filan.am\/?p=1623#breadcrumb"},"inLanguage":"ru-RU","potentialAction":[{"@type":"ReadAction","target":["https:\/\/filan.am\/?p=1623"]}]},{"@type":"ImageObject","inLanguage":"ru-RU","@id":"https:\/\/filan.am\/?p=1623#primaryimage","url":"https:\/\/filan.am\/wp-content\/uploads\/2026\/04\/02222222222222222222.jpg","contentUrl":"https:\/\/filan.am\/wp-content\/uploads\/2026\/04\/02222222222222222222.jpg","width":1080,"height":1350},{"@type":"BreadcrumbList","@id":"https:\/\/filan.am\/?p=1623#breadcrumb","itemListElement":[{"@type":"ListItem","position":1,"name":"\u0413\u043b\u0430\u0432\u043d\u0430\u044f \u0441\u0442\u0440\u0430\u043d\u0438\u0446\u0430","item":"https:\/\/filan.am\/"},{"@type":"ListItem","position":2,"name":"Menin naimisiin lesken kanssa, jolla oli kaksi tyt\u00e4rt\u00e4 \u2013 sitten toinen heist\u00e4 johdatti minut kellariin ja kysyi, haluaisinko n\u00e4hd\u00e4, miss\u00e4 h\u00e4nen \u00e4itins\u00e4 asuu"}]},{"@type":"WebSite","@id":"https:\/\/filan.am\/#website","url":"https:\/\/filan.am\/","name":"","description":"","potentialAction":[{"@type":"SearchAction","target":{"@type":"EntryPoint","urlTemplate":"https:\/\/filan.am\/?s={search_term_string}"},"query-input":{"@type":"PropertyValueSpecification","valueRequired":true,"valueName":"search_term_string"}}],"inLanguage":"ru-RU"},{"@type":"Person","@id":"https:\/\/filan.am\/#\/schema\/person\/b51c4ec26a4fec8a4f9b3ae0356b8f23","name":"filanam","image":{"@type":"ImageObject","inLanguage":"ru-RU","@id":"https:\/\/secure.gravatar.com\/avatar\/a24f4ac3a683f3c87303db525abc00db51ea26ccedee11dfaf1cc0f9a481a5d2?s=96&d=mm&r=g","url":"https:\/\/secure.gravatar.com\/avatar\/a24f4ac3a683f3c87303db525abc00db51ea26ccedee11dfaf1cc0f9a481a5d2?s=96&d=mm&r=g","contentUrl":"https:\/\/secure.gravatar.com\/avatar\/a24f4ac3a683f3c87303db525abc00db51ea26ccedee11dfaf1cc0f9a481a5d2?s=96&d=mm&r=g","caption":"filanam"},"sameAs":["http:\/\/filan.am"],"url":"https:\/\/filan.am\/?author=1"}]}},"_links":{"self":[{"href":"https:\/\/filan.am\/index.php?rest_route=\/wp\/v2\/posts\/1623","targetHints":{"allow":["GET"]}}],"collection":[{"href":"https:\/\/filan.am\/index.php?rest_route=\/wp\/v2\/posts"}],"about":[{"href":"https:\/\/filan.am\/index.php?rest_route=\/wp\/v2\/types\/post"}],"author":[{"embeddable":true,"href":"https:\/\/filan.am\/index.php?rest_route=\/wp\/v2\/users\/1"}],"replies":[{"embeddable":true,"href":"https:\/\/filan.am\/index.php?rest_route=%2Fwp%2Fv2%2Fcomments&post=1623"}],"version-history":[{"count":1,"href":"https:\/\/filan.am\/index.php?rest_route=\/wp\/v2\/posts\/1623\/revisions"}],"predecessor-version":[{"id":1625,"href":"https:\/\/filan.am\/index.php?rest_route=\/wp\/v2\/posts\/1623\/revisions\/1625"}],"wp:featuredmedia":[{"embeddable":true,"href":"https:\/\/filan.am\/index.php?rest_route=\/wp\/v2\/media\/1624"}],"wp:attachment":[{"href":"https:\/\/filan.am\/index.php?rest_route=%2Fwp%2Fv2%2Fmedia&parent=1623"}],"wp:term":[{"taxonomy":"category","embeddable":true,"href":"https:\/\/filan.am\/index.php?rest_route=%2Fwp%2Fv2%2Fcategories&post=1623"},{"taxonomy":"post_tag","embeddable":true,"href":"https:\/\/filan.am\/index.php?rest_route=%2Fwp%2Fv2%2Ftags&post=1623"}],"curies":[{"name":"wp","href":"https:\/\/api.w.org\/{rel}","templated":true}]}}